{"id":93882,"date":"2025-08-12T20:53:53","date_gmt":"2025-08-13T02:53:53","guid":{"rendered":"https:\/\/www.interaccionnoticias.com.mx\/?p=93882"},"modified":"2025-08-12T21:16:35","modified_gmt":"2025-08-13T03:16:35","slug":"por-delincuencia-organizada-fgr-detiene-a-pedro-segura-valladares-ex-candidato-a-gobernador-de-guerrero","status":"publish","type":"post","link":"https:\/\/www.interaccionnoticias.com.mx\/?p=93882","title":{"rendered":"Por delincuencia organizada, FGR detiene a Pedro Segura Valladares"},"content":{"rendered":"\n<p><strong><em>&#8212; El empresario fue abordado por agentes federales cuando sal\u00eda de su hotel Vida en el Lago, en Tepecoacuilco<br>&#8212; El hecho fue transmitido en vivo, desde su p\u00e1gina de Facebook<br>&#8212; Lo requiere un juez federal en Toluca, Estado de M\u00e9xico<br>&#8212; Es conocido por apadrinar escuelas y regalar veh\u00edculos, computadoras y sobres con dinero<\/em><\/strong><\/p>\n\n\n\n<p><strong>Rogelio Agust\u00edn<\/strong><\/p>\n\n\n\n<p>El empresario Pedro Segura Valladares fue detenido por elementos de la Fiscal\u00eda General de la Rep\u00fablica (FGR), acusado de delincuencia organizada.<\/p>\n\n\n\n<p>El momento de la captura fue transmitido en vivo desde el la p\u00e1gina de Facebook del tambi\u00e9n empresario radicado en Tepecoacuilco, municipio ubicado en la regi\u00f3n Norte de Guerrero.<\/p>\n\n\n\n<p>A las 19:44 minutos del martes 12 de agosto, Segura Valladares transmiti\u00f3 el momento en que baja de un veh\u00edculo de su propiedad y saluda a un grupo de agentes de la FGR que se encuentran en la entrada del hotel Villa en el Lago, ubicado sobre la carretera interestatal Iguala-Tepecoacuilco de Trujano.<\/p>\n\n\n\n<p>Tras la salutaci\u00f3n inicial, una agente federal le solicita un documento con el que pueda identificarse, mientras abre su cartera para proporcionar una credencial, otro agente le pregunta si \u00e9l y quienes lo acompa\u00f1an se encuentran armados, a lo que \u00e9l responde de manera negativa y complementa con una pregunta: \u00bfNos ven cara de delincuentes?<\/p>\n\n\n\n<p>El empresario Segura se\u00f1ala a los oficiales que lo abordan: \u201cEl que anda conmigo no va a andar con desmadres hermano\u201d.<\/p>\n\n\n\n<p>La oficial viste una chamarra negra con las siglas de FGR, tras corroborar la identidad le informa que se encuentra en el lugar para notificarle que tiene una orden de aprehensi\u00f3n, a lo que \u00e9l de manera instant\u00e1nea lanza una acusaci\u00f3n: \u201cLos mand\u00f3 F\u00e9lix Salgado yo s\u00e9\u201d.<\/p>\n\n\n\n<p>-No, nosotros no tenemos tintes pol\u00edticos, nosotros nada m\u00e1s estamos haciendo nuestro trabajo-, le replican los oficiales.<\/p>\n\n\n\n<p>Una vez hecha la aclaraci\u00f3n, la agente que est\u00e1 al frente le precisa la imputaci\u00f3n que existe en su contra: \u201cLe entrego copia de la orden de aprehensi\u00f3n por el delito de delincuencia organizada\u201d, enseguida le se\u00f1ala que lo est\u00e1 requiriendo un juez federal en Toluca, estado de M\u00e9xico.<\/p>\n\n\n\n<p>Le inform\u00f3 adem\u00e1s que lo trasladar\u00edan a la sede de la FGR en Cuernavaca, estado de Morelos, donde antes ser\u00eda certificado.<\/p>\n\n\n\n<p>Enseguida le leyeron sus derechos y lo hicieron abordar un veh\u00edculo compacto de color blanco al cual no se le aprecian logotipos, pero se deduce que se trata de una unidad policial por las torretas colocadas al frente.<\/p>\n\n\n\n<p>En los \u00faltimos segundos de la transmisi\u00f3n se perdi\u00f3 el audio, pero antes de abordar la unidad de FGR, Pedro Segura se dirigi\u00f3 a quien realizaba la transmisi\u00f3n y levant\u00f3 el dedo pulga de la mano derecha, como infundiendo \u00e1nimos a quienes en la transmisi\u00f3n preguntaba qu\u00e9 era lo que suced\u00eda.<\/p>\n\n\n\n<p>Desde el fin de semana, el empresario denunci\u00f3 que se hab\u00eda percatado de que era seguido por desconocidos, aunque \u00e9l asegur\u00f3 que se trataba de \u201cgente de la ma\u00f1a\u201d.<\/p>\n\n\n\n<p>En su transmisi\u00f3n del s\u00e1bado, dijo que ya sab\u00eda quienes lo segu\u00edan y los ret\u00f3 a acudir a Vida en el Lago, donde asegur\u00f3 que los estar\u00eda esperando.<\/p>\n\n\n\n<p>Tambi\u00e9n ha reconocido p\u00fablicamente que se ha reunido con diferentes l\u00edderes del crimen organizado, pero aclara siempre que no sostiene ning\u00fan pacto.<\/p>\n\n\n\n<p>\u201cMe he reunido con Dios y tambi\u00e9n con el diablo\u201d, ha dicho recurrentemente en sus transmisiones.<\/p>\n\n\n\n<p>En 2023 fue acusado por el abogado de los padres de los 43, Vidulfo Rosales Sierra de propiciar la divisi\u00f3n del colectivo que reivindica la b\u00fasqueda en vida de los estudiantes de la Normal Rural de Ayotzinapa, desaparecidos desde la noche del 26 de septiembre de 2014.<\/p>\n\n\n\n<p>Incluso, ha convocado a marchas para exigir la liberaci\u00f3n del ex alcalde de Iguala Jos\u00e9 Luis Abarca Vel\u00e1zquez, preso por sus v\u00ednculos con el grupo delictivo conocido como Guerreros Unidos (GU).<\/p>\n\n\n\n<p>Entre otras cosas, Pedro Segura es popular por apadrinar escuelas y regalar veh\u00edculos, computadoras y sobres de dinero.<\/p>\n\n\n\n<p>Suele mostrar recurrentemente sus vuelos en helic\u00f3ptero y tambi\u00e9n sostiene que mantiene comunicaci\u00f3n permanente con \u00f3rganos policiales de los Estados Unidos de Norteam\u00e9rica, a donde viaja de manera recurrente para atender sus negocios, relacionados principalmente con el \u00e1rea de la medicina.<\/p>\n\n\n\n<p>Tambi\u00e9n se ha asumido como copropietario del rancho Las Siete Maravillas, que en vida fuera propiedad del cantautor Joan Sebasti\u00e1n, lugar en el que recurrentemente organiza visitas guiadas.<\/p>\n\n\n\n<figure class=\"wp-block-gallery has-nested-images columns-default is-cropped wp-block-gallery-1 is-layout-flex wp-block-gallery-is-layout-flex\">\n<figure class=\"wp-block-image size-large\"><img decoding=\"async\" src=\"data:image\/gif;base64,R0lGODlhAQABAIAAAAAAAP\/\/\/ywAAAAAAQABAAACAUwAOw==\" fifu-lazy=\"1\" fifu-data-sizes=\"auto\" fifu-data-srcset=\"https:\/\/i1.wp.com\/www.interaccionnoticias.com.mx\/wp-content\/uploads\/2025\/08\/250812-Pedro-Segura-Valladares-2.jpg?ssl=1&w=75&resize=75&ssl=1 75w, https:\/\/i1.wp.com\/www.interaccionnoticias.com.mx\/wp-content\/uploads\/2025\/08\/250812-Pedro-Segura-Valladares-2.jpg?ssl=1&w=100&resize=100&ssl=1 100w, https:\/\/i1.wp.com\/www.interaccionnoticias.com.mx\/wp-content\/uploads\/2025\/08\/250812-Pedro-Segura-Valladares-2.jpg?ssl=1&w=150&resize=150&ssl=1 150w, https:\/\/i1.wp.com\/www.interaccionnoticias.com.mx\/wp-content\/uploads\/2025\/08\/250812-Pedro-Segura-Valladares-2.jpg?ssl=1&w=240&resize=240&ssl=1 240w, https:\/\/i1.wp.com\/www.interaccionnoticias.com.mx\/wp-content\/uploads\/2025\/08\/250812-Pedro-Segura-Valladares-2.jpg?ssl=1&w=320&resize=320&ssl=1 320w, https:\/\/i1.wp.com\/www.interaccionnoticias.com.mx\/wp-content\/uploads\/2025\/08\/250812-Pedro-Segura-Valladares-2.jpg?ssl=1&w=500&resize=500&ssl=1 500w, https:\/\/i1.wp.com\/www.interaccionnoticias.com.mx\/wp-content\/uploads\/2025\/08\/250812-Pedro-Segura-Valladares-2.jpg?ssl=1&w=640&resize=640&ssl=1 640w, https:\/\/i1.wp.com\/www.interaccionnoticias.com.mx\/wp-content\/uploads\/2025\/08\/250812-Pedro-Segura-Valladares-2.jpg?ssl=1&w=800&resize=800&ssl=1 800w, https:\/\/i1.wp.com\/www.interaccionnoticias.com.mx\/wp-content\/uploads\/2025\/08\/250812-Pedro-Segura-Valladares-2.jpg?ssl=1&w=1024&resize=1024&ssl=1 1024w, https:\/\/i1.wp.com\/www.interaccionnoticias.com.mx\/wp-content\/uploads\/2025\/08\/250812-Pedro-Segura-Valladares-2.jpg?ssl=1&w=1280&resize=1280&ssl=1 1280w, https:\/\/i1.wp.com\/www.interaccionnoticias.com.mx\/wp-content\/uploads\/2025\/08\/250812-Pedro-Segura-Valladares-2.jpg?ssl=1&w=1600&resize=1600&ssl=1 1600w\" data-id=\"93883\" fifu-data-src=\"https:\/\/i1.wp.com\/www.interaccionnoticias.com.mx\/wp-content\/uploads\/2025\/08\/250812-Pedro-Segura-Valladares-2.jpg?ssl=1\" alt=\"\" class=\"wp-image-93883\"\/><\/figure>\n\n\n\n<figure class=\"wp-block-image size-large\"><img decoding=\"async\" src=\"data:image\/gif;base64,R0lGODlhAQABAIAAAAAAAP\/\/\/ywAAAAAAQABAAACAUwAOw==\" fifu-lazy=\"1\" fifu-data-sizes=\"auto\" fifu-data-srcset=\"https:\/\/i1.wp.com\/www.interaccionnoticias.com.mx\/wp-content\/uploads\/2025\/08\/250812-Pedro-Segura-Valladares-1.jpg?ssl=1&w=75&resize=75&ssl=1 75w, https:\/\/i1.wp.com\/www.interaccionnoticias.com.mx\/wp-content\/uploads\/2025\/08\/250812-Pedro-Segura-Valladares-1.jpg?ssl=1&w=100&resize=100&ssl=1 100w, https:\/\/i1.wp.com\/www.interaccionnoticias.com.mx\/wp-content\/uploads\/2025\/08\/250812-Pedro-Segura-Valladares-1.jpg?ssl=1&w=150&resize=150&ssl=1 150w, https:\/\/i1.wp.com\/www.interaccionnoticias.com.mx\/wp-content\/uploads\/2025\/08\/250812-Pedro-Segura-Valladares-1.jpg?ssl=1&w=240&resize=240&ssl=1 240w, https:\/\/i1.wp.com\/www.interaccionnoticias.com.mx\/wp-content\/uploads\/2025\/08\/250812-Pedro-Segura-Valladares-1.jpg?ssl=1&w=320&resize=320&ssl=1 320w, https:\/\/i1.wp.com\/www.interaccionnoticias.com.mx\/wp-content\/uploads\/2025\/08\/250812-Pedro-Segura-Valladares-1.jpg?ssl=1&w=500&resize=500&ssl=1 500w, https:\/\/i1.wp.com\/www.interaccionnoticias.com.mx\/wp-content\/uploads\/2025\/08\/250812-Pedro-Segura-Valladares-1.jpg?ssl=1&w=640&resize=640&ssl=1 640w, https:\/\/i1.wp.com\/www.interaccionnoticias.com.mx\/wp-content\/uploads\/2025\/08\/250812-Pedro-Segura-Valladares-1.jpg?ssl=1&w=800&resize=800&ssl=1 800w, https:\/\/i1.wp.com\/www.interaccionnoticias.com.mx\/wp-content\/uploads\/2025\/08\/250812-Pedro-Segura-Valladares-1.jpg?ssl=1&w=1024&resize=1024&ssl=1 1024w, https:\/\/i1.wp.com\/www.interaccionnoticias.com.mx\/wp-content\/uploads\/2025\/08\/250812-Pedro-Segura-Valladares-1.jpg?ssl=1&w=1280&resize=1280&ssl=1 1280w, https:\/\/i1.wp.com\/www.interaccionnoticias.com.mx\/wp-content\/uploads\/2025\/08\/250812-Pedro-Segura-Valladares-1.jpg?ssl=1&w=1600&resize=1600&ssl=1 1600w\" data-id=\"93884\" fifu-data-src=\"https:\/\/i1.wp.com\/www.interaccionnoticias.com.mx\/wp-content\/uploads\/2025\/08\/250812-Pedro-Segura-Valladares-1.jpg?ssl=1\" alt=\"\" class=\"wp-image-93884\"\/><\/figure>\n<\/figure>\n","protected":false},"excerpt":{"rendered":"<p>&#8212; El empresario fue abordado por agentes federales cuando sal\u00eda de su hotel Vida en el Lago, en Tepecoacuilco&#8212; El hecho fue transmitido en vivo, desde su p\u00e1gina de Facebook&#8212;&hellip; <\/p>\n","protected":false},"author":21,"featured_media":93886,"comment_status":"open","ping_status":"open","sticky":false,"template":"","format":"standard","meta":{"fifu_image_url":"https:\/\/www.interaccionnoticias.com.mx\/wp-content\/uploads\/2025\/08\/250812-Pedro-Segura-Valladares-1.jpg","fifu_image_alt":"","footnotes":""},"categories":[11],"tags":[],"class_list":["post-93882","post","type-post","status-publish","format-standard","has-post-thumbnail","hentry","category-guerrero"],"_links":{"self":[{"href":"https:\/\/www.interaccionnoticias.com.mx\/index.php?rest_route=\/wp\/v2\/posts\/93882","targetHints":{"allow":["GET"]}}],"collection":[{"href":"https:\/\/www.interaccionnoticias.com.mx\/index.php?rest_route=\/wp\/v2\/posts"}],"about":[{"href":"https:\/\/www.interaccionnoticias.com.mx\/index.php?rest_route=\/wp\/v2\/types\/post"}],"author":[{"embeddable":true,"href":"https:\/\/www.interaccionnoticias.com.mx\/index.php?rest_route=\/wp\/v2\/users\/21"}],"replies":[{"embeddable":true,"href":"https:\/\/www.interaccionnoticias.com.mx\/index.php?rest_route=%2Fwp%2Fv2%2Fcomments&post=93882"}],"version-history":[{"count":2,"href":"https:\/\/www.interaccionnoticias.com.mx\/index.php?rest_route=\/wp\/v2\/posts\/93882\/revisions"}],"predecessor-version":[{"id":93891,"href":"https:\/\/www.interaccionnoticias.com.mx\/index.php?rest_route=\/wp\/v2\/posts\/93882\/revisions\/93891"}],"wp:featuredmedia":[{"embeddable":true,"href":"https:\/\/www.interaccionnoticias.com.mx\/index.php?rest_route=\/wp\/v2\/media\/93886"}],"wp:attachment":[{"href":"https:\/\/www.interaccionnoticias.com.mx\/index.php?rest_route=%2Fwp%2Fv2%2Fmedia&parent=93882"}],"wp:term":[{"taxonomy":"category","embeddable":true,"href":"https:\/\/www.interaccionnoticias.com.mx\/index.php?rest_route=%2Fwp%2Fv2%2Fcategories&post=93882"},{"taxonomy":"post_tag","embeddable":true,"href":"https:\/\/www.interaccionnoticias.com.mx\/index.php?rest_route=%2Fwp%2Fv2%2Ftags&post=93882"}],"curies":[{"name":"wp","href":"https:\/\/api.w.org\/{rel}","templated":true}]}}