{"id":9387,"date":"2017-10-19T12:04:37","date_gmt":"2017-10-19T17:04:37","guid":{"rendered":"http:\/\/www.inter-accion.com.mx\/?p=9387"},"modified":"2017-10-19T12:04:37","modified_gmt":"2017-10-19T17:04:37","slug":"astudillo-indicadores-en-materia-de-seguridad-deben-mejorar","status":"publish","type":"post","link":"https:\/\/www.interaccionnoticias.com.mx\/?p=9387","title":{"rendered":"Astudillo: Indicadores en materia de seguridad deben mejorar"},"content":{"rendered":"<p><strong>En su segundo informe de labores, el gobernador de Guerrero anticipa que en 2018 actuar\u00e1 con neutralidad&nbsp;&nbsp;<\/strong><br \/>\nEn&nbsp;su comparecencia ante el&nbsp;Congreso&nbsp;local, el gobernador H\u00e9ctor Astudillo Flores reconoci\u00f3 que los indicadores en materia de seguridad p\u00fablica deben mejorar, tambi\u00e9n, anticip\u00f3 que ante los comicios de 2018, su administraci\u00f3n se manejar\u00e1 con responsabilidad, neutralidad y compromiso con la democracia.<br \/>\nEn el cierre del mensaje que dirigi\u00f3 en el contexto de su segundo informe de labores, el jefe del Ejecutivo local sostuvo que el principal problema que enfrenta Guerrero es la violencia generada por el crimen organizado, por lo que anticip\u00f3 que se habr\u00e1n de marcar nuevas directrices en el \u00e1mbito de&nbsp;la inseguridad.<br \/>\n\u00abSe necesita&nbsp;redoblar esfuerzos en materia&nbsp;de seguridad, los&nbsp; resultados deben mejorar, pues si&nbsp;Guerrero&nbsp;logra contener la violencia criminal, muchos de los problemas que enfrentamos&nbsp;se van a&nbsp;resolver, inevitablemente, ofrecer\u00edamos una calidad de&nbsp;vida superior para los guerrerenses\u00bb, anot\u00f3.<br \/>\nA estas alturas, admiti\u00f3 que se debe pensar si&nbsp;el modelo policial&nbsp;es funcional&nbsp;o&nbsp;si se&nbsp;deben generar nuevas opciones, por lo que anticip\u00f3 la posibilidad de relanzar la discusi\u00f3n respecto al Mando Unico Policial&nbsp;&nbsp;&nbsp;<br \/>\nRespecto a los comicios de 2018, Astudillo Flores anticip\u00f3 que su admimnistraci\u00f3n se manejar\u00e1 bajo tres principios: responsabilidad, neutralidad y&nbsp;compromiso con la vida democr\u00e1tica.<br \/>\nAstudillo destac\u00f3 que hace dos a\u00f1os, asumi\u00f3 el gobierno de Guerrero en una&nbsp;situaci\u00f3n verdaderamente compleja, sin embargo, en la actualidad hay&nbsp;capacidad para&nbsp;construir infraestructura social y el erario&nbsp;&nbsp;p\u00fablico&nbsp;se maneja con responsabilidad, ya que ante la compleja realidad que se enfrenta, la administraci\u00f3n estatal \u00abno est\u00e1 cruzada de brazos\u00bb.<\/p>\n","protected":false},"excerpt":{"rendered":"<p>En su segundo informe de labores, el gobernador de Guerrero anticipa que en 2018 actuar\u00e1 con neutralidad&nbsp;&nbsp; En&nbsp;su comparecencia ante el&nbsp;Congreso&nbsp;local, el gobernador H\u00e9ctor Astudillo Flores reconoci\u00f3 que los indicadores&hellip; <\/p>\n","protected":false},"author":1,"featured_media":0,"comment_status":"closed","ping_status":"closed","sticky":false,"template":"","format":"standard","meta":{"fifu_image_url":"","fifu_image_alt":"","footnotes":""},"categories":[8,11],"tags":[],"class_list":["post-9387","post","type-post","status-publish","format-standard","hentry","category-featured","category-guerrero"],"_links":{"self":[{"href":"https:\/\/www.interaccionnoticias.com.mx\/index.php?rest_route=\/wp\/v2\/posts\/9387","targetHints":{"allow":["GET"]}}],"collection":[{"href":"https:\/\/www.interaccionnoticias.com.mx\/index.php?rest_route=\/wp\/v2\/posts"}],"about":[{"href":"https:\/\/www.interaccionnoticias.com.mx\/index.php?rest_route=\/wp\/v2\/types\/post"}],"author":[{"embeddable":true,"href":"https:\/\/www.interaccionnoticias.com.mx\/index.php?rest_route=\/wp\/v2\/users\/1"}],"replies":[{"embeddable":true,"href":"https:\/\/www.interaccionnoticias.com.mx\/index.php?rest_route=%2Fwp%2Fv2%2Fcomments&post=9387"}],"version-history":[{"count":0,"href":"https:\/\/www.interaccionnoticias.com.mx\/index.php?rest_route=\/wp\/v2\/posts\/9387\/revisions"}],"wp:attachment":[{"href":"https:\/\/www.interaccionnoticias.com.mx\/index.php?rest_route=%2Fwp%2Fv2%2Fmedia&parent=9387"}],"wp:term":[{"taxonomy":"category","embeddable":true,"href":"https:\/\/www.interaccionnoticias.com.mx\/index.php?rest_route=%2Fwp%2Fv2%2Fcategories&post=9387"},{"taxonomy":"post_tag","embeddable":true,"href":"https:\/\/www.interaccionnoticias.com.mx\/index.php?rest_route=%2Fwp%2Fv2%2Ftags&post=9387"}],"curies":[{"name":"wp","href":"https:\/\/api.w.org\/{rel}","templated":true}]}}