{"id":93869,"date":"2025-07-28T08:47:17","date_gmt":"2025-07-28T14:47:17","guid":{"rendered":"https:\/\/www.interaccionnoticias.com.mx\/?p=93869"},"modified":"2025-07-28T08:47:18","modified_gmt":"2025-07-28T14:47:18","slug":"renace-la-esperanza-con-sebastian-ramirez-en-fonatur","status":"publish","type":"post","link":"https:\/\/www.interaccionnoticias.com.mx\/?p=93869","title":{"rendered":"Renace la esperanza con Sebasti\u00e1n Ram\u00edrez, en FONATUR"},"content":{"rendered":"\n<p><strong>Por Ricardo Castillo Barrientos<\/strong><\/p>\n\n\n\n<p>El jueves anterior, el subsecretario de Turismo federal, Sebasti\u00e1n Ram\u00edrez Mendoza, asumi\u00f3 la direcci\u00f3n general del Fondo Nacional de Turismo (<strong>FONATUR<\/strong>), por disposici\u00f3n de la presidenta Claudia Sheinbaum, en reconocimiento a su responsabilidad en los trabajos de la reconstrucci\u00f3n de Acapulco, especialmente, en la zona tur\u00edstica del puerto.<\/p>\n\n\n\n<p>Sebasti\u00e1n Ram\u00edrez Mendoza, fue nombrado por la presidenta Sheinbaum, responsable de las tareas de reconstrucci\u00f3n a consecuencia de la devastaci\u00f3n del hurac\u00e1n <em><strong>\u201cJohn\u201d<\/strong><\/em>, a quien instruy\u00f3 instalarse en el puerto, a fin de coordinar personalmente las acciones de una estrategia integral para la reactivaci\u00f3n tur\u00edstica de Acapulco.<\/p>\n\n\n\n<p>De inmediato se aboc\u00f3 a desarrollar un Programa de Trabajo, a corto, mediano y largo plazos, en coordinaci\u00f3n con el Gobierno del Estado, denominado <strong>\u201cAcapulco se Transforma Contigo\u201d<\/strong>, que comprende los ejes de \u201cAcapulco Seguro\u201d, \u201cTransporte y Movilidad Sustentable\u201d, \u201cRegeneraci\u00f3n Tur\u00edstica y Hotelera\u201d y \u201cEstrategias para Acapulco Renace\u201d, con una inversi\u00f3n superior a los <strong>8 mil millones de pesos<\/strong>.<\/p>\n\n\n\n<p>As\u00edmismo, Ram\u00edrez Mendoza, puso en marcha el <strong>\u201cManuel de Imagen Tur\u00edstica Urbana para la Costera<\/strong>\u201d, tendiente a renovar la imagen del puerto, impulsando a la zona tradicional, desarrollar nuevos productos tur\u00edsticos y mejorar la competitividad; comprende adem\u00e1s, mejorar el equipamiento urbano, la renovaci\u00f3n del mobiliario de playas, la rehabilitaci\u00f3n de calles y los accesos a playas, paraderos del servicio de transporte, la recuperaci\u00f3n de ventanas ecol\u00f3gicas y dar una sola tonalidad en color primarios en la zona. La remodelaci\u00f3n de fachadas del <strong>Edificio Oviedo<\/strong>, edificio de la <strong>CROM<\/strong>, el emblem\u00e1tico edificio <strong>\u201cMamper\u201d<\/strong> y los ex restaurantes del \u00e1rea frente a la ex Terminal de Veh\u00edculos de Exportaci\u00f3n, ser\u00e1n renovados. En la siguiente etapa deber\u00e1 considerarse el rescate de los hoteles abandonados en el \u201cAcapulco Tradicional\u201d y \u201cAcapulco Dorado\u201d.<\/p>\n\n\n\n<p>Sebasti\u00e1n Ram\u00edrez, es un joven pol\u00edtico de 37 a\u00f1os de edad, oriundo del ex Distrito Federal, cercano a la presidenta Sheinbaum, quien presidi\u00f3 el Comit\u00e9 Ejecutivo de <strong>MORENA <\/strong>en la Ciudad de M\u00e9xico, cuando la Mandataria de la Naci\u00f3n, gobern\u00f3 la <strong>CDMX<\/strong>, en cuya responsabilidad partidista recuper\u00f3 las alcald\u00edas perdidas por el anterior dirigente, H\u00e9ctor Ulises Garc\u00eda, ex delegado de MORENA, en la entidad.<\/p>\n\n\n\n<p>El nuevo Titular de <strong>FONATUR<\/strong>, fundador de <strong>MORENA<\/strong>, ha demostrado gran eficacia en tareas pol\u00edticas y administrativas encomendadas por la presidenta Sheinbaum, motivo por el cual, el sector hotelero y tur\u00edstico se encuentran de pl\u00e1cemes, confiando plenamente en su capacidad ejecutiva para levantar Acapulco y modernizarlo, acorde a la \u00e9poca actual, para ser m\u00e1s competitivo frente a otros destinos de playa del pa\u00eds.<\/p>\n","protected":false},"excerpt":{"rendered":"<p>Por Ricardo Castillo Barrientos El jueves anterior, el subsecretario de Turismo federal, Sebasti\u00e1n Ram\u00edrez Mendoza, asumi\u00f3 la direcci\u00f3n general del Fondo Nacional de Turismo (FONATUR), por disposici\u00f3n de la presidenta&hellip; <\/p>\n","protected":false},"author":33,"featured_media":93871,"comment_status":"open","ping_status":"open","sticky":false,"template":"","format":"standard","meta":{"fifu_image_url":"https:\/\/www.interaccionnoticias.com.mx\/wp-content\/uploads\/2023\/11\/231121-Ricardo-Castillo-Barrientos.jpg","fifu_image_alt":"","footnotes":""},"categories":[16],"tags":[],"class_list":["post-93869","post","type-post","status-publish","format-standard","has-post-thumbnail","hentry","category-opinion"],"_links":{"self":[{"href":"https:\/\/www.interaccionnoticias.com.mx\/index.php?rest_route=\/wp\/v2\/posts\/93869","targetHints":{"allow":["GET"]}}],"collection":[{"href":"https:\/\/www.interaccionnoticias.com.mx\/index.php?rest_route=\/wp\/v2\/posts"}],"about":[{"href":"https:\/\/www.interaccionnoticias.com.mx\/index.php?rest_route=\/wp\/v2\/types\/post"}],"author":[{"embeddable":true,"href":"https:\/\/www.interaccionnoticias.com.mx\/index.php?rest_route=\/wp\/v2\/users\/33"}],"replies":[{"embeddable":true,"href":"https:\/\/www.interaccionnoticias.com.mx\/index.php?rest_route=%2Fwp%2Fv2%2Fcomments&post=93869"}],"version-history":[{"count":1,"href":"https:\/\/www.interaccionnoticias.com.mx\/index.php?rest_route=\/wp\/v2\/posts\/93869\/revisions"}],"predecessor-version":[{"id":93870,"href":"https:\/\/www.interaccionnoticias.com.mx\/index.php?rest_route=\/wp\/v2\/posts\/93869\/revisions\/93870"}],"wp:featuredmedia":[{"embeddable":true,"href":"https:\/\/www.interaccionnoticias.com.mx\/index.php?rest_route=\/wp\/v2\/media\/93871"}],"wp:attachment":[{"href":"https:\/\/www.interaccionnoticias.com.mx\/index.php?rest_route=%2Fwp%2Fv2%2Fmedia&parent=93869"}],"wp:term":[{"taxonomy":"category","embeddable":true,"href":"https:\/\/www.interaccionnoticias.com.mx\/index.php?rest_route=%2Fwp%2Fv2%2Fcategories&post=93869"},{"taxonomy":"post_tag","embeddable":true,"href":"https:\/\/www.interaccionnoticias.com.mx\/index.php?rest_route=%2Fwp%2Fv2%2Ftags&post=93869"}],"curies":[{"name":"wp","href":"https:\/\/api.w.org\/{rel}","templated":true}]}}