{"id":93866,"date":"2025-07-27T22:55:00","date_gmt":"2025-07-28T04:55:00","guid":{"rendered":"https:\/\/www.interaccionnoticias.com.mx\/?p=93866"},"modified":"2025-07-28T08:39:12","modified_gmt":"2025-07-28T14:39:12","slug":"patrulla-de-papel-15","status":"publish","type":"post","link":"https:\/\/www.interaccionnoticias.com.mx\/?p=93866","title":{"rendered":"Patrulla de papel"},"content":{"rendered":"\n<p><strong>Enrique Castillo Gonz\u00e1lez.<\/strong><\/p>\n\n\n\n<p><strong>\u00a1\u00c9chenle a ellos las culpas!<\/strong><\/p>\n\n\n\n<p>Para nos, el tema inicia all\u00e1 por los a\u00f1os de 1966-68 siendo Presidente del PRI el General y Licenciado Alfonso Corona del Rosal fuerte candidato para suceder en el encargo al Presidente de la Rep\u00fablica Gustavo D\u00edaz Ordaz.<\/p>\n\n\n\n<p>De pronto,por esos a\u00f1os en el Distrito Federal emergieron situaciones sociales harto sospechosas; sale de la carrera presidencial el militar y se coloca en ese escal\u00f3n Luis Echeverr\u00eda \u00c1lvarez quien funcionaba como Secretario de Gobernaci\u00f3n \u00bfcuales son los los eventos en comento? y \u00bf porqu\u00e9 esos colocaron casi como \u201ccandidato natural\u201d al entonces polic\u00eda pol\u00edtico y Secretario de Gobernaci\u00f3n Luis Echeverr\u00eda \u00c1lvarez?, explico (o de menos lo intentar\u00e9).<\/p>\n\n\n\n<p>Aunque sobra recordar los \u201ceventos\u201d en referencia (ustedes 11 lectores ya los ubicaron) traigo a los p\u00e1rrafos la esencia de esos. El 2 de octubre tron\u00f3 (\u201c\u201d) el \u00faltimo maldito hilo de actos donde la \u201ctenebra\u201d teji\u00f3 su telara\u00f1a; para efectos de brevedad lo aterrizo as\u00ed.<\/p>\n\n\n\n<p>M\u00e9xico. El movimiento pol\u00edtico del \u201c68\u201d es entendido en diferentes escuelas de \u201cAnalisis de Defensa y Seguridad\u201d como un script cuyo fin fue -bajar de la contienda al sector militar del PRI donde Corona del Rosal estaba posicionado- y quien m\u00e1s ducho en esa tenebra que el extraordinario Polic\u00eda pol\u00edtico bien llamado Luis Echeverr\u00eda. Y hay m\u00e1s.<\/p>\n\n\n\n<p>Iguala\/Gro..- el 26 de septiembre del 2014 un nutrido grupo de estudiantes de la escuela normal rural Raul Isidro Burgos (Normal de Ayotzinapa) fueron secuestrados por agentes de las polic\u00edas municipales de Iguala y Cocula, ya en poder de los 43 normalistas esos fueron entregados \u201c\u201d a una gavilla criminal quienes los desaparecieron; en la carpeta de investigaci\u00f3n consta que algunos de los estudiantes llegaron hasta las puertas del cuartel militar (\u00bf27 Batall\u00f3n?) y que no recibieron atenci\u00f3n que buscaban pues el perfil de la situaci\u00f3n era de \u201cpleito civil y callejero\u201d tema de competencia policial.<\/p>\n\n\n\n<p>En otra parte de la misma carpeta se lee -un grupo de estudiantes de la Normal Rural de Ayotzinapa buscaron refugio y atenci\u00f3n en una cl\u00ednica privada, ah\u00ed estaban cuando lleg\u00f3 un veh\u00edculo con soldados (s. de vigilancia), al ver a los j\u00f3venes en posici\u00f3n de desubicaci\u00f3n tomaron datos y se retiraron del lugar, segu\u00eda siendo un tema para la \u201cautoridad civil\u201d -. En el think tank lo entendemos as\u00ed. El \u00fanico inconveniente del Ej\u00e9rcito ello en los eventos de \u201cnormalistas desaparecidos en Iguala\u201d lo encontramos en la posici\u00f3n geogr\u00e1fica del cuartel militar, el Batall\u00f3n (literal) qued\u00f3 en medio del fatal evento.<\/p>\n\n\n\n<p>Sigo redactando para mis 11 lectores y, obviamente para los rodeantes de la mesa del Tanque de Ideas.<\/p>\n\n\n\n<p>Tengo claro algo, existe un ancho grupo de \u201chacedores de pol\u00edtica\u201d en este pa\u00eds metidos en veredas y corredores tenebrosos donde ninguno de esos lleva a paisajes de los intereses de la patria, esos, cuando se trata de \u201cquitarse culpas y echarlas para otro lado\u201d han encontrado al terreno militar c\u00f3mo \u201cel mejor botadero\u201d\u2026 va la siguiente.<\/p>\n\n\n\n<p>Qued\u00f3 expuesto un (tenebroso) m\u00e9todo de \u201ccomo hacerse multimillonario en la pol\u00edtica o morir en el intento\u201d. Ad\u00e1n Augusto L\u00f3pez Hern\u00e1ndez vaya que se meti\u00f3 en un berenjenal; en pocas palabras el Ex Gobernador de Tabasco, ex secretario de Gobernaci\u00f3n y hoy Senador de la Rep\u00fablica, para nombrar al Secretario de Seguridad del Estado sigui\u00f3 la vieja norma de \u201cpa\u2019 los toros del Jaral los caballos de all\u00e1 mesmo\u201d; si, Ad\u00e1n tuvo la idea de \u201ccolocar a un bad\/hombre m\u00e1s grande para as\u00ed echar fuera de su Estado a malandros m\u00e1s peque\u00f1os que \u00e9l\u201d. Pero.<\/p>\n\n\n\n<p>Ad\u00e1n no supo controlar a su Mast\u00edn y ese simplemente rompi\u00f3 las cadenas. Van otros ejemplos.<\/p>\n\n\n\n<p>\u00bfEjemplos\u2026De qu\u00e9? ejemplos de que -para la tenebra pol\u00edtica siempre estar\u00e1 \u201cel Ej\u00e9rcito\u201d y a ese entonces echarle las culpas- va.<\/p>\n\n\n\n<p>El 14 de octubre del 2020, en el Aeropuerto de Los \u00c1ngeles (California) la Drug Enforcement Administration (DEA) detuvo y puso bajo arresto (\u201c\u201d) al General Salvador Cienfuegos Zepeda, el militar viajaba con su familia (\u2026Nietos) siendo uno de los destinos Disneylandia.<\/p>\n\n\n\n<p>La informaci\u00f3n corri\u00f3 como agua en un r\u00edo joven tomando ciertos sectores sociales lo m\u00e1s c\u00f3modo, la \u201ctenebra\u201d\u2026\u2026aunque para nuestro Tanque de Ideas, el detener y encarcelar a quien recientemente fuera el General Secretario del Gobierno de M\u00e9xico fue un ejercicio de VENGANZA. Entendamos, en la Secretaria de la Defensa Nacional (SEDENA) uno de sus procedimientos sistem\u00e1ticos descansaba en no (negativo) dar espacio a la \u201ccolombianizaci\u00f3n\u201d en el combate al narcotr\u00e1fico en el territorio nacional y eso inclu\u00eda el NO permitir que la DEA anduviera como Pedro por su casa (Sic) dentro del territorio mexicano, si, as\u00ed tal c\u00f3mo anduvo en Colombia, luego.<\/p>\n\n\n\n<p>Al ver llegar al aeropuerto de L.A rumbo a Anahaim, al Militar mexicano responsable de la -no\/colombianizaci\u00f3n de M\u00e9xico ipso\/facto armaron su venganza, sea pues.<\/p>\n\n\n\n<p>Y ponemos este corcho para sellar el frasco de esencias.<\/p>\n\n\n\n<p>Contin\u00faa el esc\u00e1ndalo etiquetado como \u201c\u00bfQUO VADIS Ad\u00e1n?\u201d, le\u00edmos dentro del Think Tank que el cad\u00e1ver pol\u00edtico, usando lo reflexionado en alg\u00fan cuarto de crisis y, v\u00eda entrevista con C\/G\u00f3mez Leyva, hace uso del recurso que han venido usando los pol\u00edticos elucubradores de este nuestro M\u00e9xico lindo y querido, \u00a1\u00e9chale la culpa a los militares! Fue cuando, durante su mon\u00f3logo, que no entrevista, le dijo al replegado Ciro\u2026 \u201cy el General Audomaro sali\u00f3 corriendo\u201d ello en referencia al final de su desempe\u00f1o (de Mart\u00ednez Zapata como Secretario de Seguridad P\u00fablica de Tabasco\u20262016).<\/p>\n\n\n\n<p>En el Taller de Ideas a\u00fan no entendemos porqu\u00e9 Ad\u00e1n refiri\u00f3 al General de Divisi\u00f3n (ret) en su estrategia de defensa. Pero.<\/p>\n\n\n\n<p>Hay quien asegura que Ad\u00e1n lanz\u00f3 una bomba de humo con la poderosa granada del nombre y el origen del Asesor de Seguridad y Administraci\u00f3n de Informaci\u00f3n sensible (Int. Estrat\u00e9gica) sea entonces. \u00bfCu\u00e1l ser\u00eda una primera conclusi\u00f3n?<\/p>\n\n\n\n<p>Desde la maquinaci\u00f3n de Luis Echeverr\u00eda, la elucubraci\u00f3n del grupo pol\u00edtico que sac\u00f3 del sart\u00e9n al \u201cAguirrismo\u201d, la venganza de los ultras de la DEA y la granada defensiva del camale\u00f3nico Ad\u00e1n Augusto L\u00f3pez dentro de nuestra Logia de Ideas concluimos -por su edad y estatura institucional y, por su distancia con pr\u00e1cticas pol\u00edticas mal intencionadas la funcionalidad del Ej\u00e9rcito (FFAA en general) es el botadero m\u00e1s \u00fatil de las fuerzas pol\u00edtico\/criminales, incluidas las sajonas con pecas. Y abrimos el tema.<\/p>\n\n\n\n<p>\u00daltimo patrullaje.- en un \u201cpatrullaje\u201d anterior, ac\u00e1 en nuestro think tank nos metimos de lleno en el asunto de \u201clas estatuas de Fidel y el Ch\u00e9 c\u00f3modamente sentadas en una banca del parque de la colonia Tabacalera, hoy, sito en la Columna de la Elocuencia quien es due\u00f1o del sill\u00f3n de la cabecera de nuestra mesa regresa al tema y dice.<\/p>\n\n\n\n<p>-Insultar y agredir vienen siendo recursos de quien tiene complejo de superioridad, que no es una gracia, \u00a1es una enfermedad de cabecitas inadaptadas!- ah caray\u2026 interesante.<\/p>\n\n\n\n<p>-No vale la pena ocuparse de ellas, sean nacionales, extranjeros o naturalizados- va va va.<\/p>\n\n\n\n<p>-Por lo que corresponde a las estatuas o figuras de Fidel y el Ch\u00e9, creo que se resbal\u00f3 la Titular de esa Delegaci\u00f3n- pausa su decir Paul y 5 segundos despu\u00e9s continu\u00f3.<\/p>\n\n\n\n<p>-\u00a1Yo no soy fan de este par de s\u00e1trapas! Pero igual no puedo borrarlos de la historia.<\/p>\n\n\n\n<p>Tenerlos en aquella banca por lo menos hac\u00eda pensar a la gente. Bien o mal, seg\u00fan la informaci\u00f3n disponible- los rostros de \u201cahching\u00e1\u201d volvieron a la mesa, Hindenburg sigui\u00f3<\/p>\n\n\n\n<p>-Pero muchos nos enojamos cuando quitaron a Crist\u00f3bal Col\u00f3n, que tambi\u00e9n tendr\u00eda el derecho de estar y hacer pensar a la gente en los hechos hist\u00f3ricos que forman nuestro pasado.<\/p>\n\n\n\n<p>En M\u00e9xico hay muchos temas con relevancia suficiente como para atenderlos. M\u00e1s que la decisi\u00f3n (aparentemente arbitraria) de retirar al cubano y el argentino art\u00edfices del destino (?) de los habitantes de la tropical Isla!!-. El General regresa su sill\u00f3n degustando las miradas de su audiencia.<\/p>\n\n\n\n<p>Balazo al aire.- verde que te quiero verde.<\/p>\n\n\n\n<p>Gregueria.- \u00a1y el que tenga algo que ojetar pues que \u2026! \u201cVicente Fern\u00e1ndez\u201d.<\/p>\n\n\n\n<p>Oximoron.- respira nada.<\/p>\n\n\n\n<p>Haiku.- te AMO, no mucho no<br>poco te AMO.<br>Linda, campi\u00f1a m\u00eda.<\/p>\n","protected":false},"excerpt":{"rendered":"<p>Enrique Castillo Gonz\u00e1lez. \u00a1\u00c9chenle a ellos las culpas! Para nos, el tema inicia all\u00e1 por los a\u00f1os de 1966-68 siendo Presidente del PRI el General y Licenciado Alfonso Corona del&hellip; <\/p>\n","protected":false},"author":35,"featured_media":93868,"comment_status":"open","ping_status":"open","sticky":false,"template":"","format":"standard","meta":{"fifu_image_url":"https:\/\/www.interaccionnoticias.com.mx\/wp-content\/uploads\/2024\/06\/Patrulla-de-Papel.jpg","fifu_image_alt":"","footnotes":""},"categories":[16],"tags":[],"class_list":["post-93866","post","type-post","status-publish","format-standard","has-post-thumbnail","hentry","category-opinion"],"_links":{"self":[{"href":"https:\/\/www.interaccionnoticias.com.mx\/index.php?rest_route=\/wp\/v2\/posts\/93866","targetHints":{"allow":["GET"]}}],"collection":[{"href":"https:\/\/www.interaccionnoticias.com.mx\/index.php?rest_route=\/wp\/v2\/posts"}],"about":[{"href":"https:\/\/www.interaccionnoticias.com.mx\/index.php?rest_route=\/wp\/v2\/types\/post"}],"author":[{"embeddable":true,"href":"https:\/\/www.interaccionnoticias.com.mx\/index.php?rest_route=\/wp\/v2\/users\/35"}],"replies":[{"embeddable":true,"href":"https:\/\/www.interaccionnoticias.com.mx\/index.php?rest_route=%2Fwp%2Fv2%2Fcomments&post=93866"}],"version-history":[{"count":1,"href":"https:\/\/www.interaccionnoticias.com.mx\/index.php?rest_route=\/wp\/v2\/posts\/93866\/revisions"}],"predecessor-version":[{"id":93867,"href":"https:\/\/www.interaccionnoticias.com.mx\/index.php?rest_route=\/wp\/v2\/posts\/93866\/revisions\/93867"}],"wp:featuredmedia":[{"embeddable":true,"href":"https:\/\/www.interaccionnoticias.com.mx\/index.php?rest_route=\/wp\/v2\/media\/93868"}],"wp:attachment":[{"href":"https:\/\/www.interaccionnoticias.com.mx\/index.php?rest_route=%2Fwp%2Fv2%2Fmedia&parent=93866"}],"wp:term":[{"taxonomy":"category","embeddable":true,"href":"https:\/\/www.interaccionnoticias.com.mx\/index.php?rest_route=%2Fwp%2Fv2%2Fcategories&post=93866"},{"taxonomy":"post_tag","embeddable":true,"href":"https:\/\/www.interaccionnoticias.com.mx\/index.php?rest_route=%2Fwp%2Fv2%2Ftags&post=93866"}],"curies":[{"name":"wp","href":"https:\/\/api.w.org\/{rel}","templated":true}]}}