{"id":93845,"date":"2025-07-23T14:49:00","date_gmt":"2025-07-23T20:49:00","guid":{"rendered":"https:\/\/www.interaccionnoticias.com.mx\/?p=93845"},"modified":"2025-07-23T18:44:45","modified_gmt":"2025-07-24T00:44:45","slug":"regidora-del-pan-de-iguala-denuncio-violencia-politica-en-razon-de-genero-y-amenazas-del-alcalde-erick-catalan","status":"publish","type":"post","link":"https:\/\/www.interaccionnoticias.com.mx\/?p=93845","title":{"rendered":"Regidora del PAN de Iguala denunci\u00f3 violencia pol\u00edtica en raz\u00f3n de g\u00e9nero y amenazas del alcalde Erick Catal\u00e1n"},"content":{"rendered":"\n<p><strong><em>&#8212; \u00abTengo miedo y s\u00ed temo por mi vida\u00bb, asegur\u00f3 la regidora panista Mar\u00eda del Rosario Bustillos<\/em><\/strong><\/p>\n\n\n\n<p><strong>Rosario Garc\u00eda Orozco<\/strong><\/p>\n\n\n\n<p>La regidora del Partido Acci\u00f3n Nacional en Iguala, Mar\u00eda del Rosario Bustillos Mu\u00f1oz, denunci\u00f3 violencia pol\u00edtica en raz\u00f3n de g\u00e9nero y amenazas en su contra por parte del presidente municipal, Erick Catal\u00e1n Rend\u00f3n.<\/p>\n\n\n\n<p>\u00abTengo miedo y s\u00ed temo por mi vida, porque se han dado acontecimientos muy lamentables en el municipio de Iguala, y la situaci\u00f3n que estoy pasando es debido a que no he estado de acuerdo en algunos asuntos que se han planteado en el cabildo, situaciones que he visto y de las que yo no he sido c\u00f3mplice\u00bb, explic\u00f3 en conferencia de prensa en Chilpancingo.<\/p>\n\n\n\n<p>La regidora de Educaci\u00f3n y Juventud del ayuntamiento igualteco denunci\u00f3 que de manera paulatina el alcalde le ha ido retirando los recursos que se entregan a todos los ediles para hacer su gesti\u00f3n, por lo que hizo saber lo que sucede a los integrantes del comit\u00e9 estatal del PAN.<\/p>\n\n\n\n<p>Reiter\u00f3 que teme por su vida y la de su familia, as\u00ed como de sus compa\u00f1eros de trabajo desde el pasado mes de noviembre, \u00abcuando comenzamos a tener diferencias\u00bb, y agreg\u00f3 que Erick Catal\u00e1n le ha dicho que s\u00ed ella no est\u00e1 con \u00e9l, ya cuenta con el apoyo de los 8 regidores que requiere para aprobar los asuntos que se discuten en el cabildo.<\/p>\n\n\n\n<p>\u00abCuando le he pedido que me apoye en la gestor\u00eda para la poblaci\u00f3n \u00e9l (Erick Catal\u00e1n) me dice que me entienda con otro tipo de personas\u00bb, insisti\u00f3 la regidora.<\/p>\n\n\n\n<p>Coment\u00f3 que desde el mes de junio pasado el alcalde de Iguala ya no le dio los 15 mil pesos que cada mes se entrega a los ediles por concepto de gastos de gesti\u00f3n, y a partir de la quincena pasada ya no les lleg\u00f3 el pago a sus colaboradores de la regidur\u00eda, \u00absin avisar y no me dijo en ning\u00fan momento que iba a prescindir de mis asistentes\u00bb.<\/p>\n\n\n\n<p>Refiri\u00f3 que el ambiente en el ayuntamiento es \u00abmuy tenso, el alcalde es muy autoritario, no quiere que nadie le contradiga y que se hagan las cosas sin chistar, es enoj\u00f3n y hasta cierto punto violento\u00bb.<\/p>\n\n\n\n<p>Record\u00f3 que un ex empleado municipal que fue el primero en denunciar desv\u00edo de recursos, fue encontrado \u00absalvajemente golpeado, salv\u00f3 su vida gracias a Dios y es lo que me espera a m\u00ed si no me quedo callada, si no estoy de acuerdo con lo que \u00e9l (Erick Catal\u00e1n) est\u00e1 planteando, si es que quedo con vida\u00bb.<\/p>\n\n\n\n<p>Por esa raz\u00f3n mencion\u00f3 que va a proceder en su denuncia por violencia pol\u00edtica en raz\u00f3n de g\u00e9nero, y tambi\u00e9n har\u00e1 lo propio ante la Fiscal\u00eda General del Estado por amenazas, por lo que consider\u00f3 necesario contar con seguridad del Estado.<\/p>\n\n\n\n<p>Al respecto, la dirigente estatal del PAN, Roc\u00edo Morales Morales hizo patente su apoyo a su compa\u00f1era de partido, \u00abla acompa\u00f1amos y la respaldamos en sus tareas como regidora en su municipio, pedimos que se respete su investidura como edil en el ayuntamiento de Iguala y lamentamos que se encuentre limitada en recursos de gesti\u00f3n y en la falta de pago a sus colaboradores, porque se encuentra en un estado de represi\u00f3n, limitaci\u00f3n y de temor por las amenazas recibidas\u00bb.<\/p>\n\n\n\n<p>Mientras que el vocero de ese partido en el estado, Eloy Salmer\u00f3n D\u00edaz refrend\u00f3 su respaldo a la regidora de Iguala, y consider\u00f3 que la situaci\u00f3n por la que atraviesa su compa\u00f1era \u00abes de suma gravedad porque pone en riesgo su integridad f\u00edsica, por el abuso, el autoritarismo y la prepotencia con la que se conduce el alcalde igualteco, afecta las funciones de la edil, porque le han dejado de pagar a sus colaboradores en la regidur\u00eda y por cualquier observaci\u00f3n que hace, el alcalde le ha dicho que no van a pasar sus propuestas y que si ella quiere proponer algo distinto, tiene que hablar con sus amigos y eso es una amenaza velada\u00bb.<\/p>\n\n\n\n<p>En tanto, la diputada panista Irene Montiel Serv\u00edn, adelant\u00f3 que esa situaci\u00f3n la har\u00e1 saber al Congreso Local desde tribuna, en cuanto regresen de vacaciones y reinicien las actividades legislativas, \u00abhasta ahora es el primer caso de violencia del que tenemos conocimiento y esperamos que sea el \u00fanico\u00bb.<\/p>\n\n\n\n<figure class=\"wp-block-gallery has-nested-images columns-default is-cropped wp-block-gallery-1 is-layout-flex wp-block-gallery-is-layout-flex\">\n<figure class=\"wp-block-image size-large\"><img decoding=\"async\" src=\"data:image\/gif;base64,R0lGODlhAQABAIAAAAAAAP\/\/\/ywAAAAAAQABAAACAUwAOw==\" fifu-lazy=\"1\" fifu-data-sizes=\"auto\" fifu-data-srcset=\"https:\/\/i0.wp.com\/www.interaccionnoticias.com.mx\/wp-content\/uploads\/2025\/07\/250723-Maria-del-Rosario-Bustillos-Munoz-2-1024x683.jpg?ssl=1&w=75&resize=75&ssl=1 75w, https:\/\/i0.wp.com\/www.interaccionnoticias.com.mx\/wp-content\/uploads\/2025\/07\/250723-Maria-del-Rosario-Bustillos-Munoz-2-1024x683.jpg?ssl=1&w=100&resize=100&ssl=1 100w, https:\/\/i0.wp.com\/www.interaccionnoticias.com.mx\/wp-content\/uploads\/2025\/07\/250723-Maria-del-Rosario-Bustillos-Munoz-2-1024x683.jpg?ssl=1&w=150&resize=150&ssl=1 150w, https:\/\/i0.wp.com\/www.interaccionnoticias.com.mx\/wp-content\/uploads\/2025\/07\/250723-Maria-del-Rosario-Bustillos-Munoz-2-1024x683.jpg?ssl=1&w=240&resize=240&ssl=1 240w, https:\/\/i0.wp.com\/www.interaccionnoticias.com.mx\/wp-content\/uploads\/2025\/07\/250723-Maria-del-Rosario-Bustillos-Munoz-2-1024x683.jpg?ssl=1&w=320&resize=320&ssl=1 320w, https:\/\/i0.wp.com\/www.interaccionnoticias.com.mx\/wp-content\/uploads\/2025\/07\/250723-Maria-del-Rosario-Bustillos-Munoz-2-1024x683.jpg?ssl=1&w=500&resize=500&ssl=1 500w, https:\/\/i0.wp.com\/www.interaccionnoticias.com.mx\/wp-content\/uploads\/2025\/07\/250723-Maria-del-Rosario-Bustillos-Munoz-2-1024x683.jpg?ssl=1&w=640&resize=640&ssl=1 640w, https:\/\/i0.wp.com\/www.interaccionnoticias.com.mx\/wp-content\/uploads\/2025\/07\/250723-Maria-del-Rosario-Bustillos-Munoz-2-1024x683.jpg?ssl=1&w=800&resize=800&ssl=1 800w, https:\/\/i0.wp.com\/www.interaccionnoticias.com.mx\/wp-content\/uploads\/2025\/07\/250723-Maria-del-Rosario-Bustillos-Munoz-2-1024x683.jpg?ssl=1&w=1024&resize=1024&ssl=1 1024w, https:\/\/i0.wp.com\/www.interaccionnoticias.com.mx\/wp-content\/uploads\/2025\/07\/250723-Maria-del-Rosario-Bustillos-Munoz-2-1024x683.jpg?ssl=1&w=1280&resize=1280&ssl=1 1280w, https:\/\/i0.wp.com\/www.interaccionnoticias.com.mx\/wp-content\/uploads\/2025\/07\/250723-Maria-del-Rosario-Bustillos-Munoz-2-1024x683.jpg?ssl=1&w=1600&resize=1600&ssl=1 1600w\" data-id=\"93847\" fifu-data-src=\"https:\/\/i0.wp.com\/www.interaccionnoticias.com.mx\/wp-content\/uploads\/2025\/07\/250723-Maria-del-Rosario-Bustillos-Munoz-2-1024x683.jpg?ssl=1\" alt=\"\" class=\"wp-image-93847\"\/><\/figure>\n\n\n\n<figure class=\"wp-block-image size-large\"><img decoding=\"async\" src=\"data:image\/gif;base64,R0lGODlhAQABAIAAAAAAAP\/\/\/ywAAAAAAQABAAACAUwAOw==\" fifu-lazy=\"1\" fifu-data-sizes=\"auto\" fifu-data-srcset=\"https:\/\/i3.wp.com\/www.interaccionnoticias.com.mx\/wp-content\/uploads\/2025\/07\/250723-Maria-del-Rosario-Bustillos-Munoz-1-1024x683.jpg?ssl=1&w=75&resize=75&ssl=1 75w, https:\/\/i3.wp.com\/www.interaccionnoticias.com.mx\/wp-content\/uploads\/2025\/07\/250723-Maria-del-Rosario-Bustillos-Munoz-1-1024x683.jpg?ssl=1&w=100&resize=100&ssl=1 100w, https:\/\/i3.wp.com\/www.interaccionnoticias.com.mx\/wp-content\/uploads\/2025\/07\/250723-Maria-del-Rosario-Bustillos-Munoz-1-1024x683.jpg?ssl=1&w=150&resize=150&ssl=1 150w, https:\/\/i3.wp.com\/www.interaccionnoticias.com.mx\/wp-content\/uploads\/2025\/07\/250723-Maria-del-Rosario-Bustillos-Munoz-1-1024x683.jpg?ssl=1&w=240&resize=240&ssl=1 240w, https:\/\/i3.wp.com\/www.interaccionnoticias.com.mx\/wp-content\/uploads\/2025\/07\/250723-Maria-del-Rosario-Bustillos-Munoz-1-1024x683.jpg?ssl=1&w=320&resize=320&ssl=1 320w, https:\/\/i3.wp.com\/www.interaccionnoticias.com.mx\/wp-content\/uploads\/2025\/07\/250723-Maria-del-Rosario-Bustillos-Munoz-1-1024x683.jpg?ssl=1&w=500&resize=500&ssl=1 500w, https:\/\/i3.wp.com\/www.interaccionnoticias.com.mx\/wp-content\/uploads\/2025\/07\/250723-Maria-del-Rosario-Bustillos-Munoz-1-1024x683.jpg?ssl=1&w=640&resize=640&ssl=1 640w, https:\/\/i3.wp.com\/www.interaccionnoticias.com.mx\/wp-content\/uploads\/2025\/07\/250723-Maria-del-Rosario-Bustillos-Munoz-1-1024x683.jpg?ssl=1&w=800&resize=800&ssl=1 800w, https:\/\/i3.wp.com\/www.interaccionnoticias.com.mx\/wp-content\/uploads\/2025\/07\/250723-Maria-del-Rosario-Bustillos-Munoz-1-1024x683.jpg?ssl=1&w=1024&resize=1024&ssl=1 1024w, https:\/\/i3.wp.com\/www.interaccionnoticias.com.mx\/wp-content\/uploads\/2025\/07\/250723-Maria-del-Rosario-Bustillos-Munoz-1-1024x683.jpg?ssl=1&w=1280&resize=1280&ssl=1 1280w, https:\/\/i3.wp.com\/www.interaccionnoticias.com.mx\/wp-content\/uploads\/2025\/07\/250723-Maria-del-Rosario-Bustillos-Munoz-1-1024x683.jpg?ssl=1&w=1600&resize=1600&ssl=1 1600w\" data-id=\"93846\" fifu-data-src=\"https:\/\/i3.wp.com\/www.interaccionnoticias.com.mx\/wp-content\/uploads\/2025\/07\/250723-Maria-del-Rosario-Bustillos-Munoz-1-1024x683.jpg?ssl=1\" alt=\"\" class=\"wp-image-93846\"\/><\/figure>\n<\/figure>\n","protected":false},"excerpt":{"rendered":"<p>&#8212; \u00abTengo miedo y s\u00ed temo por mi vida\u00bb, asegur\u00f3 la regidora panista Mar\u00eda del Rosario Bustillos Rosario Garc\u00eda Orozco La regidora del Partido Acci\u00f3n Nacional en Iguala, Mar\u00eda del&hellip; <\/p>\n","protected":false},"author":14,"featured_media":93849,"comment_status":"open","ping_status":"open","sticky":false,"template":"","format":"standard","meta":{"fifu_image_url":"https:\/\/www.interaccionnoticias.com.mx\/wp-content\/uploads\/2025\/07\/250723-Maria-del-Rosario-Bustillos-Munoz-1.jpg","fifu_image_alt":"","footnotes":""},"categories":[21],"tags":[],"class_list":["post-93845","post","type-post","status-publish","format-standard","has-post-thumbnail","hentry","category-politica"],"_links":{"self":[{"href":"https:\/\/www.interaccionnoticias.com.mx\/index.php?rest_route=\/wp\/v2\/posts\/93845","targetHints":{"allow":["GET"]}}],"collection":[{"href":"https:\/\/www.interaccionnoticias.com.mx\/index.php?rest_route=\/wp\/v2\/posts"}],"about":[{"href":"https:\/\/www.interaccionnoticias.com.mx\/index.php?rest_route=\/wp\/v2\/types\/post"}],"author":[{"embeddable":true,"href":"https:\/\/www.interaccionnoticias.com.mx\/index.php?rest_route=\/wp\/v2\/users\/14"}],"replies":[{"embeddable":true,"href":"https:\/\/www.interaccionnoticias.com.mx\/index.php?rest_route=%2Fwp%2Fv2%2Fcomments&post=93845"}],"version-history":[{"count":1,"href":"https:\/\/www.interaccionnoticias.com.mx\/index.php?rest_route=\/wp\/v2\/posts\/93845\/revisions"}],"predecessor-version":[{"id":93848,"href":"https:\/\/www.interaccionnoticias.com.mx\/index.php?rest_route=\/wp\/v2\/posts\/93845\/revisions\/93848"}],"wp:featuredmedia":[{"embeddable":true,"href":"https:\/\/www.interaccionnoticias.com.mx\/index.php?rest_route=\/wp\/v2\/media\/93849"}],"wp:attachment":[{"href":"https:\/\/www.interaccionnoticias.com.mx\/index.php?rest_route=%2Fwp%2Fv2%2Fmedia&parent=93845"}],"wp:term":[{"taxonomy":"category","embeddable":true,"href":"https:\/\/www.interaccionnoticias.com.mx\/index.php?rest_route=%2Fwp%2Fv2%2Fcategories&post=93845"},{"taxonomy":"post_tag","embeddable":true,"href":"https:\/\/www.interaccionnoticias.com.mx\/index.php?rest_route=%2Fwp%2Fv2%2Ftags&post=93845"}],"curies":[{"name":"wp","href":"https:\/\/api.w.org\/{rel}","templated":true}]}}