{"id":9384,"date":"2017-10-19T11:48:40","date_gmt":"2017-10-19T16:48:40","guid":{"rendered":"http:\/\/www.inter-accion.com.mx\/?p=9384"},"modified":"2017-10-19T11:48:40","modified_gmt":"2017-10-19T16:48:40","slug":"seguridad-el-gran-pendiente-del-gobierno-de-guerrero-asegura-el-congreso-ante-el-segundo-informe-de-gobierno-de-hector-astudillo","status":"publish","type":"post","link":"https:\/\/www.interaccionnoticias.com.mx\/?p=9384","title":{"rendered":"Seguridad el gran pendiente del Gobierno de Guerrero; asegura el Congreso ante el segundo informe de Gobierno de H\u00e9ctor Astudillo"},"content":{"rendered":"<p><strong>\u00abYa recuperamos el orden, ahora vamos por la paz\u00bb; dice la fracci\u00f3n parlamentaria del PRI&nbsp;&nbsp;<\/strong><br \/>\n\u00abYa logramos el orden\u00bb, clam\u00f3 en la tribuna del Congreso local, el diputado priista Eusebio Gonz\u00e1lez Rodr\u00edguez\u00bb, en contraste con las posturas del Movimiento de Regeneraci\u00f3n Nacional (Morena), Movimiento Ciudadano (MC), y del PT, que se\u00f1alaron a la inseguridad p\u00fablica y&nbsp;la impunidad&nbsp;representan los principales retos de la administraci\u00f3n de H\u00e9ctor Astudillo Flores, que este jueves present\u00f3 ante el Pleno del Poder Legislativo su segundo informe de labores.<br \/>\nLa sesi\u00f3n de este 19 de octubre cont\u00f3 con la presencia de 44 de 46 diputados locales, como representante del Gobierno de la Rep\u00fablica acudi\u00f3 el titular de&nbsp;la Secretar\u00eda de Salud, Jos\u00e9 Narro Robles.<br \/>\nTras la instalaci\u00f3n de la sesi\u00f3n, la ronda de fijaci\u00f3n&nbsp; de posturas inici\u00f3&nbsp;con la exposici\u00f3n de Mar\u00eda de Jes\u00fas Cisneros, \u00fanica representante del MORENA, quien de entrada se\u00f1al\u00f3 que no se puede hablar&nbsp;de la existencia de orden cuando en la entidad se anuncia&nbsp;un nuevo Sistema Penal y fracasa rotundamente.<br \/>\n\u00abNo puede haber orden en un Estado en el que no se respeta la divisi\u00f3n de poderes, porque&nbsp;se pisotea al imponer magistrados en el Tribunal Superior de Justicia; no hay orden&nbsp;cuando los ciudadanos&nbsp;desconf\u00edan de sus propias instituciones\u00bb.<br \/>\nLa&nbsp; legisladora manifest\u00f3 que no hay&nbsp;orden en un gobierno,&nbsp;&nbsp;cuando se permite que el gobierno federal, a trav\u00e9s de la Secretar\u00eda de Hacienda&nbsp;le quita a la entidad 200 millones de pesos, solapando al Gobierno de la Rep\u00fablica&nbsp;y dejando de lado la voluntad popular\u00bb, insisti\u00f3.<br \/>\nPara la representante popular, lo que se ha visto hasta el momento, \u00abes peor que lo&nbsp;sucedido en administraciones anteriores\u00bb.<br \/>\nY es que de acuerdo al planteamiento hecho en tribuna, en esta administraci\u00f3n, se&nbsp;&nbsp;abandona a los amigos a su suerte y se extermina a los enemigos\u00bb.<br \/>\nRespecto a los indicadores altos, cit\u00f3 los casos de&nbsp;desapariciones forzadas, el&nbsp;incremento de homicidios dolosos, extorsiones&nbsp;y desapariciones&nbsp;<br \/>\nLas bajas dijo que las&nbsp;&nbsp;padece el pueblo, lo que se refleja&nbsp;en el dolor de quienes ya no regresan a sus&nbsp;hogares, consecuencia de hechos como el sufrido por&nbsp;lideres sociales&nbsp;como Ranferi Hern\u00e1ndez Acevedo, quien fue&nbsp;asesinado junto con su familia la noche del s\u00e1bado 14 de octubre.<br \/>\nPara el Morena, en Guerrero no&nbsp;&nbsp;hay&nbsp; acceso a la&nbsp;justicia, pues sigue impune&nbsp;la desaparici\u00f3n de los&nbsp;43 estudiantes de la Normal Rural de Ayotzinapa, as\u00ed como tambi\u00e9n&nbsp;prevalece la impunidad en el caso de las&nbsp;mujeres violadas y asesinadas en diferentes ciudades de la entidad.<br \/>\nLo que hay en Guerrero, de acuerdo&nbsp;con la diputada Hern\u00e1ndez Cisneros, es un gobierno que solamente administra la desgracia.<br \/>\nEl tambi\u00e9n \u00fanico representante del PAN, Iv\u00e1n Pachuca Dom\u00ednguez reconoci\u00f3 que&nbsp;la&nbsp;pol\u00edtica&nbsp;econ\u00f3mica ha&nbsp;reducido la pobreza extrema, a partir de un manejo sano de las finanzas p\u00fablicas, adem\u00e1s de sanas y un ambiente social&nbsp;que atrae la inversi\u00f3n privada.<br \/>\nPachuca Dom\u00ednguez resalt\u00f3 el hecho de que&nbsp;el de Guerrero, en estos momentos es reconocido como&nbsp;&nbsp;el segundo DIF mejor&nbsp;posicionado del pa\u00eds<br \/>\nFraddy Garc\u00eda Guevara, a nombre del PT, manifest\u00f3&nbsp;que el principal reto para el gobierno&nbsp;es bajar los niveles de inseguridad, ya que la violencia no solo afecta a las personas que est\u00e1n vinculados con el crimen organizado, tambi\u00e9n se afectan ciudadanos inocentes.<br \/>\nGarc\u00eda Guevara reproch\u00f3 que prevalezca la&nbsp;desigualdad social, pues en Guerrero&nbsp;muy pocos&nbsp;los tienen todo mientras&nbsp;muchos&nbsp;non tienen lo&nbsp;m\u00ednimo para sobrevivir.<br \/>\nya en la retirada, sugiri\u00f3 que se revise la posibilidad de que haya&nbsp;cambios en el gabinete, principalmente en la Secretar\u00eda de Seguridad P\u00fablica&nbsp;y la&nbsp;Fiscal\u00eda&nbsp;General del Estado (FGE).<br \/>\nLa impunidad mata<br \/>\nRicardo Mej\u00eda Berdeja, coordinador del MC reconoci\u00f3 la&nbsp;forma en que el gobierno estatal&nbsp;atendi\u00f3 las contingencias derivadas del sismo y los&nbsp;huracanes registrados en septiembre pasado.<br \/>\nMej\u00eda Berdeja reproch\u00f3 la impunidad que prevalece&nbsp;en los asesinatos del alto&nbsp;impacto, ya que desde su perspectiva, la ausencia de castigo fomenta la prevalencia del crimen<br \/>\n\u00abLa&nbsp;impunidad mata\u00bb, machac\u00f3 el diputado Mej\u00eda, para insistir en la necesidad de&nbsp; agilizar&nbsp;el cambio en la FGE, pues los resultados aportados por el abogado, Xavier Olea Pel\u00e1ez no son los adecuados.<br \/>\nPlante\u00f3 retomar la iniciativa de&nbsp;legalizar la amapola con fines medicinales, pues mientras 18 pa\u00edses&nbsp;&nbsp;mueven parte de&nbsp;su econom\u00eda en torno a dicha planta, en Guerrero&nbsp;la sociedad enfrenta serios cap\u00edtulos de violencia.<br \/>\n\u00abEl secretario&nbsp;de Salud dijo que despu\u00e9s de la marihuana segu\u00eda la amapola y&nbsp;nosotros&nbsp;todav\u00eda seguimos esperando\u00bb, apunt\u00f3.<br \/>\nEl&nbsp;PVEM se refiri\u00f3 al de Astudillo como un gobierno cercano&nbsp;a la gente, aunque en materia de&nbsp;seguridad publica le han tocado&nbsp;atender momentos&nbsp;dif\u00edciles.<br \/>\n\u00abTenemos en Guerrero un buen gu\u00eda, un&nbsp;estadista que sabe conducir la administraci\u00f3n\u00bb, asever\u00f3.<br \/>\nSilvia Romero Su\u00e1rez, a nombre del&nbsp;PRD indic\u00f3 que en esta entidad se necesita de&nbsp;un gobierno con visi\u00f3n y direcciones claras.<br \/>\n\u00abLa&nbsp;seguridad&nbsp;nos lastima a&nbsp;todos, pues de manera indistinta hemos sentido el dolor, a veces en carne propia\u00bb, anot\u00f3.<br \/>\nAnte los resultados obtenidos a la fecha, la&nbsp;representante popular sostuvo que hace falta observar un mayor&nbsp;compromiso en la Fiscal\u00eda&nbsp;General de Justicia.<br \/>\nEn priista Eusebio Gonz\u00e1lez Rodr\u00edguez, dijo que a dos a\u00f1os de distancia, en Guerrero se ha recuperado la&nbsp;&nbsp;gobernabilidad, pues&nbsp;existe una clara visi\u00f3n de responsabilidad en temas muy concretos.<br \/>\nSe refiri\u00f3 a la inseguridad como el c\u00e1ncer que lacera a nuestro pa\u00eds, de tal manera que&nbsp;Guerrero no es al excepci\u00f3n, aunque solicit\u00f3 tomar en cuenta que&nbsp;hay un trabajo en el combate de ra\u00edz&nbsp;a la problem\u00e1tica que lo origina.<br \/>\nTomando como base el informe distribuido entre los diputados, el priista destac\u00f3 que&nbsp;en los&nbsp;dos a\u00f1os de gobierno, el crecimiento de Guerrero&nbsp;alcanz\u00f3 el 2.8 porciento, situaci\u00f3n que calific\u00f3&nbsp;como in\u00e9dita.<br \/>\n\u00abH\u00e9ctor&nbsp;Astudillo es un&nbsp;pol\u00edtico&nbsp;que&nbsp;recibi\u00f3 un legado oscuro\u00bb, manifest\u00f3 el diputado Gonz\u00e1lez ante el Pleno, para invocar la necesidad de que haya un respaldo m\u00e1s fuerte de parte de la federaci\u00f3n.&nbsp;&nbsp;&nbsp;<br \/>\nLlam\u00f3 a no&nbsp;&nbsp;perder el tiempo en discusiones est\u00e9riles, ya&nbsp;que estas&nbsp;&nbsp;solo alientan la confrontaci\u00f3n social, por eso&nbsp;plante\u00f3 mantener el dialogo de manera&nbsp;permanente.<br \/>\nY cerr\u00f3: \u00abYa logramos el orden, ahora&nbsp;juntos construyamos la paz\u00bb.&nbsp;&nbsp;<br \/>\n&nbsp;<\/p>\n","protected":false},"excerpt":{"rendered":"<p>\u00abYa recuperamos el orden, ahora vamos por la paz\u00bb; dice la fracci\u00f3n parlamentaria del PRI&nbsp;&nbsp; \u00abYa logramos el orden\u00bb, clam\u00f3 en la tribuna del Congreso local, el diputado priista Eusebio&hellip; <\/p>\n","protected":false},"author":1,"featured_media":0,"comment_status":"closed","ping_status":"closed","sticky":false,"template":"","format":"standard","meta":{"fifu_image_url":"","fifu_image_alt":"","footnotes":""},"categories":[8,18],"tags":[],"class_list":["post-9384","post","type-post","status-publish","format-standard","hentry","category-featured","category-partidos-politicos"],"_links":{"self":[{"href":"https:\/\/www.interaccionnoticias.com.mx\/index.php?rest_route=\/wp\/v2\/posts\/9384","targetHints":{"allow":["GET"]}}],"collection":[{"href":"https:\/\/www.interaccionnoticias.com.mx\/index.php?rest_route=\/wp\/v2\/posts"}],"about":[{"href":"https:\/\/www.interaccionnoticias.com.mx\/index.php?rest_route=\/wp\/v2\/types\/post"}],"author":[{"embeddable":true,"href":"https:\/\/www.interaccionnoticias.com.mx\/index.php?rest_route=\/wp\/v2\/users\/1"}],"replies":[{"embeddable":true,"href":"https:\/\/www.interaccionnoticias.com.mx\/index.php?rest_route=%2Fwp%2Fv2%2Fcomments&post=9384"}],"version-history":[{"count":0,"href":"https:\/\/www.interaccionnoticias.com.mx\/index.php?rest_route=\/wp\/v2\/posts\/9384\/revisions"}],"wp:attachment":[{"href":"https:\/\/www.interaccionnoticias.com.mx\/index.php?rest_route=%2Fwp%2Fv2%2Fmedia&parent=9384"}],"wp:term":[{"taxonomy":"category","embeddable":true,"href":"https:\/\/www.interaccionnoticias.com.mx\/index.php?rest_route=%2Fwp%2Fv2%2Fcategories&post=9384"},{"taxonomy":"post_tag","embeddable":true,"href":"https:\/\/www.interaccionnoticias.com.mx\/index.php?rest_route=%2Fwp%2Fv2%2Ftags&post=9384"}],"curies":[{"name":"wp","href":"https:\/\/api.w.org\/{rel}","templated":true}]}}