{"id":93837,"date":"2025-07-23T14:23:09","date_gmt":"2025-07-23T20:23:09","guid":{"rendered":"https:\/\/www.interaccionnoticias.com.mx\/?p=93837"},"modified":"2025-07-23T14:23:10","modified_gmt":"2025-07-23T20:23:10","slug":"lapidan-y-matan-a-una-mujer-en-chilpancingo","status":"publish","type":"post","link":"https:\/\/www.interaccionnoticias.com.mx\/?p=93837","title":{"rendered":"Lapidan y matan a una mujer, en Chilpancingo"},"content":{"rendered":"\n<p><em><strong>La encuentran en la parte alta de la colonia Puesta del Sol, en el sector poniente de la ciudad<\/strong><\/em><\/p>\n\n\n\n<p><strong>Interacci\u00f3n<\/strong><\/p>\n\n\n\n<p><strong>Chilpancingo, Gro., 23 de julio de 2025 \u2014<\/strong> Una mujer fue localizada sin vida la jornada de este mi\u00e9rcoles en la parte alta de la colonia Puesta del Sol, ubicada en el sector poniente de la capital del estado.<\/p>\n\n\n\n<p>De acuerdo con los primeros reportes, vecinos alertaron a las autoridades tras encontrar el cuerpo tendido en una zona cercana al acceso principal de la colonia antes mencionado.<\/p>\n\n\n\n<p>La v\u00edctima ten\u00eda a\u00fan una gran piedra en la cabeza, la cual fue utilizada para agredirla.<\/p>\n\n\n\n<p>Al lugar acudieron elementos de la Polic\u00eda Ministerial, quienes acordonaron el \u00e1rea y resguardaron la escena para preservar posibles indicios.<\/p>\n\n\n\n<p>Hasta el momento se desconoce la identidad de la v\u00edctima, as\u00ed como la causas de la agresi\u00f3n. Personal de la Fiscal\u00eda General del Estado se encuentra realizando las diligencias correspondientes.<\/p>\n\n\n\n<p>Al lugar se traslad\u00f3 personal de Servicio M\u00e9dico Forense (SEMEFO), para realizar el traslado hacia la morgue, donde se realizar\u00e1 la necropsia de ley.<\/p>\n","protected":false},"excerpt":{"rendered":"<p>La encuentran en la parte alta de la colonia Puesta del Sol, en el sector poniente de la ciudad Interacci\u00f3n Chilpancingo, Gro., 23 de julio de 2025 \u2014 Una mujer&hellip; <\/p>\n","protected":false},"author":4,"featured_media":93840,"comment_status":"open","ping_status":"open","sticky":false,"template":"","format":"standard","meta":{"fifu_image_url":"https:\/\/www.interaccionnoticias.com.mx\/wp-content\/uploads\/2025\/07\/250723-Lapidan-y-matan.jpg","fifu_image_alt":"","footnotes":""},"categories":[27],"tags":[],"class_list":["post-93837","post","type-post","status-publish","format-standard","has-post-thumbnail","hentry","category-seguridad-publica"],"_links":{"self":[{"href":"https:\/\/www.interaccionnoticias.com.mx\/index.php?rest_route=\/wp\/v2\/posts\/93837","targetHints":{"allow":["GET"]}}],"collection":[{"href":"https:\/\/www.interaccionnoticias.com.mx\/index.php?rest_route=\/wp\/v2\/posts"}],"about":[{"href":"https:\/\/www.interaccionnoticias.com.mx\/index.php?rest_route=\/wp\/v2\/types\/post"}],"author":[{"embeddable":true,"href":"https:\/\/www.interaccionnoticias.com.mx\/index.php?rest_route=\/wp\/v2\/users\/4"}],"replies":[{"embeddable":true,"href":"https:\/\/www.interaccionnoticias.com.mx\/index.php?rest_route=%2Fwp%2Fv2%2Fcomments&post=93837"}],"version-history":[{"count":1,"href":"https:\/\/www.interaccionnoticias.com.mx\/index.php?rest_route=\/wp\/v2\/posts\/93837\/revisions"}],"predecessor-version":[{"id":93839,"href":"https:\/\/www.interaccionnoticias.com.mx\/index.php?rest_route=\/wp\/v2\/posts\/93837\/revisions\/93839"}],"wp:featuredmedia":[{"embeddable":true,"href":"https:\/\/www.interaccionnoticias.com.mx\/index.php?rest_route=\/wp\/v2\/media\/93840"}],"wp:attachment":[{"href":"https:\/\/www.interaccionnoticias.com.mx\/index.php?rest_route=%2Fwp%2Fv2%2Fmedia&parent=93837"}],"wp:term":[{"taxonomy":"category","embeddable":true,"href":"https:\/\/www.interaccionnoticias.com.mx\/index.php?rest_route=%2Fwp%2Fv2%2Fcategories&post=93837"},{"taxonomy":"post_tag","embeddable":true,"href":"https:\/\/www.interaccionnoticias.com.mx\/index.php?rest_route=%2Fwp%2Fv2%2Ftags&post=93837"}],"curies":[{"name":"wp","href":"https:\/\/api.w.org\/{rel}","templated":true}]}}