{"id":93833,"date":"2025-07-23T14:19:07","date_gmt":"2025-07-23T20:19:07","guid":{"rendered":"https:\/\/www.interaccionnoticias.com.mx\/?p=93833"},"modified":"2025-07-23T14:19:08","modified_gmt":"2025-07-23T20:19:08","slug":"con-solo-11-anos-y-vendiendo-playeras-y-pulseras-harumi-se-corono-campeona-mundial-de-karate","status":"publish","type":"post","link":"https:\/\/www.interaccionnoticias.com.mx\/?p=93833","title":{"rendered":"Con solo 11 a\u00f1os y vendiendo playeras y pulseras, Harumi se coron\u00f3 campeona mundial de karate"},"content":{"rendered":"\n<p><strong>Jes\u00fas Dorantes \/ Chilpancingo<\/strong><\/p>\n\n\n\n<p>Harumi S\u00e1nchez Mart\u00ednez tiene 11 a\u00f1os y para convertirse en campeona mundial de karate, su familia tuvo que rifar productos, vender pulseras y camisetas, y confiar en el respaldo de su comunidad.<\/p>\n\n\n\n<p>La peque\u00f1a atleta originaria de Zihuatanejo regres\u00f3 a Guerrero con dos t\u00edtulos bajo el brazo, campeona del mundo en kata y en combate, tras su participaci\u00f3n en el Campeonato Mundial de Karate Do realizado del 9 al 14 de julio en Europa, donde compiti\u00f3 contra representantes de 17 pa\u00edses, entre ellos Alemania y Rumania.<\/p>\n\n\n\n<p>Este mi\u00e9rcoles, acompa\u00f1ada de su padre y entrenador, \u00d3scar S\u00e1nchez, y de su psic\u00f3logo deportivo, Daniel Catal\u00e1n, ofreci\u00f3 una conferencia de prensa en las instalaciones del Sindicato de Redactores de la Prensa, en Chilpancingo.<\/p>\n\n\n\n<p>\u201cEstoy feliz por lo que logr\u00e9, entren\u00e9 mucho y di todo lo mejor de m\u00ed\u201d, dijo Harumi, con sencillez, pero con la firmeza de quien ha aprendido a no rendirse. Empez\u00f3 en el karate a los tres a\u00f1os, por curiosidad y juego, pero con el tiempo lo convirti\u00f3 en su pasi\u00f3n y su proyecto de vida.<\/p>\n\n\n\n<p>\u201cEste triunfo no es solo m\u00edo, es para Guerrero, para M\u00e9xico y para mi Zihuatanejo\u201d, expres\u00f3 la joven deportista.<\/p>\n\n\n\n<p>Su padre, adem\u00e1s de entrenador, fue gestor, promotor, y vendedor ocasional para poder costear el viaje a Europa. \u201cEl boleto de avi\u00f3n cost\u00f3 hasta 35 mil pesos por persona. Nadie nos ayud\u00f3, tuvimos que hacer rifas y vender art\u00edculos. As\u00ed es como se forjan campeones en Guerrero\u201d, denunci\u00f3.<\/p>\n\n\n\n<p>\u00d3scar explic\u00f3 que, m\u00e1s all\u00e1 del entrenamiento f\u00edsico, fue necesario trabajar con un psic\u00f3logo para que su hija pudiera separar los roles de pap\u00e1 y entrenador, una carga emocional complicada para una ni\u00f1a. \u201cNo es f\u00e1cil. A veces se me ca\u00eda como pap\u00e1, pero se levantaba como atleta\u201d, coment\u00f3.<\/p>\n\n\n\n<p>El doctor Daniel Catal\u00e1n detall\u00f3 que el acompa\u00f1amiento psicol\u00f3gico no solo se enfoc\u00f3 en el alto rendimiento, sino tambi\u00e9n en su bienestar emocional, escolar y familiar. \u201cAqu\u00ed no se entrena solo el cuerpo, tambi\u00e9n se entrena el coraz\u00f3n y la mente\u201d, explic\u00f3.<\/p>\n\n\n\n<p>En septiembre, Harumi buscar\u00e1 su pase al campeonato mundial del estilo Chito Ryu, que se celebrar\u00e1 en Jap\u00f3n, una competencia de alto nivel y exigencia.<\/p>\n","protected":false},"excerpt":{"rendered":"<p>Jes\u00fas Dorantes \/ Chilpancingo Harumi S\u00e1nchez Mart\u00ednez tiene 11 a\u00f1os y para convertirse en campeona mundial de karate, su familia tuvo que rifar productos, vender pulseras y camisetas, y confiar&hellip; <\/p>\n","protected":false},"author":8,"featured_media":93836,"comment_status":"open","ping_status":"open","sticky":false,"template":"","format":"standard","meta":{"fifu_image_url":"https:\/\/www.interaccionnoticias.com.mx\/wp-content\/uploads\/2025\/07\/250723-Harumi-Sanchez-Martinez.jpg","fifu_image_alt":"","footnotes":""},"categories":[243],"tags":[],"class_list":["post-93833","post","type-post","status-publish","format-standard","has-post-thumbnail","hentry","category-deportes"],"_links":{"self":[{"href":"https:\/\/www.interaccionnoticias.com.mx\/index.php?rest_route=\/wp\/v2\/posts\/93833","targetHints":{"allow":["GET"]}}],"collection":[{"href":"https:\/\/www.interaccionnoticias.com.mx\/index.php?rest_route=\/wp\/v2\/posts"}],"about":[{"href":"https:\/\/www.interaccionnoticias.com.mx\/index.php?rest_route=\/wp\/v2\/types\/post"}],"author":[{"embeddable":true,"href":"https:\/\/www.interaccionnoticias.com.mx\/index.php?rest_route=\/wp\/v2\/users\/8"}],"replies":[{"embeddable":true,"href":"https:\/\/www.interaccionnoticias.com.mx\/index.php?rest_route=%2Fwp%2Fv2%2Fcomments&post=93833"}],"version-history":[{"count":1,"href":"https:\/\/www.interaccionnoticias.com.mx\/index.php?rest_route=\/wp\/v2\/posts\/93833\/revisions"}],"predecessor-version":[{"id":93835,"href":"https:\/\/www.interaccionnoticias.com.mx\/index.php?rest_route=\/wp\/v2\/posts\/93833\/revisions\/93835"}],"wp:featuredmedia":[{"embeddable":true,"href":"https:\/\/www.interaccionnoticias.com.mx\/index.php?rest_route=\/wp\/v2\/media\/93836"}],"wp:attachment":[{"href":"https:\/\/www.interaccionnoticias.com.mx\/index.php?rest_route=%2Fwp%2Fv2%2Fmedia&parent=93833"}],"wp:term":[{"taxonomy":"category","embeddable":true,"href":"https:\/\/www.interaccionnoticias.com.mx\/index.php?rest_route=%2Fwp%2Fv2%2Fcategories&post=93833"},{"taxonomy":"post_tag","embeddable":true,"href":"https:\/\/www.interaccionnoticias.com.mx\/index.php?rest_route=%2Fwp%2Fv2%2Ftags&post=93833"}],"curies":[{"name":"wp","href":"https:\/\/api.w.org\/{rel}","templated":true}]}}