{"id":93825,"date":"2025-07-23T14:13:03","date_gmt":"2025-07-23T20:13:03","guid":{"rendered":"https:\/\/www.interaccionnoticias.com.mx\/?p=93825"},"modified":"2025-07-23T14:16:52","modified_gmt":"2025-07-23T20:16:52","slug":"advierte-proteccion-civil-sobre-la-creciente-cantidad-de-accidentes-de-motocicletas","status":"publish","type":"post","link":"https:\/\/www.interaccionnoticias.com.mx\/?p=93825","title":{"rendered":"Advierte Protecci\u00f3n Civil sobre la creciente cantidad de accidentes de motocicletas"},"content":{"rendered":"\n<p><em><strong>&#8212; En ciudades como Acapulco, Chilpancingo, Iguala y Zihuatanejo<br>&#8212; El uso del caso no es garant\u00eda de seguridad cuando rebasan los 60 kil\u00f3metros por hora<br>&#8212; Las motonetas son muy vulnerables en las carreteras federales, indica<\/strong><\/em><\/p>\n\n\n\n<p><strong>Rogelio Agust\u00edn<\/strong><\/p>\n\n\n\n<p>El titular de la Secretar\u00eda de Protecci\u00f3n Civil del Gobierno de Guerrero, Roberto Arroyo Matus sostuvo que hasta el momento, el saldo que se desprende del operativo vacacional es blanco, pero lo preocupante son los accidentes que se generan en el caso de los conductores de motocicletas.<\/p>\n\n\n\n<p>Arroyo Matus record\u00f3 que en el operativo de verano se encuentran inmersas instituciones de seguridad de los tres niveles de gobierno, lo que ha permitido un despliegue importante, que ayuda con el la vigilancia de los tramos carreteros que registran la mayor afluencia vehicular.<\/p>\n\n\n\n<p>\u201cDe manera muy afortunada podemos decir que el saldo es blanco, se han registrado algunos accidentes, pero lo m\u00e1s importante es que se han tenido algunos apoyos m\u00ednimos, lo que confirma que no se han tenido accidentes graves\u201d, anot\u00f3.<\/p>\n\n\n\n<p>En contraparte, destac\u00f3 que lo que s\u00ed se ha incrementado de manera importante es el n\u00famero de accidentes en motocicletas, por eso es que se pide a la poblaci\u00f3n que tenga mucho cuidado, pues dichos vehiculos son de muy alto riesgo.<\/p>\n\n\n\n<p>Explic\u00f3: \u201cDebemos recordarles que si se conduce a una velocidad de 60 kil\u00f3metros por hora ya muchas veces el caso no es de mucha utilidad, por eso el llamado es a extremar precauciones, para no tener accidentes que lamentar\u201d.<\/p>\n\n\n\n<p>Ante un cuestionamiento directo, destac\u00f3 que los percances en motocicleta se registran en ciudades como Acapulco, Chilpancingo, Zihuatanejo, Iguala y \u00faltimamente tambi\u00e9n algunos municipios de la Monta\u00f1a.<\/p>\n\n\n\n<p>\u201cLa verdad es que s\u00ed nos alarma porque de tres accidentes que llegan a ocurrir, dos est\u00e1n relacionados con el uso de motocicletas\u201d, anot\u00f3.<\/p>\n\n\n\n<p>Otra particularidad que se presenta, es la confrontaci\u00f3n f\u00edsica entre automovilistas y conductores de moto.<\/p>\n\n\n\n<p>En el caso de las motonetas, record\u00f3 que son vehiculos muy ligeros que no est\u00e1n aptos para circular en carreteras federales, pues si llegan a circular a 60 kil\u00f3metros por hora est\u00e1n en riesgo de perder el control, adem\u00e1s de que con dicha velocidad el uso del caso ya no es garant\u00eda de seguridad.<\/p>\n\n\n\n<p>Indic\u00f3: \u201cHemos encontrado cascos partidos de conductores que circulaban a 60 o 70 kil\u00f3metros por hora, lo que representa el riesgo de lesiones muy graves\u201d.<\/p>\n\n\n\n<figure class=\"wp-block-gallery has-nested-images columns-default is-cropped wp-block-gallery-1 is-layout-flex wp-block-gallery-is-layout-flex\">\n<figure class=\"wp-block-image size-large\"><img decoding=\"async\" src=\"data:image\/gif;base64,R0lGODlhAQABAIAAAAAAAP\/\/\/ywAAAAAAQABAAACAUwAOw==\" fifu-lazy=\"1\" fifu-data-sizes=\"auto\" fifu-data-srcset=\"https:\/\/i2.wp.com\/www.interaccionnoticias.com.mx\/wp-content\/uploads\/2025\/07\/250723-accidentes-de-motocicletas.jpg?ssl=1&w=75&resize=75&ssl=1 75w, https:\/\/i2.wp.com\/www.interaccionnoticias.com.mx\/wp-content\/uploads\/2025\/07\/250723-accidentes-de-motocicletas.jpg?ssl=1&w=100&resize=100&ssl=1 100w, https:\/\/i2.wp.com\/www.interaccionnoticias.com.mx\/wp-content\/uploads\/2025\/07\/250723-accidentes-de-motocicletas.jpg?ssl=1&w=150&resize=150&ssl=1 150w, https:\/\/i2.wp.com\/www.interaccionnoticias.com.mx\/wp-content\/uploads\/2025\/07\/250723-accidentes-de-motocicletas.jpg?ssl=1&w=240&resize=240&ssl=1 240w, https:\/\/i2.wp.com\/www.interaccionnoticias.com.mx\/wp-content\/uploads\/2025\/07\/250723-accidentes-de-motocicletas.jpg?ssl=1&w=320&resize=320&ssl=1 320w, https:\/\/i2.wp.com\/www.interaccionnoticias.com.mx\/wp-content\/uploads\/2025\/07\/250723-accidentes-de-motocicletas.jpg?ssl=1&w=500&resize=500&ssl=1 500w, https:\/\/i2.wp.com\/www.interaccionnoticias.com.mx\/wp-content\/uploads\/2025\/07\/250723-accidentes-de-motocicletas.jpg?ssl=1&w=640&resize=640&ssl=1 640w, https:\/\/i2.wp.com\/www.interaccionnoticias.com.mx\/wp-content\/uploads\/2025\/07\/250723-accidentes-de-motocicletas.jpg?ssl=1&w=800&resize=800&ssl=1 800w, https:\/\/i2.wp.com\/www.interaccionnoticias.com.mx\/wp-content\/uploads\/2025\/07\/250723-accidentes-de-motocicletas.jpg?ssl=1&w=1024&resize=1024&ssl=1 1024w, https:\/\/i2.wp.com\/www.interaccionnoticias.com.mx\/wp-content\/uploads\/2025\/07\/250723-accidentes-de-motocicletas.jpg?ssl=1&w=1280&resize=1280&ssl=1 1280w, https:\/\/i2.wp.com\/www.interaccionnoticias.com.mx\/wp-content\/uploads\/2025\/07\/250723-accidentes-de-motocicletas.jpg?ssl=1&w=1600&resize=1600&ssl=1 1600w\" data-id=\"93829\" fifu-data-src=\"https:\/\/i2.wp.com\/www.interaccionnoticias.com.mx\/wp-content\/uploads\/2025\/07\/250723-accidentes-de-motocicletas.jpg?ssl=1\" alt=\"\" class=\"wp-image-93829\"\/><\/figure>\n\n\n\n<figure class=\"wp-block-image size-large\"><img decoding=\"async\" src=\"data:image\/gif;base64,R0lGODlhAQABAIAAAAAAAP\/\/\/ywAAAAAAQABAAACAUwAOw==\" fifu-lazy=\"1\" fifu-data-sizes=\"auto\" fifu-data-srcset=\"https:\/\/i1.wp.com\/www.interaccionnoticias.com.mx\/wp-content\/uploads\/2025\/07\/250723-Proteccion-Civil.jpg?ssl=1&w=75&resize=75&ssl=1 75w, https:\/\/i1.wp.com\/www.interaccionnoticias.com.mx\/wp-content\/uploads\/2025\/07\/250723-Proteccion-Civil.jpg?ssl=1&w=100&resize=100&ssl=1 100w, https:\/\/i1.wp.com\/www.interaccionnoticias.com.mx\/wp-content\/uploads\/2025\/07\/250723-Proteccion-Civil.jpg?ssl=1&w=150&resize=150&ssl=1 150w, https:\/\/i1.wp.com\/www.interaccionnoticias.com.mx\/wp-content\/uploads\/2025\/07\/250723-Proteccion-Civil.jpg?ssl=1&w=240&resize=240&ssl=1 240w, https:\/\/i1.wp.com\/www.interaccionnoticias.com.mx\/wp-content\/uploads\/2025\/07\/250723-Proteccion-Civil.jpg?ssl=1&w=320&resize=320&ssl=1 320w, https:\/\/i1.wp.com\/www.interaccionnoticias.com.mx\/wp-content\/uploads\/2025\/07\/250723-Proteccion-Civil.jpg?ssl=1&w=500&resize=500&ssl=1 500w, https:\/\/i1.wp.com\/www.interaccionnoticias.com.mx\/wp-content\/uploads\/2025\/07\/250723-Proteccion-Civil.jpg?ssl=1&w=640&resize=640&ssl=1 640w, https:\/\/i1.wp.com\/www.interaccionnoticias.com.mx\/wp-content\/uploads\/2025\/07\/250723-Proteccion-Civil.jpg?ssl=1&w=800&resize=800&ssl=1 800w, https:\/\/i1.wp.com\/www.interaccionnoticias.com.mx\/wp-content\/uploads\/2025\/07\/250723-Proteccion-Civil.jpg?ssl=1&w=1024&resize=1024&ssl=1 1024w, https:\/\/i1.wp.com\/www.interaccionnoticias.com.mx\/wp-content\/uploads\/2025\/07\/250723-Proteccion-Civil.jpg?ssl=1&w=1280&resize=1280&ssl=1 1280w, https:\/\/i1.wp.com\/www.interaccionnoticias.com.mx\/wp-content\/uploads\/2025\/07\/250723-Proteccion-Civil.jpg?ssl=1&w=1600&resize=1600&ssl=1 1600w\" data-id=\"93826\" fifu-data-src=\"https:\/\/i1.wp.com\/www.interaccionnoticias.com.mx\/wp-content\/uploads\/2025\/07\/250723-Proteccion-Civil.jpg?ssl=1\" alt=\"\" class=\"wp-image-93826\"\/><\/figure>\n<\/figure>\n","protected":false},"excerpt":{"rendered":"<p>&#8212; En ciudades como Acapulco, Chilpancingo, Iguala y Zihuatanejo&#8212; El uso del caso no es garant\u00eda de seguridad cuando rebasan los 60 kil\u00f3metros por hora&#8212; Las motonetas son muy vulnerables&hellip; <\/p>\n","protected":false},"author":21,"featured_media":93832,"comment_status":"open","ping_status":"open","sticky":false,"template":"","format":"standard","meta":{"fifu_image_url":"https:\/\/www.interaccionnoticias.com.mx\/wp-content\/uploads\/2025\/07\/250723-accidentes-de-motocicletas.jpg","fifu_image_alt":"","footnotes":""},"categories":[11],"tags":[],"class_list":["post-93825","post","type-post","status-publish","format-standard","has-post-thumbnail","hentry","category-guerrero"],"_links":{"self":[{"href":"https:\/\/www.interaccionnoticias.com.mx\/index.php?rest_route=\/wp\/v2\/posts\/93825","targetHints":{"allow":["GET"]}}],"collection":[{"href":"https:\/\/www.interaccionnoticias.com.mx\/index.php?rest_route=\/wp\/v2\/posts"}],"about":[{"href":"https:\/\/www.interaccionnoticias.com.mx\/index.php?rest_route=\/wp\/v2\/types\/post"}],"author":[{"embeddable":true,"href":"https:\/\/www.interaccionnoticias.com.mx\/index.php?rest_route=\/wp\/v2\/users\/21"}],"replies":[{"embeddable":true,"href":"https:\/\/www.interaccionnoticias.com.mx\/index.php?rest_route=%2Fwp%2Fv2%2Fcomments&post=93825"}],"version-history":[{"count":2,"href":"https:\/\/www.interaccionnoticias.com.mx\/index.php?rest_route=\/wp\/v2\/posts\/93825\/revisions"}],"predecessor-version":[{"id":93831,"href":"https:\/\/www.interaccionnoticias.com.mx\/index.php?rest_route=\/wp\/v2\/posts\/93825\/revisions\/93831"}],"wp:featuredmedia":[{"embeddable":true,"href":"https:\/\/www.interaccionnoticias.com.mx\/index.php?rest_route=\/wp\/v2\/media\/93832"}],"wp:attachment":[{"href":"https:\/\/www.interaccionnoticias.com.mx\/index.php?rest_route=%2Fwp%2Fv2%2Fmedia&parent=93825"}],"wp:term":[{"taxonomy":"category","embeddable":true,"href":"https:\/\/www.interaccionnoticias.com.mx\/index.php?rest_route=%2Fwp%2Fv2%2Fcategories&post=93825"},{"taxonomy":"post_tag","embeddable":true,"href":"https:\/\/www.interaccionnoticias.com.mx\/index.php?rest_route=%2Fwp%2Fv2%2Ftags&post=93825"}],"curies":[{"name":"wp","href":"https:\/\/api.w.org\/{rel}","templated":true}]}}