{"id":93821,"date":"2025-07-23T14:09:34","date_gmt":"2025-07-23T20:09:34","guid":{"rendered":"https:\/\/www.interaccionnoticias.com.mx\/?p=93821"},"modified":"2025-07-23T14:09:35","modified_gmt":"2025-07-23T20:09:35","slug":"juez-sentencia-a-60-anos-de-prision-a-cinco-secuestradores","status":"publish","type":"post","link":"https:\/\/www.interaccionnoticias.com.mx\/?p=93821","title":{"rendered":"Juez sentencia a 60 a\u00f1os de prisi\u00f3n a cinco secuestradores"},"content":{"rendered":"\n<p><em><strong>&#8212; Entre los imputados est\u00e1 una mujer<br>&#8212; El delito se cometi\u00f3 en Chilpancingo, en octubre de 2022<\/strong><\/em><\/p>\n\n\n\n<p><strong>Rogelio Agust\u00edn<\/strong><\/p>\n\n\n\n<p>La Fiscal\u00eda General del Estado (FGE) dio a conocer que un juez sentenci\u00f3 a 60 a\u00f1os de prisi\u00f3n a cinco personas que de acuerdo con sus investigciones, son responsables del delito de secuestro agravado.<\/p>\n\n\n\n<p>La instituci\u00f3n encargada de la persecuci\u00f3n de los delitos inform\u00f3 este mi\u00e9rcoles que los sentenciados son Adriel \u201cN\u201d, Rafael \u201cN\u201d, Carlos \u201cN\u201d, \u00c1ngel \u201cN\u201d y Yuridia \u201cN\u201d, por su responsabilidad en el delito de secuestro agravado, cometido en agravio de una v\u00edctima de identidad reservada.<\/p>\n\n\n\n<p>A los sentenciados tambi\u00e9n se les impuso una multa de 481 mil 100 pesos y la suspensi\u00f3n de sus derechos pol\u00edticos durante el tiempo que dure la pena privativa de libertad.<\/p>\n\n\n\n<p>En el comunicado emitido este mi\u00e9rcoles, se refiere que los hechos ocurrieron el 23 de octubre de 2022, en la colonia El Polvor\u00edn, ubicada en la salida morte de Chilpancingo.<\/p>\n\n\n\n<p>La Fiscal\u00eda Especializada contra el Secuestro report\u00f3 la privaci\u00f3n de la libertad de la v\u00edctima, quien fue subida por la fuerza a un veh\u00edculo y trasladada con rumbo desconocido.<\/p>\n\n\n\n<p>Tras la denuncia, el personal especializado brind\u00f3 asesor\u00eda inmediata a la parte denunciante y realiz\u00f3 las acciones necesarias, lo que permiti\u00f3 que la persona regresara con su familia, sano y salvo.<\/p>\n\n\n\n<p>Sin embargo, las investigaciones siguieron hasta lograr la captura de los involucrados, su detenci\u00f3n, vinculaci\u00f3n a proceso y ahora la sentencia.<\/p>\n","protected":false},"excerpt":{"rendered":"<p>&#8212; Entre los imputados est\u00e1 una mujer&#8212; El delito se cometi\u00f3 en Chilpancingo, en octubre de 2022 Rogelio Agust\u00edn La Fiscal\u00eda General del Estado (FGE) dio a conocer que un&hellip; <\/p>\n","protected":false},"author":21,"featured_media":93824,"comment_status":"open","ping_status":"open","sticky":false,"template":"","format":"standard","meta":{"fifu_image_url":"https:\/\/www.interaccionnoticias.com.mx\/wp-content\/uploads\/2025\/07\/250723-secuestro-agravado.jpg","fifu_image_alt":"","footnotes":""},"categories":[27],"tags":[],"class_list":["post-93821","post","type-post","status-publish","format-standard","has-post-thumbnail","hentry","category-seguridad-publica"],"_links":{"self":[{"href":"https:\/\/www.interaccionnoticias.com.mx\/index.php?rest_route=\/wp\/v2\/posts\/93821","targetHints":{"allow":["GET"]}}],"collection":[{"href":"https:\/\/www.interaccionnoticias.com.mx\/index.php?rest_route=\/wp\/v2\/posts"}],"about":[{"href":"https:\/\/www.interaccionnoticias.com.mx\/index.php?rest_route=\/wp\/v2\/types\/post"}],"author":[{"embeddable":true,"href":"https:\/\/www.interaccionnoticias.com.mx\/index.php?rest_route=\/wp\/v2\/users\/21"}],"replies":[{"embeddable":true,"href":"https:\/\/www.interaccionnoticias.com.mx\/index.php?rest_route=%2Fwp%2Fv2%2Fcomments&post=93821"}],"version-history":[{"count":1,"href":"https:\/\/www.interaccionnoticias.com.mx\/index.php?rest_route=\/wp\/v2\/posts\/93821\/revisions"}],"predecessor-version":[{"id":93823,"href":"https:\/\/www.interaccionnoticias.com.mx\/index.php?rest_route=\/wp\/v2\/posts\/93821\/revisions\/93823"}],"wp:featuredmedia":[{"embeddable":true,"href":"https:\/\/www.interaccionnoticias.com.mx\/index.php?rest_route=\/wp\/v2\/media\/93824"}],"wp:attachment":[{"href":"https:\/\/www.interaccionnoticias.com.mx\/index.php?rest_route=%2Fwp%2Fv2%2Fmedia&parent=93821"}],"wp:term":[{"taxonomy":"category","embeddable":true,"href":"https:\/\/www.interaccionnoticias.com.mx\/index.php?rest_route=%2Fwp%2Fv2%2Fcategories&post=93821"},{"taxonomy":"post_tag","embeddable":true,"href":"https:\/\/www.interaccionnoticias.com.mx\/index.php?rest_route=%2Fwp%2Fv2%2Ftags&post=93821"}],"curies":[{"name":"wp","href":"https:\/\/api.w.org\/{rel}","templated":true}]}}