{"id":93817,"date":"2025-07-23T14:05:02","date_gmt":"2025-07-23T20:05:02","guid":{"rendered":"https:\/\/www.interaccionnoticias.com.mx\/?p=93817"},"modified":"2025-07-23T14:05:04","modified_gmt":"2025-07-23T20:05:04","slug":"yo-no-soy-chapulin-dice-felix-salgado-y-ratifica-su-permanencia-en-morena","status":"publish","type":"post","link":"https:\/\/www.interaccionnoticias.com.mx\/?p=93817","title":{"rendered":"\u201cYo no soy chapulin\u201d, dice F\u00e9lix Salgado y ratifica su permanencia en MORENA"},"content":{"rendered":"\n<p><em><strong>&#8212; El senador sostiene que a\u00fan es muy temprano para hablar sobre la sucesi\u00f3n de 2027<br>&#8212; Ratifica su lealtad a la presidenta Claudia Sheinbaum y al ex presidente Andr\u00e9s Manuel L\u00f3pez Obrador<\/strong><\/em><\/p>\n\n\n\n<p><strong>Rogelio Agust\u00edn<\/strong><\/p>\n\n\n\n<p>\u201cYo no soy chapul\u00edn\u201d, dijo el senador F\u00e9lix Salgado Macedonio al momento de ratificar su permanencia en MORENA, tambien consider\u00f3 que a\u00fan es muy temprano para hablar de la sucesi\u00f3n y del proceso electoral de 2027.<\/p>\n\n\n\n<p>En una transmision realizada desde su perfil de Facebook, Salgado Macedonio se asumi\u00f3 como un cuadro politico formado en la izquierda, \u201cleal y fiel\u201d a la presidenta Caudia Sheinbaum Pardo, al ex presidente Andr\u00e9s Manuel L\u00f3pez Obrador y la presidenta del Comit\u00e9 Ejecutivo Nacional (CEN) Luisa Mar\u00eda Alcalde.<\/p>\n\n\n\n<p>\u201cYo soy de MORENA\u201d, enfatiz\u00f3 el representante popular, para manifestar que ha sido un honor participar en la elecci\u00f3n que perfilo a la actual presidenta de la Rep\u00fablica, pero que adem\u00e1s consigui\u00f3 la mayor\u00eda calificada en el Senado de la Rep\u00fablica, la C\u00e1mara de diputados federales y materializ\u00f3 reformas importantes como la del Podr Judicial.<\/p>\n\n\n\n<p>Record\u00f3 que es una persona que ya ronda los 70 a\u00f1os de edad, que se considera preparado y que generalmente no se cansa.<\/p>\n\n\n\n<p>\u201cYo siempre me mantengo leal, fiel, no me rajo ante nada jamas, nunca, soy leal a nuestra presidente del Comit\u00e9 Nacioal Luisa Mar\u00eda Alcalde, por eso dejo en claro que no me voy de morena\u201d, anot\u00f3.<\/p>\n\n\n\n<p>Dijo adem\u00e1s, que todav\u00eda es muy temprano para hablar sobre la contienda electoral de 2027, cuando se renovar\u00e1 la gubernatura de Guerrero.<\/p>\n\n\n\n<p>Enfatiz\u00f3: \u201cLo que est\u00e1 escrito y dicho se respeta\u201d, en relaci\u00f3n a los lineamientos aprobados en el Consejo Nacional de MORENA en torno a temas como la reelecci\u00f3n y el nepotismo.<\/p>\n\n\n\n<p>Reiter\u00f3 su actitud de agradecimiento con MORENA, partido porl\u00edtico que dijo, lo ha postulado dos veces al Senado y una a la gubernatura, aunque fue retirado del proceso por decisi\u00f3n de los \u00f3rganos electorales.<\/p>\n\n\n\n<p>\u201cYo no soy chapulin, conmigo nada de trampolines\u201d, dijo a quienes manifest\u00f3, han dudado de su permanencia en el partido.<\/p>\n","protected":false},"excerpt":{"rendered":"<p>&#8212; El senador sostiene que a\u00fan es muy temprano para hablar sobre la sucesi\u00f3n de 2027&#8212; Ratifica su lealtad a la presidenta Claudia Sheinbaum y al ex presidente Andr\u00e9s Manuel&hellip; <\/p>\n","protected":false},"author":21,"featured_media":93820,"comment_status":"open","ping_status":"open","sticky":false,"template":"","format":"standard","meta":{"fifu_image_url":"https:\/\/www.interaccionnoticias.com.mx\/wp-content\/uploads\/2025\/07\/250723-Felix-Salgado.jpg","fifu_image_alt":"","footnotes":""},"categories":[21],"tags":[],"class_list":["post-93817","post","type-post","status-publish","format-standard","has-post-thumbnail","hentry","category-politica"],"_links":{"self":[{"href":"https:\/\/www.interaccionnoticias.com.mx\/index.php?rest_route=\/wp\/v2\/posts\/93817","targetHints":{"allow":["GET"]}}],"collection":[{"href":"https:\/\/www.interaccionnoticias.com.mx\/index.php?rest_route=\/wp\/v2\/posts"}],"about":[{"href":"https:\/\/www.interaccionnoticias.com.mx\/index.php?rest_route=\/wp\/v2\/types\/post"}],"author":[{"embeddable":true,"href":"https:\/\/www.interaccionnoticias.com.mx\/index.php?rest_route=\/wp\/v2\/users\/21"}],"replies":[{"embeddable":true,"href":"https:\/\/www.interaccionnoticias.com.mx\/index.php?rest_route=%2Fwp%2Fv2%2Fcomments&post=93817"}],"version-history":[{"count":1,"href":"https:\/\/www.interaccionnoticias.com.mx\/index.php?rest_route=\/wp\/v2\/posts\/93817\/revisions"}],"predecessor-version":[{"id":93819,"href":"https:\/\/www.interaccionnoticias.com.mx\/index.php?rest_route=\/wp\/v2\/posts\/93817\/revisions\/93819"}],"wp:featuredmedia":[{"embeddable":true,"href":"https:\/\/www.interaccionnoticias.com.mx\/index.php?rest_route=\/wp\/v2\/media\/93820"}],"wp:attachment":[{"href":"https:\/\/www.interaccionnoticias.com.mx\/index.php?rest_route=%2Fwp%2Fv2%2Fmedia&parent=93817"}],"wp:term":[{"taxonomy":"category","embeddable":true,"href":"https:\/\/www.interaccionnoticias.com.mx\/index.php?rest_route=%2Fwp%2Fv2%2Fcategories&post=93817"},{"taxonomy":"post_tag","embeddable":true,"href":"https:\/\/www.interaccionnoticias.com.mx\/index.php?rest_route=%2Fwp%2Fv2%2Ftags&post=93817"}],"curies":[{"name":"wp","href":"https:\/\/api.w.org\/{rel}","templated":true}]}}