{"id":93761,"date":"2025-07-21T18:25:00","date_gmt":"2025-07-22T00:25:00","guid":{"rendered":"https:\/\/www.interaccionnoticias.com.mx\/?p=93761"},"modified":"2025-07-21T23:03:03","modified_gmt":"2025-07-22T05:03:03","slug":"replantear-estrategia-de-seguridad-plantea-esp","status":"publish","type":"post","link":"https:\/\/www.interaccionnoticias.com.mx\/?p=93761","title":{"rendered":"Replantear estrategia de seguridad, plantea: ESP"},"content":{"rendered":"\n<p><strong><em>&#8212; El reforzamiento en Acapulco por vacaciones, indica<br>&#8212; Destac\u00f3 que hay inversionistas muestran inter\u00e9s en el puerto<\/em><\/strong><\/p>\n\n\n\n<p><strong>Javier Trujillo<\/strong><\/p>\n\n\n\n<p><strong>Acapulco, Gro. &#8211; <\/strong>Tras los hechos de violencia registrados en la regi\u00f3n de la Costa Chica y Acapulco, la gobernadora Evelyn Salgado Pineda, adelant\u00f3 que reforz\u00f3 la seguridad, ante el repunte de hechos violentos.<\/p>\n\n\n\n<p>\u201cSe hizo un reforzamiento a ra\u00edz del operativo que se est\u00e1 llevando a cabo en este periodo vacacional, que incluye desde la Autopista del Sol, hasta los lugares tur\u00edsticos como son Zihuatanejo, Acapulco, Taxco, Costa Chica y Costa Grande.<\/p>\n\n\n\n<p>\u201cEstamos haciendo este reforzamiento en la seguridad, no nada m\u00e1s en Acapulco, sino en todas las regiones, y con este operativo que est\u00e1 funcionando\u201d, dijo la mandataria estatal al inaugurar la primera etapa de rehabilitaci\u00f3n del Polideportivo Cici de Ciudad Renacimiento.<\/p>\n\n\n\n<p>La jefa del poder ejecutivo estatal reafirm\u00f3 su compromiso con la construcci\u00f3n de un entorno seguro y pac\u00edfico para todas las familias.<\/p>\n\n\n\n<p>Enfatiz\u00f3 al se\u00f1alar que dichas acciones forman parte del operativo especial desplegado en el periodo vacacional en toda la entidad, que incluye la vigilancia en carreteras y sitios recreativos, remarc\u00f3.<\/p>\n\n\n\n<p>Con relaci\u00f3n a la temporada vacacional, Salgado Pineda, detall\u00f3 que Acapulco obtuvo una ocupaci\u00f3n hotelera del 73 por ciento al iniciar el periodo, tendencia que proyect\u00f3 llegar\u00e1 a su m\u00e1xima capacidad en los pr\u00f3ximos d\u00edas.<\/p>\n\n\n\n<p>En entrevista, la gobernadora de Guerrero, se refiri\u00f3 al tema de la recuperaci\u00f3n del puerto, en la que destac\u00f3 que inversionistas nacionales han mostrado inter\u00e9s en construir nuevos hoteles y restaurantes en este destino tur\u00edstico.<\/p>\n\n\n\n<p>Adem\u00e1s, subray\u00f3 que los establecimientos afectados se renovaron tras la destrucci\u00f3n de los huracanes \u201cOtis\u201d y \u201cJohn\u201d.<\/p>\n\n\n\n<p>\u201cVienen muchos turistas y siguen prefiriendo Acapulco, porque es un lugar de tradici\u00f3n y vienen y descansan.<\/p>\n\n\n\n<p>\u201cYo insisto en que Acapulco, sigue siendo un destino favorito para muchas familias que desean vacacionar\u201d, se\u00f1al\u00f3.<\/p>\n\n\n\n<p>La mandataria estatal, a\u00f1adi\u00f3 que otras playas del estado, como Coyuca de Ben\u00edtez, La Uni\u00f3n y localidades de Costa Chica y Costa Grande, tambi\u00e9n reportan gran afluencia de turistas.<\/p>\n\n\n\n<p>Adem\u00e1s, indic\u00f3 que su administraci\u00f3n continuar\u00e1 invirtiendo en espacios recreativos y deportivos para las familias guerrerenses y vacacionistas que llegan a la entidad.<\/p>\n","protected":false},"excerpt":{"rendered":"<p>&#8212; El reforzamiento en Acapulco por vacaciones, indica&#8212; Destac\u00f3 que hay inversionistas muestran inter\u00e9s en el puerto Javier Trujillo Acapulco, Gro. &#8211; Tras los hechos de violencia registrados en la&hellip; <\/p>\n","protected":false},"author":3,"featured_media":93764,"comment_status":"open","ping_status":"open","sticky":false,"template":"","format":"standard","meta":{"fifu_image_url":"https:\/\/www.interaccionnoticias.com.mx\/wp-content\/uploads\/2025\/07\/250721-Evelyn-Salgado-Pineda.jpg","fifu_image_alt":"","footnotes":""},"categories":[11],"tags":[],"class_list":["post-93761","post","type-post","status-publish","format-standard","has-post-thumbnail","hentry","category-guerrero"],"_links":{"self":[{"href":"https:\/\/www.interaccionnoticias.com.mx\/index.php?rest_route=\/wp\/v2\/posts\/93761","targetHints":{"allow":["GET"]}}],"collection":[{"href":"https:\/\/www.interaccionnoticias.com.mx\/index.php?rest_route=\/wp\/v2\/posts"}],"about":[{"href":"https:\/\/www.interaccionnoticias.com.mx\/index.php?rest_route=\/wp\/v2\/types\/post"}],"author":[{"embeddable":true,"href":"https:\/\/www.interaccionnoticias.com.mx\/index.php?rest_route=\/wp\/v2\/users\/3"}],"replies":[{"embeddable":true,"href":"https:\/\/www.interaccionnoticias.com.mx\/index.php?rest_route=%2Fwp%2Fv2%2Fcomments&post=93761"}],"version-history":[{"count":1,"href":"https:\/\/www.interaccionnoticias.com.mx\/index.php?rest_route=\/wp\/v2\/posts\/93761\/revisions"}],"predecessor-version":[{"id":93763,"href":"https:\/\/www.interaccionnoticias.com.mx\/index.php?rest_route=\/wp\/v2\/posts\/93761\/revisions\/93763"}],"wp:featuredmedia":[{"embeddable":true,"href":"https:\/\/www.interaccionnoticias.com.mx\/index.php?rest_route=\/wp\/v2\/media\/93764"}],"wp:attachment":[{"href":"https:\/\/www.interaccionnoticias.com.mx\/index.php?rest_route=%2Fwp%2Fv2%2Fmedia&parent=93761"}],"wp:term":[{"taxonomy":"category","embeddable":true,"href":"https:\/\/www.interaccionnoticias.com.mx\/index.php?rest_route=%2Fwp%2Fv2%2Fcategories&post=93761"},{"taxonomy":"post_tag","embeddable":true,"href":"https:\/\/www.interaccionnoticias.com.mx\/index.php?rest_route=%2Fwp%2Fv2%2Ftags&post=93761"}],"curies":[{"name":"wp","href":"https:\/\/api.w.org\/{rel}","templated":true}]}}