{"id":93747,"date":"2025-07-21T13:45:00","date_gmt":"2025-07-21T19:45:00","guid":{"rendered":"https:\/\/www.interaccionnoticias.com.mx\/?p=93747"},"modified":"2025-07-21T22:30:50","modified_gmt":"2025-07-22T04:30:50","slug":"presenta-la-appg-propuestas-para-la-xviii-presea-popular-sentimientos-del-pueblo-en-chilpancingo","status":"publish","type":"post","link":"https:\/\/www.interaccionnoticias.com.mx\/?p=93747","title":{"rendered":"Presenta la APPG propuestas para la XVIII Presea Popular \u201cSentimientos del Pueblo\u201d en Chilpancingo"},"content":{"rendered":"\n<p><strong><em>&#8212; Organizaciones sociales postulan a periodistas, luchadores sociales y maestros<\/em><\/strong><\/p>\n\n\n\n<p><strong>SNI<\/strong><\/p>\n\n\n\n<p>La Asamblea Popular de los Pueblos de Guerrero (APPG) anunci\u00f3 este lunes las propuestas para la XVIII edici\u00f3n de la Presea Popular \u201cSentimientos del Pueblo\u201d, un reconocimiento alterno al otorgado por el Congreso del Estado y el gobierno local, impulsado por organizaciones sociales, civiles, estudiantiles y sindicales.<\/p>\n\n\n\n<p>En conferencia de prensa realizada en la Alameda Granados Maldonado, frente al Monumento a los Ca\u00eddos del 60, el dirigente de la APPG, Nicol\u00e1s Ch\u00e1vez Adame, acompa\u00f1ado por activistas y l\u00edderes de distintas regiones del estado, dio a conocer los nombres de quienes ser\u00edan galardonados este 13 de septiembre.<\/p>\n\n\n\n<p>Entre las propuestas destaca la del periodista Zacar\u00edas Cervantes G\u00f3mez, por su trayectoria en la cobertura de luchas sociales y violaciones a derechos humanos en Guerrero. Ch\u00e1vez Adame record\u00f3 que la presea tambi\u00e9n se hab\u00eda considerado en vida para el periodista Juan Cervantes, fallecido recientemente. \u201cLa vida es incierta y a veces se nos adelantan, por eso reconocemos en vida mientras se puede\u201d, expres\u00f3.<\/p>\n\n\n\n<p>Tambi\u00e9n se propuso entregar la presea a Soledad Hern\u00e1ndez Mena, hija del luchador social Arturo Hern\u00e1ndez Cardona, quien fue asesinado antes de la desaparici\u00f3n de los 43 estudiantes de Ayotzinapa. Hern\u00e1ndez Cardona fue l\u00edder de la organizaci\u00f3n Popular Democr\u00e1tica de Guerrero (OPDG) y su crimen, hasta hoy, sigue impune.<\/p>\n\n\n\n<p>Desde el \u00e1mbito magisterial, la APPG plante\u00f3 reconocer al profesor Zorzal Mart\u00ednez Villagr\u00e1n, fundador de la Coordinadora Nacional de Trabajadores de la Educaci\u00f3n (CNTE) y activo defensor del movimiento democr\u00e1tico magisterial, particularmente en la Secci\u00f3n IX del magisterio nacional.<\/p>\n\n\n\n<p>Asimismo, se mencion\u00f3 como propuesta al comandante guerrillero C\u00e9sar Montes L\u00f3pez, originario de Guatemala, a quien la APPG calific\u00f3 como \u201cel \u00faltimo comandante vivo de las luchas armadas centroamericanas\u201d. Nicol\u00e1s Ch\u00e1vez afirm\u00f3 que, incluso, el presidente Andr\u00e9s Manuel L\u00f3pez Obrador habr\u00eda respaldado en su momento que se le garantizaran condiciones para permanecer en M\u00e9xico.<\/p>\n\n\n\n<p>Ch\u00e1vez Adame subray\u00f3 que esta presea es elaborada por los mineros de Taxco, quienes llevan m\u00e1s de 18 a\u00f1os en huelga, lo que refuerza su valor simb\u00f3lico y pol\u00edtico. \u201cEste reconocimiento no lo entrega el poder, lo entrega el pueblo organizado, a quienes realmente han contribuido a las causas sociales\u201d, sostuvo.<\/p>\n","protected":false},"excerpt":{"rendered":"<p>&#8212; Organizaciones sociales postulan a periodistas, luchadores sociales y maestros SNI La Asamblea Popular de los Pueblos de Guerrero (APPG) anunci\u00f3 este lunes las propuestas para la XVIII edici\u00f3n de&hellip; <\/p>\n","protected":false},"author":4,"featured_media":93750,"comment_status":"open","ping_status":"open","sticky":false,"template":"","format":"standard","meta":{"fifu_image_url":"https:\/\/www.interaccionnoticias.com.mx\/wp-content\/uploads\/2025\/07\/250721-APPG.jpg","fifu_image_alt":"","footnotes":""},"categories":[15],"tags":[],"class_list":["post-93747","post","type-post","status-publish","format-standard","has-post-thumbnail","hentry","category-movimientos-sociales"],"_links":{"self":[{"href":"https:\/\/www.interaccionnoticias.com.mx\/index.php?rest_route=\/wp\/v2\/posts\/93747","targetHints":{"allow":["GET"]}}],"collection":[{"href":"https:\/\/www.interaccionnoticias.com.mx\/index.php?rest_route=\/wp\/v2\/posts"}],"about":[{"href":"https:\/\/www.interaccionnoticias.com.mx\/index.php?rest_route=\/wp\/v2\/types\/post"}],"author":[{"embeddable":true,"href":"https:\/\/www.interaccionnoticias.com.mx\/index.php?rest_route=\/wp\/v2\/users\/4"}],"replies":[{"embeddable":true,"href":"https:\/\/www.interaccionnoticias.com.mx\/index.php?rest_route=%2Fwp%2Fv2%2Fcomments&post=93747"}],"version-history":[{"count":1,"href":"https:\/\/www.interaccionnoticias.com.mx\/index.php?rest_route=\/wp\/v2\/posts\/93747\/revisions"}],"predecessor-version":[{"id":93749,"href":"https:\/\/www.interaccionnoticias.com.mx\/index.php?rest_route=\/wp\/v2\/posts\/93747\/revisions\/93749"}],"wp:featuredmedia":[{"embeddable":true,"href":"https:\/\/www.interaccionnoticias.com.mx\/index.php?rest_route=\/wp\/v2\/media\/93750"}],"wp:attachment":[{"href":"https:\/\/www.interaccionnoticias.com.mx\/index.php?rest_route=%2Fwp%2Fv2%2Fmedia&parent=93747"}],"wp:term":[{"taxonomy":"category","embeddable":true,"href":"https:\/\/www.interaccionnoticias.com.mx\/index.php?rest_route=%2Fwp%2Fv2%2Fcategories&post=93747"},{"taxonomy":"post_tag","embeddable":true,"href":"https:\/\/www.interaccionnoticias.com.mx\/index.php?rest_route=%2Fwp%2Fv2%2Ftags&post=93747"}],"curies":[{"name":"wp","href":"https:\/\/api.w.org\/{rel}","templated":true}]}}