{"id":93736,"date":"2025-07-21T13:39:00","date_gmt":"2025-07-21T19:39:00","guid":{"rendered":"https:\/\/www.interaccionnoticias.com.mx\/?p=93736"},"modified":"2025-07-21T22:13:42","modified_gmt":"2025-07-22T04:13:42","slug":"director-del-centro-minerva-bello-denuncia-se-encuentra-en-una-situacion-de-alto-riesgo","status":"publish","type":"post","link":"https:\/\/www.interaccionnoticias.com.mx\/?p=93736","title":{"rendered":"Director del Centro Minerva Bello denuncia se encuentra en una situaci\u00f3n de alto riesgo"},"content":{"rendered":"\n<p><em><strong>&#8212; El personal asignado para protegerlo no tiene unidades vehiculares en buen estado, por lo que no pueden acompa\u00f1arlo<br>&#8212; El domingo se traslad\u00f3 de Chilpancingo hacia Iguala, sin acompa\u00f1amiento policial<\/strong><\/em><\/p>\n\n\n\n<p><strong>Rogelio Agust\u00edn<\/strong><\/p>\n\n\n\n<p>El director del Centro de Derechos Humanos (CDHM) Minerva Bello, Filiberto Vel\u00e1zquez Florencio denunci\u00f3 que el Mecanismo de Protecci\u00f3n Federal lo ha puesto en una situaci\u00f3n de alto riesgo, ya que no han reparado las unidades vehiculares en las que se desplaza el personal que se encarga de protegerlo.<\/p>\n\n\n\n<p>La noche del domingo 20 de julio, el sacerdote de Chilpancingo publico un comunicado en el que asegura que se encuentra en una situaci\u00f3n de grave vulnerabilidad.<\/p>\n\n\n\n<p>Lo anterior, dijo que se debe \u201ca la falta de condiciones m\u00ednimas de seguridad proporcionadas por el Mecanismo de Protecci\u00f3n para Personas Defensoras de Derechos Humanos y Periodistas del Gobierno Federal\u201d.<\/p>\n\n\n\n<p>Explic\u00f3: \u201cEn d\u00edas recientes, he informado reiteradamente que las unidades vehiculares asignadas a mi esquema de protecci\u00f3n no se encuentran en condiciones mec\u00e1nicas adecuadas, lo cual me impide trasladarme de manera segura a mis lugares de trabajo. Esta omisi\u00f3n, lejos de ser una simple falla log\u00edstica, representa una negligencia que pone en riesgo mi vida y mi labor como defensor de derechos humanos\u201d.<\/p>\n\n\n\n<p>Detall\u00f3 que ante la falta de respuesta efectiva y de alternativas viables por parte del Mecanismo, el domingo se vio en la necesidad de trasladarse sin seguridad de Chilpancingo hacia Iguala.<\/p>\n\n\n\n<p>El tramo carretero recorrido, dijo que representa una exposici\u00f3n clara en una ruta de alto riesgo, que \u201ces conocida por la presencia de grupos delictivos y situaciones de violencia generalizada\u201d.<\/p>\n\n\n\n<p>En consecuencia, manifest\u00f3 que hace responsable al Mecanismo Federal de Protecci\u00f3n de cualquier cosa que le ocurra, por lo que exigi\u00f3 que de manera inmediata se le garantice un esquema de protecci\u00f3n funcional, adecuado y digno, que no obstaculice, sino que facilite mi labor como defensor de derechos humanos.<\/p>\n\n\n\n<p>Agradeci\u00f3 la solidaridad que han mostrado con \u00e9l diferentes organizaciones, colectivos y personas aliadas, a los que pidi\u00f3 mantenerse atentas ante cualquier situaci\u00f3n que derive de dicha denuncia.<\/p>\n\n\n\n<p>Vel\u00e1zquez Florencio ha sido promotor del dialogo entre los grupos delictivos que operan en la zona cuando se desborda la violencia, con la intenci\u00f3n de alcanzar acuerdos de paz en los momentos de confrontaci\u00f3n.<\/p>\n","protected":false},"excerpt":{"rendered":"<p>&#8212; El personal asignado para protegerlo no tiene unidades vehiculares en buen estado, por lo que no pueden acompa\u00f1arlo&#8212; El domingo se traslad\u00f3 de Chilpancingo hacia Iguala, sin acompa\u00f1amiento policial&hellip; <\/p>\n","protected":false},"author":21,"featured_media":93739,"comment_status":"open","ping_status":"open","sticky":false,"template":"","format":"standard","meta":{"fifu_image_url":"https:\/\/www.interaccionnoticias.com.mx\/wp-content\/uploads\/2025\/07\/250721-Filiberto-Velazquez-Florencio.jpg","fifu_image_alt":"","footnotes":""},"categories":[15],"tags":[],"class_list":["post-93736","post","type-post","status-publish","format-standard","has-post-thumbnail","hentry","category-movimientos-sociales"],"_links":{"self":[{"href":"https:\/\/www.interaccionnoticias.com.mx\/index.php?rest_route=\/wp\/v2\/posts\/93736","targetHints":{"allow":["GET"]}}],"collection":[{"href":"https:\/\/www.interaccionnoticias.com.mx\/index.php?rest_route=\/wp\/v2\/posts"}],"about":[{"href":"https:\/\/www.interaccionnoticias.com.mx\/index.php?rest_route=\/wp\/v2\/types\/post"}],"author":[{"embeddable":true,"href":"https:\/\/www.interaccionnoticias.com.mx\/index.php?rest_route=\/wp\/v2\/users\/21"}],"replies":[{"embeddable":true,"href":"https:\/\/www.interaccionnoticias.com.mx\/index.php?rest_route=%2Fwp%2Fv2%2Fcomments&post=93736"}],"version-history":[{"count":1,"href":"https:\/\/www.interaccionnoticias.com.mx\/index.php?rest_route=\/wp\/v2\/posts\/93736\/revisions"}],"predecessor-version":[{"id":93738,"href":"https:\/\/www.interaccionnoticias.com.mx\/index.php?rest_route=\/wp\/v2\/posts\/93736\/revisions\/93738"}],"wp:featuredmedia":[{"embeddable":true,"href":"https:\/\/www.interaccionnoticias.com.mx\/index.php?rest_route=\/wp\/v2\/media\/93739"}],"wp:attachment":[{"href":"https:\/\/www.interaccionnoticias.com.mx\/index.php?rest_route=%2Fwp%2Fv2%2Fmedia&parent=93736"}],"wp:term":[{"taxonomy":"category","embeddable":true,"href":"https:\/\/www.interaccionnoticias.com.mx\/index.php?rest_route=%2Fwp%2Fv2%2Fcategories&post=93736"},{"taxonomy":"post_tag","embeddable":true,"href":"https:\/\/www.interaccionnoticias.com.mx\/index.php?rest_route=%2Fwp%2Fv2%2Ftags&post=93736"}],"curies":[{"name":"wp","href":"https:\/\/api.w.org\/{rel}","templated":true}]}}