{"id":93732,"date":"2025-07-21T13:17:00","date_gmt":"2025-07-21T19:17:00","guid":{"rendered":"https:\/\/www.interaccionnoticias.com.mx\/?p=93732"},"modified":"2025-07-21T22:05:07","modified_gmt":"2025-07-22T04:05:07","slug":"no-respondera-dirigente-de-morena-guerrero-a-medidas-cautelares-de-la-honestidad-y-justicia","status":"publish","type":"post","link":"https:\/\/www.interaccionnoticias.com.mx\/?p=93732","title":{"rendered":"No responder\u00e1 dirigente de MORENA-Guerrero a medidas cautelares de la Honestidad y Justicia"},"content":{"rendered":"\n<p><em><strong>&#8212; Jacinto Gonz\u00e1lez Varona refiere que no se siente aludido por las medidas ordenadas por la CNHJ<br>&#8212; Rechaza que haya incurrido en alguna conducta que implique promoci\u00f3n personal anticipada<br>&#8212; \u201cA mi que me lo comprueben\u201d reta el tambi\u00e9n diputado local con licencia<\/strong><\/em><\/p>\n\n\n\n<p><strong>Rogelio Agust\u00edn<\/strong><\/p>\n\n\n\n<p>El presidente del Comit\u00e9 Estatal de MORENA, Jacinto Gonz\u00e1lez Varona anticip\u00f3 que no responder\u00e1 a las medidas cautelares dictadas por la Comisi\u00f3n Nacional de Honestidad y Justicia (CNHJ) del partido, porque asegura que no ha incurrido en la promoci\u00f3n personal de su imagen.<\/p>\n\n\n\n<p>La semana pasada se confirm\u00f3 que la CNHJ ha emitido medidas cautelares hacia el dirigente estatal del partido, a partir de la queja presentada por el consejero estatal Galdino Nava D\u00edaz, quien asegura que Gonz\u00e1lez Varona utiliza la estructura del partido, sus logotipos y colores para promocionar su imagen personal, de cara a los comicios de 2027.<\/p>\n\n\n\n<p>Entre otras cosas, las medidas cautelares establecen que el dirigente debe ordenar el retiro de anuncios espectaculares, mantas, lonas y paredes rotulados con su nombre, para dejar de lado cualquier promoci\u00f3n anticipada de su persona.<\/p>\n\n\n\n<p>Gonz\u00e1lez dijo que ya fue notificado sobre dichas medidas y coment\u00f3 que se trata de una situaci\u00f3n muy concreta: \u201cno se puede utilizar el logotipo del partido para la promoci\u00f3n personal, lo que yo tengo muy claro; porque nadie puede usar el logo del movimiento para fines personales\u201d.<\/p>\n\n\n\n<p>Gonz\u00e1lez desestim\u00f3 la posibilidad de que las medidas cautelares est\u00e9n dirigidas en su contra, porque desde que se aprobaron los lineamientos nacionales dej\u00f3 de utilizar los logotipos del partido, incluso en las actividades que se difunden de manera digital.<\/p>\n\n\n\n<p>Anticip\u00f3: \u201cYo no me siento aludido ante esto, por lo tanto nosotros no vamos a contestar, somos muy respetuosos de los procesos internos que son de car\u00e1cter jur\u00eddico y por lo tanto, habremos de resolverlos de manera interna\u201d.<\/p>\n\n\n\n<p>Enfatiz\u00f3: \u201cNo hay lonas, no hay bardas en las que aparezcan im\u00e1genes con el logo del movimiento, hablan de espectaculares, pero yo no he visto ninguno\u201d.<\/p>\n\n\n\n<p>En todo caso, dijo que la parte que promueve el recurso debe presentar las pruebas de sus dichos, lo que asegura que no ser\u00e1 posible.<\/p>\n\n\n\n<p>Anot\u00f3: \u201cA mi que me comprueben con audios o videos en donde yo est\u00e9 dando indicaciones de que se coloquen im\u00e1genes de tu servidor, eso no existe\u201d.<\/p>\n","protected":false},"excerpt":{"rendered":"<p>&#8212; Jacinto Gonz\u00e1lez Varona refiere que no se siente aludido por las medidas ordenadas por la CNHJ&#8212; Rechaza que haya incurrido en alguna conducta que implique promoci\u00f3n personal anticipada&#8212; \u201cA&hellip; <\/p>\n","protected":false},"author":21,"featured_media":93735,"comment_status":"open","ping_status":"open","sticky":false,"template":"","format":"standard","meta":{"fifu_image_url":"https:\/\/www.interaccionnoticias.com.mx\/wp-content\/uploads\/2025\/07\/250721-Jacinto-Gonzalez-Varona.jpg","fifu_image_alt":"","footnotes":""},"categories":[18],"tags":[],"class_list":["post-93732","post","type-post","status-publish","format-standard","has-post-thumbnail","hentry","category-partidos-politicos"],"_links":{"self":[{"href":"https:\/\/www.interaccionnoticias.com.mx\/index.php?rest_route=\/wp\/v2\/posts\/93732","targetHints":{"allow":["GET"]}}],"collection":[{"href":"https:\/\/www.interaccionnoticias.com.mx\/index.php?rest_route=\/wp\/v2\/posts"}],"about":[{"href":"https:\/\/www.interaccionnoticias.com.mx\/index.php?rest_route=\/wp\/v2\/types\/post"}],"author":[{"embeddable":true,"href":"https:\/\/www.interaccionnoticias.com.mx\/index.php?rest_route=\/wp\/v2\/users\/21"}],"replies":[{"embeddable":true,"href":"https:\/\/www.interaccionnoticias.com.mx\/index.php?rest_route=%2Fwp%2Fv2%2Fcomments&post=93732"}],"version-history":[{"count":1,"href":"https:\/\/www.interaccionnoticias.com.mx\/index.php?rest_route=\/wp\/v2\/posts\/93732\/revisions"}],"predecessor-version":[{"id":93734,"href":"https:\/\/www.interaccionnoticias.com.mx\/index.php?rest_route=\/wp\/v2\/posts\/93732\/revisions\/93734"}],"wp:featuredmedia":[{"embeddable":true,"href":"https:\/\/www.interaccionnoticias.com.mx\/index.php?rest_route=\/wp\/v2\/media\/93735"}],"wp:attachment":[{"href":"https:\/\/www.interaccionnoticias.com.mx\/index.php?rest_route=%2Fwp%2Fv2%2Fmedia&parent=93732"}],"wp:term":[{"taxonomy":"category","embeddable":true,"href":"https:\/\/www.interaccionnoticias.com.mx\/index.php?rest_route=%2Fwp%2Fv2%2Fcategories&post=93732"},{"taxonomy":"post_tag","embeddable":true,"href":"https:\/\/www.interaccionnoticias.com.mx\/index.php?rest_route=%2Fwp%2Fv2%2Ftags&post=93732"}],"curies":[{"name":"wp","href":"https:\/\/api.w.org\/{rel}","templated":true}]}}