{"id":9365,"date":"2017-10-18T19:01:45","date_gmt":"2017-10-19T00:01:45","guid":{"rendered":"http:\/\/www.inter-accion.com.mx\/?p=9365"},"modified":"2017-10-18T19:01:45","modified_gmt":"2017-10-19T00:01:45","slug":"entregan-plazas-para-maestros-idoneos","status":"publish","type":"post","link":"https:\/\/www.interaccionnoticias.com.mx\/?p=9365","title":{"rendered":"Entregan plazas para maestros id\u00f3neos"},"content":{"rendered":"<p><br \/>\n<strong>Acapulco, Gro.-<\/strong> La Secretar\u00eda de Educaci\u00f3n Guerrero, entreg\u00f3 y asign\u00f3 359 plazas a maestros id\u00f3neos en Guerrero, sin ning\u00fan incidente, inform\u00f3 el titular de la Secretar\u00eda de Educaci\u00f3n Guerrero, Jos\u00e9 Luis Gonz\u00e1lez de la Vega.<br \/>\nLo anterior es el resultado del concurso de \u201cOposici\u00f3n para el Personal de Nuevo Ingreso al Servicio Profesional Docente para el ciclo escolar 2017-2018.<br \/>\nAnte los nuevos docentes se les indic\u00f3 la gran responsabilidad que tiene cada uno de los nuevos maestros para preparar a los ni\u00f1os. Esta nueva generaci\u00f3n de profesionales ahora m\u00e1s competentes.<br \/>\n\u201cEn una primera etapa hoy se entregaron 359 plazas a todos los que resultaron id\u00f3neos en los niveles educativos, ante autoridades del Instituto Nacional de Educaci\u00f3n (INE) y otras instancias.<br \/>\n\u201cEn el mes de noviembre habr\u00e1 una segunda etapa en el estado con la entrega de 322 plazas y con ello se espera completar un total de 682 plazas de preescolar, primaria, secundaria general y t\u00e9cnica y otras\u201d, dijo el funcionario de educaci\u00f3n del gobierno del estado.<br \/>\nAclar\u00f3 que la entrega de las plazas se hizo con total transparencia y se respet\u00f3 el orden de prioridad o preferencia a los mejores promedios que eligieron la zona escolar m\u00e1s cercana para trabajar.<br \/>\nLa entrega de los nombramientos de educaci\u00f3n b\u00e1sica se llev\u00f3 a cabo en las instalaciones del F\u00f3rum del Mundo Imperial. A trav\u00e9s de un video se fue ubicando a cada maestro que result\u00f3 id\u00f3neo y eligi\u00f3 el centro escolar.<\/p>\n","protected":false},"excerpt":{"rendered":"<p>Acapulco, Gro.- La Secretar\u00eda de Educaci\u00f3n Guerrero, entreg\u00f3 y asign\u00f3 359 plazas a maestros id\u00f3neos en Guerrero, sin ning\u00fan incidente, inform\u00f3 el titular de la Secretar\u00eda de Educaci\u00f3n Guerrero, Jos\u00e9&hellip; <\/p>\n","protected":false},"author":1,"featured_media":0,"comment_status":"closed","ping_status":"closed","sticky":false,"template":"","format":"standard","meta":{"fifu_image_url":"","fifu_image_alt":"","footnotes":""},"categories":[6,8],"tags":[],"class_list":["post-9365","post","type-post","status-publish","format-standard","hentry","category-educacion","category-featured"],"_links":{"self":[{"href":"https:\/\/www.interaccionnoticias.com.mx\/index.php?rest_route=\/wp\/v2\/posts\/9365","targetHints":{"allow":["GET"]}}],"collection":[{"href":"https:\/\/www.interaccionnoticias.com.mx\/index.php?rest_route=\/wp\/v2\/posts"}],"about":[{"href":"https:\/\/www.interaccionnoticias.com.mx\/index.php?rest_route=\/wp\/v2\/types\/post"}],"author":[{"embeddable":true,"href":"https:\/\/www.interaccionnoticias.com.mx\/index.php?rest_route=\/wp\/v2\/users\/1"}],"replies":[{"embeddable":true,"href":"https:\/\/www.interaccionnoticias.com.mx\/index.php?rest_route=%2Fwp%2Fv2%2Fcomments&post=9365"}],"version-history":[{"count":0,"href":"https:\/\/www.interaccionnoticias.com.mx\/index.php?rest_route=\/wp\/v2\/posts\/9365\/revisions"}],"wp:attachment":[{"href":"https:\/\/www.interaccionnoticias.com.mx\/index.php?rest_route=%2Fwp%2Fv2%2Fmedia&parent=9365"}],"wp:term":[{"taxonomy":"category","embeddable":true,"href":"https:\/\/www.interaccionnoticias.com.mx\/index.php?rest_route=%2Fwp%2Fv2%2Fcategories&post=9365"},{"taxonomy":"post_tag","embeddable":true,"href":"https:\/\/www.interaccionnoticias.com.mx\/index.php?rest_route=%2Fwp%2Fv2%2Ftags&post=9365"}],"curies":[{"name":"wp","href":"https:\/\/api.w.org\/{rel}","templated":true}]}}