{"id":93646,"date":"2025-07-18T14:16:18","date_gmt":"2025-07-18T20:16:18","guid":{"rendered":"https:\/\/www.interaccionnoticias.com.mx\/?p=93646"},"modified":"2025-07-18T14:16:19","modified_gmt":"2025-07-18T20:16:19","slug":"cnhj-de-morena-ordena-al-dirigente-estatal-jacinto-gonzalez-varona-que-detenga-todo-acto-de-promocion-personal-anticipada","status":"publish","type":"post","link":"https:\/\/www.interaccionnoticias.com.mx\/?p=93646","title":{"rendered":"CNHJ de MORENA ordena al dirigente estatal, Jacinto Gonz\u00e1lez Varona que detenga todo acto de promoci\u00f3n personal anticipada"},"content":{"rendered":"\n<p><em><strong>&#8212; Dictan medidas cautelares, a partir de la queja presentada por el consejero Galdino Nava D\u00edaz<br><\/strong><\/em><strong><em>&#8212; Tiene un plazo de cinco d\u00edas, a partir de la notificaci\u00f3n para que emita la respuesta correspondiente<\/em><\/strong><\/p>\n\n\n\n<p><strong>Rogelio Agust\u00edn<\/strong><\/p>\n\n\n\n<p>La Comisi\u00f3n Nacional de Honestidad y Justicia (CNHJ) dict\u00f3 medidas cautelares al presidente del Comit\u00e9 Ejecutivo Estatal (CEE) de MORENA en Guerrero, Jacinto Gonz\u00e1lez Varona, para que se abstenga de realizar cualquier tipo de actividad que representa la promoci\u00f3n de su persona, adem\u00e1s, otorga un plazo de cinco d\u00edas para que el dirigente emita la respuesta correspondiente.<\/p>\n\n\n\n<p>De acuerdo con la informaci\u00f3n que ya se encuentra en los estrados de la CNHJ del Comit\u00e9 Ejecutivo Nacional (CEN) de MORENA, relacionado con el Procedimiento Sancionador Ordinario presentado por el consejero estatal Galdino Nava D\u00edaz, el pasado 14 de julio se dieron a conocer los acuerdos que se desprenden del mismo.<\/p>\n\n\n\n<p>El recurso contra el dirigente estatal de MORENA fue presentado por el consejero Nava D\u00edaz el pasado 8 de julio, con la intenci\u00f3n de detener acciones que podr\u00edan encuadrar en la promoci\u00f3n anticipada, adem\u00e1s de la utilizaci\u00f3n de recursos partidistas para el posicionamiento de la imagen personal.<\/p>\n\n\n\n<p>Se se\u00f1ala que derivado del an\u00e1lisis de la queja interpuesta, la CNHJ advirti\u00f3 diversas irregularidades en la documentaci\u00f3n presentada, las cuales fueron subsanadas por el promovente, lo que permiti\u00f3 que se avanzara.<\/p>\n\n\n\n<p>Una vez aceptada la queja, la CNHJ determin\u00f3 desahogarla de acuerdo con las reglas de un procedimiento sancionador ordinario, por lo que se trabajo en la revisi\u00f3n de los elementos aportados.<\/p>\n\n\n\n<p>La CNHJ consider\u00f3 pertinente dictar las siguientes medidas cautelares al dirigente estatal de MORENA, con la intenci\u00f3n de que \u201cse abstenga de realizar cualquier acto de promoci\u00f3n personalizada de su imagen o nombre, ya sea de forma directa o indirecta, en espacios p\u00fablicos, redes sociales, medios impresos, espectaculares, lonas, pintas, veh\u00edculos, revistas, peri\u00f3dicos, volantes o cualquier tra forma de difusi\u00f3n\u201d.<\/p>\n\n\n\n<p>Se ordena a Jacinto Gonz\u00e1lez Varona que \u201cse abstenga de realizar actos proselitistas o de posicionamiento anticipado que pudiera incidir en el proceso interno, o en el proceso constitucional 2026-2027\u201d.<\/p>\n\n\n\n<p>La tercera medida consiste en ordenar al dirigente de MORENA-Guerrero \u201cque se abstenga de utilizar s\u00edmbolos, logotipos o referencias al partido para fines de promoci\u00f3n personal, en tanto se resuelve el presente procedimiento\u201d.<\/p>\n\n\n\n<p>La intenci\u00f3n de las medidas, se se\u00f1ala que es preservar la materia del procedimiento sancionador, evitar afectaciones irreparables al principio de equidad interna y garantizar el respeto a los principios de legalidad, imparcialidad y no anticipaci\u00f3n de actos de actos de campa\u00f1a, lo que est\u00e1 previsto en los linamientos para la organizaci\u00f3n de los trabajos partidistas y los procesos internos.<\/p>\n\n\n\n<p>El dirigente estatal, Jacinto Gonz\u00e1lez tendr\u00e1 un plazo de cinco d\u00edas h\u00e1biles, a partir de que se le notifique, para manifestar a la CNHJ lo que considere pertinente.<\/p>\n","protected":false},"excerpt":{"rendered":"<p>&#8212; Dictan medidas cautelares, a partir de la queja presentada por el consejero Galdino Nava D\u00edaz&#8212; Tiene un plazo de cinco d\u00edas, a partir de la notificaci\u00f3n para que emita&hellip; <\/p>\n","protected":false},"author":21,"featured_media":93649,"comment_status":"open","ping_status":"open","sticky":false,"template":"","format":"standard","meta":{"fifu_image_url":"https:\/\/www.interaccionnoticias.com.mx\/wp-content\/uploads\/2025\/07\/250718-Jacinto-Gonzalez-Varona.jpg","fifu_image_alt":"","footnotes":""},"categories":[18],"tags":[],"class_list":["post-93646","post","type-post","status-publish","format-standard","has-post-thumbnail","hentry","category-partidos-politicos"],"_links":{"self":[{"href":"https:\/\/www.interaccionnoticias.com.mx\/index.php?rest_route=\/wp\/v2\/posts\/93646","targetHints":{"allow":["GET"]}}],"collection":[{"href":"https:\/\/www.interaccionnoticias.com.mx\/index.php?rest_route=\/wp\/v2\/posts"}],"about":[{"href":"https:\/\/www.interaccionnoticias.com.mx\/index.php?rest_route=\/wp\/v2\/types\/post"}],"author":[{"embeddable":true,"href":"https:\/\/www.interaccionnoticias.com.mx\/index.php?rest_route=\/wp\/v2\/users\/21"}],"replies":[{"embeddable":true,"href":"https:\/\/www.interaccionnoticias.com.mx\/index.php?rest_route=%2Fwp%2Fv2%2Fcomments&post=93646"}],"version-history":[{"count":1,"href":"https:\/\/www.interaccionnoticias.com.mx\/index.php?rest_route=\/wp\/v2\/posts\/93646\/revisions"}],"predecessor-version":[{"id":93648,"href":"https:\/\/www.interaccionnoticias.com.mx\/index.php?rest_route=\/wp\/v2\/posts\/93646\/revisions\/93648"}],"wp:featuredmedia":[{"embeddable":true,"href":"https:\/\/www.interaccionnoticias.com.mx\/index.php?rest_route=\/wp\/v2\/media\/93649"}],"wp:attachment":[{"href":"https:\/\/www.interaccionnoticias.com.mx\/index.php?rest_route=%2Fwp%2Fv2%2Fmedia&parent=93646"}],"wp:term":[{"taxonomy":"category","embeddable":true,"href":"https:\/\/www.interaccionnoticias.com.mx\/index.php?rest_route=%2Fwp%2Fv2%2Fcategories&post=93646"},{"taxonomy":"post_tag","embeddable":true,"href":"https:\/\/www.interaccionnoticias.com.mx\/index.php?rest_route=%2Fwp%2Fv2%2Ftags&post=93646"}],"curies":[{"name":"wp","href":"https:\/\/api.w.org\/{rel}","templated":true}]}}