{"id":9362,"date":"2017-10-18T18:52:59","date_gmt":"2017-10-18T23:52:59","guid":{"rendered":"http:\/\/www.inter-accion.com.mx\/?p=9362"},"modified":"2017-10-18T18:52:59","modified_gmt":"2017-10-18T23:52:59","slug":"ofrecera-gobierno-de-guerrero-recompensa-para-dar-con-los-asesinos-de-ranferi-hernandez-2","status":"publish","type":"post","link":"https:\/\/www.interaccionnoticias.com.mx\/?p=9362","title":{"rendered":"Ofrecer\u00e1 gobierno de Guerrero recompensa para dar con los asesinos de Ranferi Hern\u00e1ndez"},"content":{"rendered":"<p><strong>Condena H\u00e9ctor Astudillo el salvajismo implementado por los agresores<\/strong><br \/>\nEl gobernador H\u00e9ctor Astudillo Flores ratific\u00f3 su indignaci\u00f3n ante la sa\u00f1a utilizada para matar al luchador social Ranferi Hern\u00e1ndez Acevedo, su esposa, suegra y chofer, por lo que anticip\u00f3 que seguir\u00e1 en la ruta de ofrecer recompensa para obtener informaci\u00f3n sobre los asesinos, con la intenci\u00f3n&nbsp;de acelerar su identificaci\u00f3n y captura.<br \/>\n\u201cVamos a gastar lo que sea necesario para encontrar a los responsables y aplicarles todo el rigor de la ley\u201d, asever\u00f3 el jefe del Poder Ejecutivo local, a pocas horas de que Hern\u00e1ndez Acevedo y sus familiares fueran sepultados en Ahuacoutzingo.<br \/>\nEn el auditorio Jos\u00e9 Joaqu\u00edn de Herrera, el gobernador presidi\u00f3 la entrega de premios al M\u00e9rito Juvenil 2017, en donde alent\u00f3 a los j\u00f3venes creadores a seguir en la ruta de hacer de Guerrero una tierra m\u00e1s digna.<br \/>\nAl t\u00e9rmino del evento, Astudillo Flires manifest\u00f3 que los cr\u00edmenes ocurridos el fin de semana, primero en contra de Francisco Tecuchillo Neri, ex presidente municipal de Zitlala, colocan a Gurrero en el escenario del esc\u00e1ndalo nacional, lo que nadie desea.<br \/>\nIndic\u00f3 que eso sucede en un territorio que se ha tornado violento, raz\u00f3n por la que deben emprenderse alguna serie de acciones a trav\u00e9s de \u00f3rganos institucionales como la Fiscal\u00eda General del Estado (FGE), que no dependen de \u00e9l pero que lo pueden escuchar.<br \/>\n\u201cEl gobernador est\u00e1 comprometido y en el transcurso de las pr\u00f3ximas horas o ma\u00f1ana por la ma\u00f1ana, se dar\u00e1 a conocer la ruta que vamos a seguir&nbsp;&nbsp;con el ofrecimiento que hemos hecho, a partir del inter\u00e9s por dar con los responsables de ese crimen\u201d, destac\u00f3.<br \/>\nDijo que el caso lastima, indigna a todo el estado de Guerrero por las condiciones inhumanas con que se realiz\u00f3.<br \/>\nPor eso insisti\u00f3: \u201cTal y como lo ofrec\u00ed p\u00fablicamente, habremos de ofrecer una recompensa que en el transcurso del d\u00eda se habr\u00e1 de dar a conocer para obtener informaci\u00f3n\u201d.<br \/>\nAgreg\u00f3: \u201cPorque las condiciones, la manera en que se da este acontecimiento de por s\u00ed deleznable por ser un crimen, pero por el salvajismo vale la pena en primer lugar que se haga una investigaci\u00f3n, profesional y profunda, adem\u00e1s de gastar todo lo que sea necesario para encontrar a los responsables y aplicarles todo el rigor de la ley\u201d.<\/p>\n","protected":false},"excerpt":{"rendered":"<p>Condena H\u00e9ctor Astudillo el salvajismo implementado por los agresores El gobernador H\u00e9ctor Astudillo Flores ratific\u00f3 su indignaci\u00f3n ante la sa\u00f1a utilizada para matar al luchador social Ranferi Hern\u00e1ndez Acevedo, su&hellip; <\/p>\n","protected":false},"author":1,"featured_media":0,"comment_status":"closed","ping_status":"closed","sticky":false,"template":"","format":"standard","meta":{"fifu_image_url":"","fifu_image_alt":"","footnotes":""},"categories":[8,27],"tags":[],"class_list":["post-9362","post","type-post","status-publish","format-standard","hentry","category-featured","category-seguridad-publica"],"_links":{"self":[{"href":"https:\/\/www.interaccionnoticias.com.mx\/index.php?rest_route=\/wp\/v2\/posts\/9362","targetHints":{"allow":["GET"]}}],"collection":[{"href":"https:\/\/www.interaccionnoticias.com.mx\/index.php?rest_route=\/wp\/v2\/posts"}],"about":[{"href":"https:\/\/www.interaccionnoticias.com.mx\/index.php?rest_route=\/wp\/v2\/types\/post"}],"author":[{"embeddable":true,"href":"https:\/\/www.interaccionnoticias.com.mx\/index.php?rest_route=\/wp\/v2\/users\/1"}],"replies":[{"embeddable":true,"href":"https:\/\/www.interaccionnoticias.com.mx\/index.php?rest_route=%2Fwp%2Fv2%2Fcomments&post=9362"}],"version-history":[{"count":0,"href":"https:\/\/www.interaccionnoticias.com.mx\/index.php?rest_route=\/wp\/v2\/posts\/9362\/revisions"}],"wp:attachment":[{"href":"https:\/\/www.interaccionnoticias.com.mx\/index.php?rest_route=%2Fwp%2Fv2%2Fmedia&parent=9362"}],"wp:term":[{"taxonomy":"category","embeddable":true,"href":"https:\/\/www.interaccionnoticias.com.mx\/index.php?rest_route=%2Fwp%2Fv2%2Fcategories&post=9362"},{"taxonomy":"post_tag","embeddable":true,"href":"https:\/\/www.interaccionnoticias.com.mx\/index.php?rest_route=%2Fwp%2Fv2%2Ftags&post=9362"}],"curies":[{"name":"wp","href":"https:\/\/api.w.org\/{rel}","templated":true}]}}