{"id":9359,"date":"2017-10-18T18:41:05","date_gmt":"2017-10-18T23:41:05","guid":{"rendered":"http:\/\/www.inter-accion.com.mx\/?p=9359"},"modified":"2017-10-18T18:41:05","modified_gmt":"2017-10-18T23:41:05","slug":"minuto-de-silencio-en-el-congreso-local-para-fundador-del-prd-y-ex-alcalde-de-zitlala","status":"publish","type":"post","link":"https:\/\/www.interaccionnoticias.com.mx\/?p=9359","title":{"rendered":"Minuto de silencio en el Congreso local para fundador del PRD y ex alcalde de Zitlala"},"content":{"rendered":"<p><strong>Ambos hechos enrarecen el ambiente preelectoral en Guerrero<\/strong><br \/>\nEl Congreso local guard\u00f3 un minuto de silencio en memoria del luchador social, Ranferi Hern\u00e1ndez Acevedo y del ex alcalde de Zitlala Francisco Tecuchillo Neri, asesinados este fin de semana.<br \/>\nDurante la jornada legislativa del martes, el diputado Perfecto Rosas Mart\u00ednez solicit\u00f3 la palabra en tribuna para referirse a los cr\u00edmenes registrados los d\u00edas viernes y s\u00e1bado pasados, en las inmediaciones de Chilapa.<br \/>\nDe primera instancia solicit\u00f3 que el Pleno guardara un minuto de silencio en memoria de Bernardo Ranferi Hern\u00e1ndez Acevedo y Francisco Tecuchillo, ambos identificados con la izquierda partidista en el estado de Guerrero.<br \/>\nEn la participaci\u00f3n que tuvo en tribuna, el diputado Rosas Mart\u00ednez refiri\u00f3 que es un hecho que las estrategias que se&nbsp;&nbsp;implementan en materia de seguridad p\u00fablica no han funcionado, as\u00ed como tampoco los trabajos que realiza la Fiscal\u00eda General del Estado (FGE), porque la mayor\u00eda de los autores de los cr\u00edmenes cometidos en la entidad disfrutan de impunidad.<br \/>\nDe hecho, dijo que a estas alturas, por como est\u00e1n las cosas, el titular de la FGE, Xavier Olea Pel\u00e1ez debe presentar su renuncia con car\u00e1cter irrevocable.<br \/>\nDestac\u00f3 que por la forma en que fueron asesinados ambos dirigentes sociales, Rosas Mart\u00ednez refiri\u00f3 que se tiene la certeza de que ambos hechos no son producto de situaciones fortuitas, pues en ambos casos se habla de personajes p\u00fablicos, inmersos de lleno en actividades pol\u00edticas.<br \/>\nAmbos homicidios, dijo que de manera invariable enrarecen el ambiente pol\u00edtico-electoral, pues el proceso electoral de 2018 se anticipa que ser\u00e1 sumamente competido.<br \/>\nRecord\u00f3 que la violencia en la zona en que fueron asesinados Ranferi Hern\u00e1ndez y Francisco Tecuchillo est\u00e1 completamente fuera de control, pues \u201cah\u00ed se cometen asesinatos a cualquier hora del d\u00eda; hay levantones, secuestros y desapariciones forzadas\u201d.<br \/>\n\u201cEstamos hablando de un territorio que a cada rato visitan los m\u00e1s altos mandos de la Marina y la Secretar\u00eda de la Defensa, un territorio que ha sido experimento de coordinaci\u00f3n entre cuanta coordinaci\u00f3n polic\u00edaca existe; desde la Marina, el Ej\u00e9rcito, Gendarmer\u00eda, polic\u00eda estatal y hasta municipales\u201d.<br \/>\nAgreg\u00f3: \u201cTodos han llegado a Chilapa; juntos o separado y los resultados han sido nulos\u201d.<br \/>\n<strong>Les falla la memoria<\/strong><br \/>\nLa participaci\u00f3n del diputado Rosas motiv\u00f3 una replica de la priista Pilar Vadillo Ruiz, quien se\u00f1al\u00f3 que por ser un integrante nuevo en la Legislatura vigente, su antecesor en la palabra pudo ser manipulado por otro legislador para subir a tribuna.<br \/>\nVadillo Ruiz record\u00f3 que la violencia se sali\u00f3 de control mucho antes de que asumiera el poder el actual gobernador, H\u00e9ctor Astudillo Flores, ya que en realidad el momento m\u00e1s cruento en materia de criminalidad se vivi\u00f3 a partir de 2006, cuando era gobierno en Guerrero el PRD.<br \/>\n\u201c2006 a 2011 fue catastr\u00f3fico, tremendo, comenzamos a conocer la inseguridad pero de manera exacerbada, con rasgos de actos que la palabra barbarie se queda corta\u201d, apunt\u00f3.<br \/>\nSostuvo que el actual gobernador tom\u00f3 las riendas de la administraci\u00f3n p\u00fablica en condiciones deplorables, pues pr\u00e1cticamente \u201cse sac\u00f3 la rifa del tigre\u201d y sin embargo, ha manejado adecuadamente la parte que le corresponde.<br \/>\nCalific\u00f3 como corta la memoria de los representantes del PRD, tambi\u00e9n les recrimin\u00f3 el hecho que no se tome en cuenta a las v\u00edctimas del crimen que no tienen notoriedad pol\u00edtica, lo que implica una expresi\u00f3n discriminatoria.<br \/>\n\u201cLa tragedia en Guerrero se construy\u00f3 cuando no gobern\u00e1bamos la naci\u00f3n, no gobern\u00e1bamos Guerrero y tampoco gobern\u00e1bamos Acapulco\u201d, destac\u00f3<\/p>\n","protected":false},"excerpt":{"rendered":"<p>Ambos hechos enrarecen el ambiente preelectoral en Guerrero El Congreso local guard\u00f3 un minuto de silencio en memoria del luchador social, Ranferi Hern\u00e1ndez Acevedo y del ex alcalde de Zitlala&hellip; <\/p>\n","protected":false},"author":1,"featured_media":0,"comment_status":"closed","ping_status":"closed","sticky":false,"template":"","format":"standard","meta":{"fifu_image_url":"","fifu_image_alt":"","footnotes":""},"categories":[2,8],"tags":[],"class_list":["post-9359","post","type-post","status-publish","format-standard","hentry","category-congreso","category-featured"],"_links":{"self":[{"href":"https:\/\/www.interaccionnoticias.com.mx\/index.php?rest_route=\/wp\/v2\/posts\/9359","targetHints":{"allow":["GET"]}}],"collection":[{"href":"https:\/\/www.interaccionnoticias.com.mx\/index.php?rest_route=\/wp\/v2\/posts"}],"about":[{"href":"https:\/\/www.interaccionnoticias.com.mx\/index.php?rest_route=\/wp\/v2\/types\/post"}],"author":[{"embeddable":true,"href":"https:\/\/www.interaccionnoticias.com.mx\/index.php?rest_route=\/wp\/v2\/users\/1"}],"replies":[{"embeddable":true,"href":"https:\/\/www.interaccionnoticias.com.mx\/index.php?rest_route=%2Fwp%2Fv2%2Fcomments&post=9359"}],"version-history":[{"count":0,"href":"https:\/\/www.interaccionnoticias.com.mx\/index.php?rest_route=\/wp\/v2\/posts\/9359\/revisions"}],"wp:attachment":[{"href":"https:\/\/www.interaccionnoticias.com.mx\/index.php?rest_route=%2Fwp%2Fv2%2Fmedia&parent=9359"}],"wp:term":[{"taxonomy":"category","embeddable":true,"href":"https:\/\/www.interaccionnoticias.com.mx\/index.php?rest_route=%2Fwp%2Fv2%2Fcategories&post=9359"},{"taxonomy":"post_tag","embeddable":true,"href":"https:\/\/www.interaccionnoticias.com.mx\/index.php?rest_route=%2Fwp%2Fv2%2Ftags&post=9359"}],"curies":[{"name":"wp","href":"https:\/\/api.w.org\/{rel}","templated":true}]}}