{"id":9356,"date":"2017-10-18T18:36:50","date_gmt":"2017-10-18T23:36:50","guid":{"rendered":"http:\/\/www.inter-accion.com.mx\/?p=9356"},"modified":"2017-10-18T18:36:50","modified_gmt":"2017-10-18T23:36:50","slug":"morena-leyva-mena-se-fue-por-confrontacion-interna-en-el-pri","status":"publish","type":"post","link":"https:\/\/www.interaccionnoticias.com.mx\/?p=9356","title":{"rendered":"MORENA: Leyva Mena se fue por confrontaci\u00f3n interna en el PRI"},"content":{"rendered":"<p class=\"m_-6796810746891062911xmsonormal\"><strong>\u201cNo defenderemos lo indefendible\u201d, ataja la bancada del tricolor<\/strong><u><\/u><u><\/u><\/p>\n<p class=\"m_-6796810746891062911xmsonormal\"><strong>PRD exige que el Juicio de Revocaci\u00f3n de Mandato siga hasta el final<u><\/u><u><\/u><\/strong><\/p>\n<p class=\"m_-6796810746891062911xmsonormal\"><strong>No haremos le\u00f1a del \u00e1rbol ca\u00eddo, aclara el MC<\/strong><u><\/u><u><\/u><\/p>\n<p class=\"m_-6796810746891062911xmsonormal\">La fracci\u00f3n parlamentaria del PRI en el Congreso local reiter\u00f3 este martes que no apoyar\u00edan al alcalde con licencia de Chilpancingo, Marco Antonio Leyva Mena, quien tuvo que solicitar licencia para separarse del cargo para que no le revocaran el mandato desde el propio poder Legislativo, poco despu\u00e9s de que en tribuna, la \u00fanica diputada del MORENA denunciara que el primer edil era v\u00edctima de una pugna interna en el tricolor.&nbsp;&nbsp;&nbsp;&nbsp;<u><\/u><u><\/u><\/p>\n<p class=\"m_-6796810746891062911xmsonormal\">Antes de que el Pleno aprobara la licencia de Leyva Mena en la jornada de este d\u00eda, el diputado priista Eusebio Gonz\u00e1lez Rodr\u00edguez subi\u00f3 a tribuna para fijar la primera postura que se plantea en la fracci\u00f3n tricolor, pues desde que se instal\u00f3 el juicio de Revocaci\u00f3n de Mandato en contra de su compa\u00f1ero de partido, el pasado 5 de octubre, los diputados del tricolor hab\u00edan optado por el silencio.<span class=\"m_-6796810746891062911apple-converted-space\">&nbsp;<\/span><u><\/u><u><\/u><\/p>\n<p class=\"m_-6796810746891062911xmsonormal\">\u201cNosotros no vamos a defender lo indefendible, no vamos a hacer acusaciones al aire, o cosas infundadas, o vamos a deformar aqu\u00ed el verdadero origen de las cosas, lo que s\u00ed debemos de mostrar es la madurez, la entereza y la seriedad de esta tribuna, porque aqu\u00ed debemos de destacar de que los ciudadanos de Chilpancingo deben de continuar con un gobierno como lo establece la propia Ley\u201d, indic\u00f3.<span class=\"m_-6796810746891062911apple-converted-space\">&nbsp;<\/span><u><\/u><u><\/u><\/p>\n<p class=\"m_-6796810746891062911xmsonormal\">Lo anterior fue destacado por el diputado, tras solicitar a sus compa\u00f1eros legisladores que no &nbsp;aprovechen la situaci\u00f3n por la que atraviesa el ayuntamiento de Chilpancingo para buscar una ventaja pol\u00edtica, porque la licencia para separarse del cargo presentada por &nbsp;Leyva Mena &nbsp;y la aprobaci\u00f3n de la fracci\u00f3n priista se trata, dijo, &nbsp;de un acto de congruencia.<u><\/u><u><\/u><\/p>\n<p class=\"m_-6796810746891062911xmsonormal\">Dijo que si un presidente municipal decide solicitar licencia para separarse del cargo, por la circunstancia que sea, la fracci\u00f3n parlamentaria del PRI est\u00e1 del lado de respetar el derecho pol\u00edtico que tienen, \u201cy al final de cuentas, si va a ser juzgado o si hizo alg\u00fan acto, las propias leyes en la materia tendr\u00e1n que juzgarlo\u201d.<span class=\"m_-6796810746891062911apple-converted-space\">&nbsp;<\/span><u><\/u><u><\/u><\/p>\n<p class=\"m_-6796810746891062911xmsonormal\">\u201cNo debemos aprovechar este tiempo, porque lo que requiere Guerrero es responsabilidad, es dar resultados all\u00e1 afuera. Ya vendr\u00e1 el pr\u00f3ximo a\u00f1o del ejercicio electoral donde cada quien habr\u00e1 de vender sus ofertas pol\u00edticas, pero este acto, yo quiero dejarlo muy claro como fracci\u00f3n del PRI, que estamos siendo maduros, congruentes, y que vamos a votar a favor del dictamen, a favor de los ciudadanos y ciudadanas de Chilpancingo\u201d expres\u00f3.<span class=\"m_-6796810746891062911apple-converted-space\">&nbsp;<\/span><u><\/u><u><\/u><\/p>\n<p class=\"m_-6796810746891062911xmsonormal\">Por parte del PRD, la coordinadora de la fracci\u00f3n parlamentaria, Erika Alcaraz Sosa, &nbsp;indic\u00f3 que no se opondr\u00edan para que la licencia que present\u00f3 Marco Antonio Leyva Mena fuera aprobada. Dijo que las denuncias que presentaron los diputados de su fracci\u00f3n que finalmente derivaron en un juicio de revocaci\u00f3n de mandato fueron justas y se encuentran sustentadas con los reclamos de la ciudadan\u00eda de Chilpancingo.<span class=\"m_-6796810746891062911apple-converted-space\">&nbsp;<\/span><u><\/u><u><\/u><\/p>\n<p class=\"m_-6796810746891062911xmsonormal\">\u201cLa determinaci\u00f3n de quienes formamos el grupo parlamentario del PRD para acompa\u00f1ar y en su momento votar a favor de la revocaci\u00f3n de mandato es la reiterada omisi\u00f3n en la prestaci\u00f3n del servicio de la recolecci\u00f3n, traslado, tratamiento de los residuos s\u00f3lidos y &nbsp;urbanos que ha ocurrido en el tiempo que ha fungido como presidente municipal el ciudadano Marco Antonio Leyva Mena\u201d, expres\u00f3. &nbsp;<u><\/u><u><\/u><\/p>\n<p class=\"m_-6796810746891062911xmsonormal\">Aclar\u00f3 que las diferencias del PRD con el ahora alcalde con licencia no son de car\u00e1cter personal, sino que est\u00e1n apegadas a las acciones que no realiz\u00f3 como presidente municipal durante dos a\u00f1os de administraci\u00f3n.<span class=\"m_-6796810746891062911apple-converted-space\">&nbsp;<\/span><u><\/u><u><\/u><\/p>\n<p class=\"m_-6796810746891062911xmsonormal\">La legisladora argument\u00f3 que a Leyva Mena le correspondi\u00f3 atender el problema de recolecci\u00f3n de basura sin escusas, puesto que desde el gobierno del estado y de la federaci\u00f3n le transfirieron recursos para solucionar el conflicto y lejos de mostrar mejor\u00edas, no transparent\u00f3 el destino del dinero.<u><\/u><u><\/u><\/p>\n<p class=\"m_-6796810746891062911xmsonormal\">Alzaraz Sosa solicit\u00f3 a la Comisi\u00f3n Instructora que independientemente de la licencia que se aprob\u00f3 este martes, el juicio de Revocaci\u00f3n de Mandato llegue hasta el final, para que el primer edil electo constitucionalmente no tenga posibilidades de volver al cargo.<u><\/u><u><\/u><\/p>\n<p class=\"m_-6796810746891062911xmsonormal\"><b>La licencia, por pleito en el tricolor&nbsp;&nbsp;&nbsp;<u><\/u><u><\/u><\/b><\/p>\n<p class=\"m_-6796810746891062911xmsonormal\">La \u00fanica diputada del Morena, Mar\u00eda de Jes\u00fas Cisneros Mart\u00ednez, acus\u00f3 que la licencia presentada por el alcalde exhibi\u00f3 \u201cel pleito\u201d que tienen Marco Antonio Leyva Mena y el gobernador del estado, H\u00e9ctor Astudillo Flores.<u><\/u><u><\/u><\/p>\n<p class=\"m_-6796810746891062911xmsonormal\">Indic\u00f3 que tambi\u00e9n se exhibi\u00f3 la p\u00e9rdida de la legalidad, toda vez que se anunci\u00f3 que el juicio de revocaci\u00f3n de mandato que existe en contra del alcalde ser\u00eda presentado en la sesi\u00f3n de este martes a favor, sin haber dado el espacio que se necesita para la valoraci\u00f3n de las pruebas ni el derecho de audiencia correspondiente.<u><\/u><u><\/u><\/p>\n<p class=\"m_-6796810746891062911xmsonormal\">Aclar\u00f3 que su postura no era para defender la \u201cp\u00e9sima administraci\u00f3n de Marco Antonio Leyva Mena\u201d, sino de invocar el adecuado cumplimiento a los procedimientos legislativos.<span class=\"m_-6796810746891062911apple-converted-space\">&nbsp;<\/span><u><\/u><u><\/u><\/p>\n<p class=\"m_-6796810746891062911xmsonormal\">\u201cLamentablemente &nbsp;exhibieron su confrontaci\u00f3n&nbsp; entre priistas al presionar&nbsp; al ex alcalde para pedir licencia como finalmente ocurri\u00f3. Las irregularidades cometidas en las administraciones no terminan con la licencia, deben de deslindarse las responsabilidades correspondientes. Debemos conocer si lo que origin\u00f3 este pleito entre Marco Antonio Leyva Mena y H\u00e9ctor Astudillo Flores es el negocio de la basura\u201d, indic\u00f3.<span class=\"m_-6796810746891062911apple-converted-space\">&nbsp;<u><\/u><u><\/u><\/span><\/p>\n<p class=\"m_-6796810746891062911xmsonormal\"><span class=\"m_-6796810746891062911apple-converted-space\"><b>MC: No haremos le\u00f1a del \u00e1rbol ca\u00eddo&nbsp;&nbsp;<\/b><\/span><b><u><\/u><u><\/u><\/b><\/p>\n<p class=\"m_-6796810746891062911xmsonormal\">Por la fracci\u00f3n parlamentaria de Movimiento Ciudadano (MC) hizo uso de la palabra el coordinador de la fracci\u00f3n, &nbsp;Ricardo Mej\u00eda Berdeja, quien solicit\u00f3 al alcalde suplente que tome la direcci\u00f3n del ayuntamiento con responsabilidad, ya que la salida de Leyva Mena no es una situaci\u00f3n para festejar, pues representa una crisis pol\u00edtica.<span class=\"m_-6796810746891062911apple-converted-space\">&nbsp;<\/span><u><\/u><u><\/u><\/p>\n<p class=\"m_-6796810746891062911xmsonormal\">El legislador dijo que en su partido no har\u00e1n le\u00f1a del \u00e1rbol ca\u00eddo, pero se\u00f1al\u00f3 que no se puede soslayar que la licencia que solicit\u00f3 el alcalde capitalino se da en un contexto de inseguridad y de un colapso en los servicios p\u00fablicos.<span class=\"m_-6796810746891062911apple-converted-space\">&nbsp;<\/span><u><\/u><u><\/u><\/p>\n<p class=\"m_-6796810746891062911xmsonormal\">&nbsp;\u201cHacemos un llamado a quien habr\u00e1 de asumir, al suplente, que act\u00fae con mesura y a la altura de las circunstancias, no es una situaci\u00f3n para festinar, no es una situaci\u00f3n para celebrar como si fuera triunfo electoral, es una crisis pol\u00edtica &nbsp;y se requiere agarrar bien las riendas del municipio, no es un&nbsp; premio, es una responsabilidad grave en un momento dif\u00edcil, y queremos hacer un llamado para que se act\u00fae en consecuencia y la nueva autoridad pueda estar a la altura de Chilpancingo\u201d, coment\u00f3.<u><\/u><u><\/u><\/p>\n<p class=\"m_-6796810746891062911xmsonormal\">Dijo que ser\u00e1 la historia quien juzgar\u00e1 la administraci\u00f3n de Leyva Mena al frente del ayuntamiento de Chilpancingo, y que la licencia que present\u00f3 para separarse del cargo es un derecho que le da el marco legal vigente.<\/p>\n","protected":false},"excerpt":{"rendered":"<p>\u201cNo defenderemos lo indefendible\u201d, ataja la bancada del tricolor PRD exige que el Juicio de Revocaci\u00f3n de Mandato siga hasta el final No haremos le\u00f1a del \u00e1rbol ca\u00eddo, aclara el&hellip; <\/p>\n","protected":false},"author":1,"featured_media":0,"comment_status":"closed","ping_status":"closed","sticky":false,"template":"","format":"standard","meta":{"fifu_image_url":"","fifu_image_alt":"","footnotes":""},"categories":[2,8],"tags":[],"class_list":["post-9356","post","type-post","status-publish","format-standard","hentry","category-congreso","category-featured"],"_links":{"self":[{"href":"https:\/\/www.interaccionnoticias.com.mx\/index.php?rest_route=\/wp\/v2\/posts\/9356","targetHints":{"allow":["GET"]}}],"collection":[{"href":"https:\/\/www.interaccionnoticias.com.mx\/index.php?rest_route=\/wp\/v2\/posts"}],"about":[{"href":"https:\/\/www.interaccionnoticias.com.mx\/index.php?rest_route=\/wp\/v2\/types\/post"}],"author":[{"embeddable":true,"href":"https:\/\/www.interaccionnoticias.com.mx\/index.php?rest_route=\/wp\/v2\/users\/1"}],"replies":[{"embeddable":true,"href":"https:\/\/www.interaccionnoticias.com.mx\/index.php?rest_route=%2Fwp%2Fv2%2Fcomments&post=9356"}],"version-history":[{"count":0,"href":"https:\/\/www.interaccionnoticias.com.mx\/index.php?rest_route=\/wp\/v2\/posts\/9356\/revisions"}],"wp:attachment":[{"href":"https:\/\/www.interaccionnoticias.com.mx\/index.php?rest_route=%2Fwp%2Fv2%2Fmedia&parent=9356"}],"wp:term":[{"taxonomy":"category","embeddable":true,"href":"https:\/\/www.interaccionnoticias.com.mx\/index.php?rest_route=%2Fwp%2Fv2%2Fcategories&post=9356"},{"taxonomy":"post_tag","embeddable":true,"href":"https:\/\/www.interaccionnoticias.com.mx\/index.php?rest_route=%2Fwp%2Fv2%2Ftags&post=9356"}],"curies":[{"name":"wp","href":"https:\/\/api.w.org\/{rel}","templated":true}]}}