{"id":9353,"date":"2017-10-18T18:34:15","date_gmt":"2017-10-18T23:34:15","guid":{"rendered":"http:\/\/www.inter-accion.com.mx\/?p=9353"},"modified":"2017-10-18T18:34:15","modified_gmt":"2017-10-18T23:34:15","slug":"niega-alcalde-de-chilpancingo-caceria-de-brujas","status":"publish","type":"post","link":"https:\/\/www.interaccionnoticias.com.mx\/?p=9353","title":{"rendered":"Niega alcalde de Chilpancingo cacer\u00eda de brujas"},"content":{"rendered":"<p><strong>El destino final para la basura, entre las prioridades de la nueva administraci\u00f3n<\/strong><br \/>\nEl reci\u00e9n designado alcalde de Chilpancingo, Jes\u00fas Tejeda Vargas aclar\u00f3 que no implementar\u00e1 ninguna cacer\u00eda de brujas entre los colaboradores de su antecesor en el cargo, Marco Antonio Leyva Mena, pero anticip\u00f3 que lo m\u00e1s seguro es que s\u00ed se habr\u00e1 de refrescar la administraci\u00f3n, de tal suerte que habr\u00e1 cambios de manera inminente.<br \/>\nAntes del mediod\u00eda del mi\u00e9rcoles, una comisi\u00f3n de diputados acudi\u00f3 a la Sala de Cabildos, ubicada en el centro de la ciudad para cumplir el protocolo de instalar formalmente a Tejeda Vargas en la alcald\u00eda de Chilpancingo.<br \/>\nDespu\u00e9s, Tejeda sostuvo su primer conferencia de prensa, en la que fue cuestionado sobre la situaci\u00f3n en la que asume la presidencia municipal de Chilpancingo.<br \/>\nDe primera instancia, refiri\u00f3 que no est\u00e1 en el \u00e1nimo de iniciar ninguna persecuci\u00f3n de los colaboradores de su antecesor en el cargo, Marco Antonio Leyva Mena, a quien acompa\u00f1\u00f3 como suplente en la planilla que contendi\u00f3 en los comicios de 2015.<br \/>\n\u201cNo venimos a cortar cabezas ni venimos a una cacer\u00eda de brujas; venimos s\u00ed para enterarnos del estado financiero, econ\u00f3mico, social y de trabajo que las instancias est\u00e1n realizando; vamos a evaluar con el cuerpo edilicio el desempe\u00f1o de todos y de todas\u201d.<br \/>\nEn consecuencia, dijo que todos los que han cumplido con sus funciones deben estar muy tranquilos, refiri\u00f3.<br \/>\nDerivado de la revisi\u00f3n que se haga, indic\u00f3 que definir\u00e1 los movimientos en la estructura del ayuntamiento.<br \/>\n\u201cSi la persona que tiene alguna responsabilidad no ha dado los resultados que se necesitan, vamos a tener que buscar personas nuevas y refrescar la administraci\u00f3n, para que tengamos solo a gente con un compromiso de participar y dar una respuesta ciudadana\u201d, refiri\u00f3.<br \/>\nExplic\u00f3 que el primer movimiento fue nombrar a la contadora Elizabeth Abarca como nueva titular en la Secretar\u00eda de Finanzas, dependencia en la que se desempe\u00f1aba H\u00e9ctor Avil\u00e9s Garc\u00eda.<br \/>\nEn el aspecto financiero, adelant\u00f3 que s\u00ed habr\u00e1 de implementarse un mecanismo para dejar muy clara la forma en que el equipo anterior manej\u00f3 los recursos y como se hace durante lo que resta del periodo de ejercicio constitucional.<br \/>\n<strong>Incertidumbre en el tema de la basura<\/strong><br \/>\nReconoci\u00f3 que de lo heredado, el tema de la basura es de lo que m\u00e1s tiene presente la poblaci\u00f3n de Chilpancingo, por las severas implicaciones que tiene la ausencia de un relleno sanitario.<br \/>\nHabl\u00f3 entonces sobre la necesidad de buscar una soluci\u00f3n definitiva, para ya tener un lugar para darle el destino final a los desechos que diariamente se generan en cinco barrios tradicionales y&nbsp;&nbsp;m\u00e1s de 400 colonias.<br \/>\n\u201cDesafortunadamente no lo tenemos hasta el d\u00eda de hoy, hay intentos, paliativos y yo creo que esta administraci\u00f3n se compromete ya a tener un destino final, a permanente para que no tengamos m\u00e1s este problema\u201d.<br \/>\nReconoci\u00f3 la necesidad de que la poblaci\u00f3n se sume, colaborando con no generar amontonamientos en las calles, lo que sucedi\u00f3 en la etapa del ahora alcalde con licencia.<br \/>\nEn cuanto a la escasez de agua y la seguridad p\u00fablica, Jes\u00fas Tejeda Vargas refiri\u00f3 que se trata de temas a los que tambi\u00e9n se les debe atender de manera permanente, por la alta sensibilidad social que generan.&nbsp;&nbsp;&nbsp;&nbsp;&nbsp;<\/p>\n","protected":false},"excerpt":{"rendered":"<p>El destino final para la basura, entre las prioridades de la nueva administraci\u00f3n El reci\u00e9n designado alcalde de Chilpancingo, Jes\u00fas Tejeda Vargas aclar\u00f3 que no implementar\u00e1 ninguna cacer\u00eda de brujas&hellip; <\/p>\n","protected":false},"author":1,"featured_media":0,"comment_status":"closed","ping_status":"closed","sticky":false,"template":"","format":"standard","meta":{"fifu_image_url":"","fifu_image_alt":"","footnotes":""},"categories":[13,8],"tags":[],"class_list":["post-9353","post","type-post","status-publish","format-standard","hentry","category-capital","category-featured"],"_links":{"self":[{"href":"https:\/\/www.interaccionnoticias.com.mx\/index.php?rest_route=\/wp\/v2\/posts\/9353","targetHints":{"allow":["GET"]}}],"collection":[{"href":"https:\/\/www.interaccionnoticias.com.mx\/index.php?rest_route=\/wp\/v2\/posts"}],"about":[{"href":"https:\/\/www.interaccionnoticias.com.mx\/index.php?rest_route=\/wp\/v2\/types\/post"}],"author":[{"embeddable":true,"href":"https:\/\/www.interaccionnoticias.com.mx\/index.php?rest_route=\/wp\/v2\/users\/1"}],"replies":[{"embeddable":true,"href":"https:\/\/www.interaccionnoticias.com.mx\/index.php?rest_route=%2Fwp%2Fv2%2Fcomments&post=9353"}],"version-history":[{"count":0,"href":"https:\/\/www.interaccionnoticias.com.mx\/index.php?rest_route=\/wp\/v2\/posts\/9353\/revisions"}],"wp:attachment":[{"href":"https:\/\/www.interaccionnoticias.com.mx\/index.php?rest_route=%2Fwp%2Fv2%2Fmedia&parent=9353"}],"wp:term":[{"taxonomy":"category","embeddable":true,"href":"https:\/\/www.interaccionnoticias.com.mx\/index.php?rest_route=%2Fwp%2Fv2%2Fcategories&post=9353"},{"taxonomy":"post_tag","embeddable":true,"href":"https:\/\/www.interaccionnoticias.com.mx\/index.php?rest_route=%2Fwp%2Fv2%2Ftags&post=9353"}],"curies":[{"name":"wp","href":"https:\/\/api.w.org\/{rel}","templated":true}]}}