{"id":9350,"date":"2017-10-17T20:59:31","date_gmt":"2017-10-18T01:59:31","guid":{"rendered":"http:\/\/www.inter-accion.com.mx\/?p=9350"},"modified":"2017-10-17T20:59:31","modified_gmt":"2017-10-18T01:59:31","slug":"ante-el-congreso-rinde-protesta-el-nuevo-alcalde-de-chilpancingo","status":"publish","type":"post","link":"https:\/\/www.interaccionnoticias.com.mx\/?p=9350","title":{"rendered":"Ante el Congreso, rinde protesta el nuevo alcalde de Chilpancingo"},"content":{"rendered":"<p><strong>Jes\u00fas Tejeda Vargas asume la titularidad, tras la aprobaci\u00f3n de la licencia de Marco Antonio Leyva Mena<\/strong><br \/>\nLa tarde del martes, el empresario Jes\u00fas Tejeda Vargas tom\u00f3 protesta como alcalde sustituto de Chilpancingo, tras la aprobaci\u00f3n de la licencia solicitada por el pri\u00edsta Marco Antonio Leyva Mena.<br \/>\nEran las 16:44 horas del martes 17 de octubre, cuando el Pleno del Congreso&nbsp;aprob\u00f3 la licencia con la que se separa de la silla edilicia al presidente electo constitucionalmente, a partir de la presentaci\u00f3n de una licencia por tiempo indefinida, con el argumento de \u201cmotivos personales\u201d.<br \/>\nEl dictamen presentado por la Comisi\u00f3n de Asuntos Pol\u00edticos se aprob\u00f3 a las 16:44 horas, diez minutos m\u00e1s tarde, el suplente Jes\u00fas Tejeda Vargas rindi\u00f3 la protesta de rigor, con el encargo de permanecer al frente del cabildo capitalino<br \/>\nhasta el \u00faltimo d\u00eda de Septiembre del 2018.<br \/>\nPara que el asunto se desahogara en un solo d\u00eda, el Pleno del Congreso debi\u00f3 sesionar en tres ocasiones en un solo d\u00eda.<br \/>\nEn el primer encuentro, la solicitud de licencia presentada ante la Oficial\u00eda Mayor la tarde del lunes 16, se hizo del conocimiento del Pleno y se turn\u00f3 a la Comisi\u00f3n de Asuntos Pol\u00edticos, que preside la diputada local del PRD, Rosa Coral Mendoza Falc\u00f3n.<br \/>\nEn la segunda ocasi\u00f3n se tuvo como \u00fanico asunto la lectura del dictamen presentado por la comisi\u00f3n de referencia, lo que motiv\u00f3 a convocar a un tercer encuentro, en el que solamente se desahogar\u00eda un tema.&nbsp;&nbsp;&nbsp;<br \/>\nEn la tercera sesi\u00f3n se aprob\u00f3 el dictamen, se decret\u00f3 la separaci\u00f3n del cargo en contra de Marco Antonio Leyva Mena y se abri\u00f3 un receso de cinco minutos para ingresar al recinto oficial del Poder Legislativo al presidente municipal suplente, Jes\u00fas Tejeda Vargas.<br \/>\n\u201cEn t\u00e9rminos del art\u00edculo 93 de la Ley Org\u00e1nica del Municipio&nbsp; Libre del Estado de Guerrero, ll\u00e1mese al ciudadano Jes\u00fas Tejeda Vargas, suplente de la planilla con el objeto de que el cabildo municipal y el ayuntamiento de Chilpancingo de los Bravo, Guerrero, no se vea afectado en su trabajo e integraci\u00f3n, t\u00f3mesele la protesta de ley respectiva\u201d, se ley\u00f3 en los acuerdos del dictamen emitido por la Comisi\u00f3n de Asuntos Pol\u00edticos y Gobernaci\u00f3n.&nbsp;<br \/>\n<strong>El empresariado se movi\u00f3<\/strong><br \/>\nPrevio al arranque de la segunda sesi\u00f3n del d\u00eda, decenas de integrantes de la Confederaci\u00f3n Patronal de la Rep\u00fablica Mexicana (Coparmex), delegaci\u00f3n Chilpancingo abarrotaron los asientos de galer\u00edas para esperar la toma de protesta de Jes\u00fas Vargas, quienes es miembro activo del sector empresarial.<br \/>\nUna vez aprobada la licencia de Marco Antonio Leyva Mena, la Mesa Directiva declar\u00f3 un receso de cinco minutos y orden\u00f3 una comisi\u00f3n de cortes\u00eda para acompa\u00f1ar al reciento a Tejeda Vargas, la cual fue encabezada por la diputada Ma. Luisa Vargas Mej\u00eda, empresaria ligada a la Coparmex, quien del brazo acompa\u00f1\u00f3 al ahora alcalde para su toma de protesta.<br \/>\nTejeda tom\u00f3 protesta como presidente municipal de Chilpancingo alrededor de las 4:55 del martes, y posteriormente se traslad\u00f3 al ayuntamiento municipal para tomar posesi\u00f3n del cargo.&nbsp;<br \/>\nJes\u00fas Tejeda Vargas fue presidente del patronato de la Feria de Navidad&nbsp; y A\u00f1o Nuevo de San Mateo en 2010, cuando el actual gobernador, H\u00e9ctor Astudillo Flores se desempe\u00f1aba como alcalde de Chilpancingo.&nbsp;<br \/>\nDe acuerdo con informaci\u00f3n que aparece en su perfil de Facebook, es presidente de la Organizaci\u00f3n Gestora de Ayuda Ciudadana de Chilpancingo A.C., y es egresado de la Universidad Aut\u00f3noma de Guerrero (UAGro).<\/p>\n","protected":false},"excerpt":{"rendered":"<p>Jes\u00fas Tejeda Vargas asume la titularidad, tras la aprobaci\u00f3n de la licencia de Marco Antonio Leyva Mena La tarde del martes, el empresario Jes\u00fas Tejeda Vargas tom\u00f3 protesta como alcalde&hellip; <\/p>\n","protected":false},"author":1,"featured_media":0,"comment_status":"closed","ping_status":"closed","sticky":false,"template":"","format":"standard","meta":{"fifu_image_url":"","fifu_image_alt":"","footnotes":""},"categories":[2,8],"tags":[],"class_list":["post-9350","post","type-post","status-publish","format-standard","hentry","category-congreso","category-featured"],"_links":{"self":[{"href":"https:\/\/www.interaccionnoticias.com.mx\/index.php?rest_route=\/wp\/v2\/posts\/9350","targetHints":{"allow":["GET"]}}],"collection":[{"href":"https:\/\/www.interaccionnoticias.com.mx\/index.php?rest_route=\/wp\/v2\/posts"}],"about":[{"href":"https:\/\/www.interaccionnoticias.com.mx\/index.php?rest_route=\/wp\/v2\/types\/post"}],"author":[{"embeddable":true,"href":"https:\/\/www.interaccionnoticias.com.mx\/index.php?rest_route=\/wp\/v2\/users\/1"}],"replies":[{"embeddable":true,"href":"https:\/\/www.interaccionnoticias.com.mx\/index.php?rest_route=%2Fwp%2Fv2%2Fcomments&post=9350"}],"version-history":[{"count":0,"href":"https:\/\/www.interaccionnoticias.com.mx\/index.php?rest_route=\/wp\/v2\/posts\/9350\/revisions"}],"wp:attachment":[{"href":"https:\/\/www.interaccionnoticias.com.mx\/index.php?rest_route=%2Fwp%2Fv2%2Fmedia&parent=9350"}],"wp:term":[{"taxonomy":"category","embeddable":true,"href":"https:\/\/www.interaccionnoticias.com.mx\/index.php?rest_route=%2Fwp%2Fv2%2Fcategories&post=9350"},{"taxonomy":"post_tag","embeddable":true,"href":"https:\/\/www.interaccionnoticias.com.mx\/index.php?rest_route=%2Fwp%2Fv2%2Ftags&post=9350"}],"curies":[{"name":"wp","href":"https:\/\/api.w.org\/{rel}","templated":true}]}}