{"id":93400,"date":"2025-07-06T14:21:00","date_gmt":"2025-07-06T20:21:00","guid":{"rendered":"https:\/\/www.interaccionnoticias.com.mx\/?p=93400"},"modified":"2025-07-06T15:47:39","modified_gmt":"2025-07-06T21:47:39","slug":"parte-a-la-cdmx-primera-tonelada-de-metales-para-la-construccion-de-la-estatua-de-alejandro-arcos","status":"publish","type":"post","link":"https:\/\/www.interaccionnoticias.com.mx\/?p=93400","title":{"rendered":"Parte a la CDMX primera tonelada de metales para la construcci\u00f3n de la estatua de Alejandro Arcos"},"content":{"rendered":"\n<p><strong><em>&#8212; Ser\u00e1 un homenaje a la memoria del alcalde asesinado el 6 de octubre de 2024<\/em><\/strong><\/p>\n\n\n\n<p><strong>Jes\u00fas Dorantes<\/strong><\/p>\n\n\n\n<p>A nueve meses del asesinato del alcalde Alejandro Arcos Catal\u00e1n, este domingo partieron de la capital del estado dos camionetas cargadas con una tonelada de metales rumbo a la Ciudad de M\u00e9xico, donde ser\u00e1n fundidos para la elaboraci\u00f3n de una estatua en su honor.<\/p>\n\n\n\n<p>El acto simb\u00f3lico incluy\u00f3 una misa en la iglesia del barrio de la Santa Cruz, a la que acudieron decenas de personas que han respaldado la recolecci\u00f3n de llaves, herramientas y diversos objetos met\u00e1licos como parte de una iniciativa ciudadana impulsada por la Asociaci\u00f3n Alejandro Arcos Catal\u00e1n.<\/p>\n\n\n\n<p>\u201cCada llave, cada metal donado hace historia\u201d, se le\u00eda en las lonas colocadas en los veh\u00edculos, decorados tambi\u00e9n con im\u00e1genes del alcalde asesinado el 6 de octubre de 2024, a tan solo seis d\u00edas de haber tomado posesi\u00f3n del cargo. La ceremonia fue encabezada por el sacerdote Gamaliel Villalobos Medina, quien ofreci\u00f3 una bendici\u00f3n a las camionetas antes de su partida.<\/p>\n\n\n\n<p>Durante la misa, Angelita Memije, vocera de la asociaci\u00f3n organizadora, agradeci\u00f3 a las familias de Chilpancingo por alcanzar la meta de una tonelada y anunci\u00f3 que a\u00fan hay oportunidad de seguir aportando. \u201cNos faltan otras mil llaves, otras bolsas, otros kilos de voluntad. Vamos por la segunda tonelada\u201d, expres\u00f3 ante los asistentes.<\/p>\n\n\n\n<p>De acuerdo con los organizadores, esta primera etapa contempla el intercambio del metal recolectado por bronce en talleres especializados de la capital del pa\u00eds. La meta final es que el monumento quede instalado el 6 de octubre pr\u00f3ximo, en el primer aniversario luctuoso del edil.<\/p>\n\n\n\n<p>El banderazo de salida de los veh\u00edculos fue acompa\u00f1ado por ciudadanos que ondeaban banderines con el lema de la campa\u00f1a. Al concluir el acto, integrantes del comit\u00e9 confirmaron que durante los pr\u00f3ximos d\u00edas continuar\u00e1 la recolecci\u00f3n de metales para completar la segunda entrega.<\/p>\n\n\n\n<p>La estatua ser\u00e1 un homenaje p\u00fablico a Alejandro Arcos, quien fue asesinado a tiros en pleno centro de Chilpancingo, un crimen que contin\u00faa sin esclarecerse y que marc\u00f3 un hecho sin precedentes en la historia reciente del municipio.<\/p>\n\n\n\n<figure class=\"wp-block-gallery has-nested-images columns-default is-cropped wp-block-gallery-1 is-layout-flex wp-block-gallery-is-layout-flex\">\n<figure class=\"wp-block-image size-large\"><img decoding=\"async\" src=\"data:image\/gif;base64,R0lGODlhAQABAIAAAAAAAP\/\/\/ywAAAAAAQABAAACAUwAOw==\" fifu-lazy=\"1\" fifu-data-sizes=\"auto\" fifu-data-srcset=\"https:\/\/i1.wp.com\/www.interaccionnoticias.com.mx\/wp-content\/uploads\/2025\/07\/260706-estatua-de-Alejandro-Arcos-1-1024x683.jpg?ssl=1&w=75&resize=75&ssl=1 75w, https:\/\/i1.wp.com\/www.interaccionnoticias.com.mx\/wp-content\/uploads\/2025\/07\/260706-estatua-de-Alejandro-Arcos-1-1024x683.jpg?ssl=1&w=100&resize=100&ssl=1 100w, https:\/\/i1.wp.com\/www.interaccionnoticias.com.mx\/wp-content\/uploads\/2025\/07\/260706-estatua-de-Alejandro-Arcos-1-1024x683.jpg?ssl=1&w=150&resize=150&ssl=1 150w, https:\/\/i1.wp.com\/www.interaccionnoticias.com.mx\/wp-content\/uploads\/2025\/07\/260706-estatua-de-Alejandro-Arcos-1-1024x683.jpg?ssl=1&w=240&resize=240&ssl=1 240w, https:\/\/i1.wp.com\/www.interaccionnoticias.com.mx\/wp-content\/uploads\/2025\/07\/260706-estatua-de-Alejandro-Arcos-1-1024x683.jpg?ssl=1&w=320&resize=320&ssl=1 320w, https:\/\/i1.wp.com\/www.interaccionnoticias.com.mx\/wp-content\/uploads\/2025\/07\/260706-estatua-de-Alejandro-Arcos-1-1024x683.jpg?ssl=1&w=500&resize=500&ssl=1 500w, https:\/\/i1.wp.com\/www.interaccionnoticias.com.mx\/wp-content\/uploads\/2025\/07\/260706-estatua-de-Alejandro-Arcos-1-1024x683.jpg?ssl=1&w=640&resize=640&ssl=1 640w, https:\/\/i1.wp.com\/www.interaccionnoticias.com.mx\/wp-content\/uploads\/2025\/07\/260706-estatua-de-Alejandro-Arcos-1-1024x683.jpg?ssl=1&w=800&resize=800&ssl=1 800w, https:\/\/i1.wp.com\/www.interaccionnoticias.com.mx\/wp-content\/uploads\/2025\/07\/260706-estatua-de-Alejandro-Arcos-1-1024x683.jpg?ssl=1&w=1024&resize=1024&ssl=1 1024w, https:\/\/i1.wp.com\/www.interaccionnoticias.com.mx\/wp-content\/uploads\/2025\/07\/260706-estatua-de-Alejandro-Arcos-1-1024x683.jpg?ssl=1&w=1280&resize=1280&ssl=1 1280w, https:\/\/i1.wp.com\/www.interaccionnoticias.com.mx\/wp-content\/uploads\/2025\/07\/260706-estatua-de-Alejandro-Arcos-1-1024x683.jpg?ssl=1&w=1600&resize=1600&ssl=1 1600w\" data-id=\"93403\" fifu-data-src=\"https:\/\/i1.wp.com\/www.interaccionnoticias.com.mx\/wp-content\/uploads\/2025\/07\/260706-estatua-de-Alejandro-Arcos-1-1024x683.jpg?ssl=1\" alt=\"\" class=\"wp-image-93403\"\/><\/figure>\n\n\n\n<figure class=\"wp-block-image size-large\"><img decoding=\"async\" src=\"data:image\/gif;base64,R0lGODlhAQABAIAAAAAAAP\/\/\/ywAAAAAAQABAAACAUwAOw==\" fifu-lazy=\"1\" fifu-data-sizes=\"auto\" fifu-data-srcset=\"https:\/\/i2.wp.com\/www.interaccionnoticias.com.mx\/wp-content\/uploads\/2025\/07\/260706-estatua-de-Alejandro-Arcos-2-1024x683.jpg?ssl=1&w=75&resize=75&ssl=1 75w, https:\/\/i2.wp.com\/www.interaccionnoticias.com.mx\/wp-content\/uploads\/2025\/07\/260706-estatua-de-Alejandro-Arcos-2-1024x683.jpg?ssl=1&w=100&resize=100&ssl=1 100w, https:\/\/i2.wp.com\/www.interaccionnoticias.com.mx\/wp-content\/uploads\/2025\/07\/260706-estatua-de-Alejandro-Arcos-2-1024x683.jpg?ssl=1&w=150&resize=150&ssl=1 150w, https:\/\/i2.wp.com\/www.interaccionnoticias.com.mx\/wp-content\/uploads\/2025\/07\/260706-estatua-de-Alejandro-Arcos-2-1024x683.jpg?ssl=1&w=240&resize=240&ssl=1 240w, https:\/\/i2.wp.com\/www.interaccionnoticias.com.mx\/wp-content\/uploads\/2025\/07\/260706-estatua-de-Alejandro-Arcos-2-1024x683.jpg?ssl=1&w=320&resize=320&ssl=1 320w, https:\/\/i2.wp.com\/www.interaccionnoticias.com.mx\/wp-content\/uploads\/2025\/07\/260706-estatua-de-Alejandro-Arcos-2-1024x683.jpg?ssl=1&w=500&resize=500&ssl=1 500w, https:\/\/i2.wp.com\/www.interaccionnoticias.com.mx\/wp-content\/uploads\/2025\/07\/260706-estatua-de-Alejandro-Arcos-2-1024x683.jpg?ssl=1&w=640&resize=640&ssl=1 640w, https:\/\/i2.wp.com\/www.interaccionnoticias.com.mx\/wp-content\/uploads\/2025\/07\/260706-estatua-de-Alejandro-Arcos-2-1024x683.jpg?ssl=1&w=800&resize=800&ssl=1 800w, https:\/\/i2.wp.com\/www.interaccionnoticias.com.mx\/wp-content\/uploads\/2025\/07\/260706-estatua-de-Alejandro-Arcos-2-1024x683.jpg?ssl=1&w=1024&resize=1024&ssl=1 1024w, https:\/\/i2.wp.com\/www.interaccionnoticias.com.mx\/wp-content\/uploads\/2025\/07\/260706-estatua-de-Alejandro-Arcos-2-1024x683.jpg?ssl=1&w=1280&resize=1280&ssl=1 1280w, https:\/\/i2.wp.com\/www.interaccionnoticias.com.mx\/wp-content\/uploads\/2025\/07\/260706-estatua-de-Alejandro-Arcos-2-1024x683.jpg?ssl=1&w=1600&resize=1600&ssl=1 1600w\" data-id=\"93401\" fifu-data-src=\"https:\/\/i2.wp.com\/www.interaccionnoticias.com.mx\/wp-content\/uploads\/2025\/07\/260706-estatua-de-Alejandro-Arcos-2-1024x683.jpg?ssl=1\" alt=\"\" class=\"wp-image-93401\"\/><\/figure>\n\n\n\n<figure class=\"wp-block-image size-large\"><img decoding=\"async\" src=\"data:image\/gif;base64,R0lGODlhAQABAIAAAAAAAP\/\/\/ywAAAAAAQABAAACAUwAOw==\" fifu-lazy=\"1\" fifu-data-sizes=\"auto\" fifu-data-srcset=\"https:\/\/i0.wp.com\/www.interaccionnoticias.com.mx\/wp-content\/uploads\/2025\/07\/260706-estatua-de-Alejandro-Arcos-3-1024x683.jpg?ssl=1&w=75&resize=75&ssl=1 75w, https:\/\/i0.wp.com\/www.interaccionnoticias.com.mx\/wp-content\/uploads\/2025\/07\/260706-estatua-de-Alejandro-Arcos-3-1024x683.jpg?ssl=1&w=100&resize=100&ssl=1 100w, https:\/\/i0.wp.com\/www.interaccionnoticias.com.mx\/wp-content\/uploads\/2025\/07\/260706-estatua-de-Alejandro-Arcos-3-1024x683.jpg?ssl=1&w=150&resize=150&ssl=1 150w, https:\/\/i0.wp.com\/www.interaccionnoticias.com.mx\/wp-content\/uploads\/2025\/07\/260706-estatua-de-Alejandro-Arcos-3-1024x683.jpg?ssl=1&w=240&resize=240&ssl=1 240w, https:\/\/i0.wp.com\/www.interaccionnoticias.com.mx\/wp-content\/uploads\/2025\/07\/260706-estatua-de-Alejandro-Arcos-3-1024x683.jpg?ssl=1&w=320&resize=320&ssl=1 320w, https:\/\/i0.wp.com\/www.interaccionnoticias.com.mx\/wp-content\/uploads\/2025\/07\/260706-estatua-de-Alejandro-Arcos-3-1024x683.jpg?ssl=1&w=500&resize=500&ssl=1 500w, https:\/\/i0.wp.com\/www.interaccionnoticias.com.mx\/wp-content\/uploads\/2025\/07\/260706-estatua-de-Alejandro-Arcos-3-1024x683.jpg?ssl=1&w=640&resize=640&ssl=1 640w, https:\/\/i0.wp.com\/www.interaccionnoticias.com.mx\/wp-content\/uploads\/2025\/07\/260706-estatua-de-Alejandro-Arcos-3-1024x683.jpg?ssl=1&w=800&resize=800&ssl=1 800w, https:\/\/i0.wp.com\/www.interaccionnoticias.com.mx\/wp-content\/uploads\/2025\/07\/260706-estatua-de-Alejandro-Arcos-3-1024x683.jpg?ssl=1&w=1024&resize=1024&ssl=1 1024w, https:\/\/i0.wp.com\/www.interaccionnoticias.com.mx\/wp-content\/uploads\/2025\/07\/260706-estatua-de-Alejandro-Arcos-3-1024x683.jpg?ssl=1&w=1280&resize=1280&ssl=1 1280w, https:\/\/i0.wp.com\/www.interaccionnoticias.com.mx\/wp-content\/uploads\/2025\/07\/260706-estatua-de-Alejandro-Arcos-3-1024x683.jpg?ssl=1&w=1600&resize=1600&ssl=1 1600w\" data-id=\"93402\" fifu-data-src=\"https:\/\/i0.wp.com\/www.interaccionnoticias.com.mx\/wp-content\/uploads\/2025\/07\/260706-estatua-de-Alejandro-Arcos-3-1024x683.jpg?ssl=1\" alt=\"\" class=\"wp-image-93402\"\/><\/figure>\n<\/figure>\n","protected":false},"excerpt":{"rendered":"<p>&#8212; Ser\u00e1 un homenaje a la memoria del alcalde asesinado el 6 de octubre de 2024 Jes\u00fas Dorantes A nueve meses del asesinato del alcalde Alejandro Arcos Catal\u00e1n, este domingo&hellip; <\/p>\n","protected":false},"author":8,"featured_media":93405,"comment_status":"open","ping_status":"open","sticky":false,"template":"","format":"standard","meta":{"fifu_image_url":"https:\/\/www.interaccionnoticias.com.mx\/wp-content\/uploads\/2025\/07\/260706-estatua-de-Alejandro-Arcos-2.jpg","fifu_image_alt":"","footnotes":""},"categories":[29],"tags":[],"class_list":["post-93400","post","type-post","status-publish","format-standard","has-post-thumbnail","hentry","category-sociedad"],"_links":{"self":[{"href":"https:\/\/www.interaccionnoticias.com.mx\/index.php?rest_route=\/wp\/v2\/posts\/93400","targetHints":{"allow":["GET"]}}],"collection":[{"href":"https:\/\/www.interaccionnoticias.com.mx\/index.php?rest_route=\/wp\/v2\/posts"}],"about":[{"href":"https:\/\/www.interaccionnoticias.com.mx\/index.php?rest_route=\/wp\/v2\/types\/post"}],"author":[{"embeddable":true,"href":"https:\/\/www.interaccionnoticias.com.mx\/index.php?rest_route=\/wp\/v2\/users\/8"}],"replies":[{"embeddable":true,"href":"https:\/\/www.interaccionnoticias.com.mx\/index.php?rest_route=%2Fwp%2Fv2%2Fcomments&post=93400"}],"version-history":[{"count":1,"href":"https:\/\/www.interaccionnoticias.com.mx\/index.php?rest_route=\/wp\/v2\/posts\/93400\/revisions"}],"predecessor-version":[{"id":93404,"href":"https:\/\/www.interaccionnoticias.com.mx\/index.php?rest_route=\/wp\/v2\/posts\/93400\/revisions\/93404"}],"wp:featuredmedia":[{"embeddable":true,"href":"https:\/\/www.interaccionnoticias.com.mx\/index.php?rest_route=\/wp\/v2\/media\/93405"}],"wp:attachment":[{"href":"https:\/\/www.interaccionnoticias.com.mx\/index.php?rest_route=%2Fwp%2Fv2%2Fmedia&parent=93400"}],"wp:term":[{"taxonomy":"category","embeddable":true,"href":"https:\/\/www.interaccionnoticias.com.mx\/index.php?rest_route=%2Fwp%2Fv2%2Fcategories&post=93400"},{"taxonomy":"post_tag","embeddable":true,"href":"https:\/\/www.interaccionnoticias.com.mx\/index.php?rest_route=%2Fwp%2Fv2%2Ftags&post=93400"}],"curies":[{"name":"wp","href":"https:\/\/api.w.org\/{rel}","templated":true}]}}