{"id":9336,"date":"2017-10-16T18:53:14","date_gmt":"2017-10-16T23:53:14","guid":{"rendered":"http:\/\/www.inter-accion.com.mx\/?p=9336"},"modified":"2017-10-16T18:53:14","modified_gmt":"2017-10-16T23:53:14","slug":"damnificados-de-el-mirador-exigen-que-se-les-reubique-cuanto-antes","status":"publish","type":"post","link":"https:\/\/www.interaccionnoticias.com.mx\/?p=9336","title":{"rendered":"Damnificados de \u201cEl Mirador\u201d exigen que se les reubique cuanto antes"},"content":{"rendered":"<p class=\"m_4196770390511292460xmsonormal\"><strong><span lang=\"ES\">&nbsp;<\/span><span lang=\"ES\">Sus viviendas fueron declaradas inhabitables, aseguran que ya no pueden estar en el albergue del SUSPEG<\/span><\/strong><\/p>\n<p class=\"m_4196770390511292460xmsonormal\"><span lang=\"ES\">Habitantes de la colonia El Mirador bloquearon la avenida Ignacio Ram\u00edrez para exigir la liberaci\u00f3n de recursos para pagar un predio en el que puedan levantar nuevas viviendas, pues actualmente se encuentran en la calle.<\/span><\/p>\n<p class=\"m_4196770390511292460xmsonormal\"><span lang=\"ES\">Se trata de 19 familias que fueron evacuadas a partir del da\u00f1o que presentan su viviendas, las cuales fueron declaradas completamente inhabitables por Protecci\u00f3n Civil del estado.<\/span><\/p>\n<p class=\"m_4196770390511292460xmsonormal\"><span lang=\"ES\">Isabel Aparicio Nava, una de las afectadas, coment\u00f3 que durante varias semanas permanecieron en un albergue que se instal\u00f3 en las oficinas del Sindicato Unico de Servidores P\u00fablicos del Estado de Guerrero (SUSPEG), en la parte oriente de la ciudad.&nbsp;&nbsp;&nbsp;&nbsp;<\/span><\/p>\n<p class=\"m_4196770390511292460xmsonormal\"><span lang=\"ES\">Ah\u00ed, dijeron que est\u00e1 muy claro que las autoridades no los toleran, pues ya les retiraron el apoyo del Ej\u00e9rcito Mexicano, la energ\u00eda el\u00e9ctrica se las cortan muy temprano y les escasea el agua.<\/span><\/p>\n<p class=\"m_4196770390511292460xmsonormal\"><span lang=\"ES\">\u201cPr\u00e1cticamente nos est\u00e1n echando, nosotros lo entendemos muy bien\u201d, dijeron las inconformes.<\/span><\/p>\n<p class=\"m_4196770390511292460xmsonormal\"><span lang=\"ES\">Record\u00f3 que el ahora alcalde con licencia, Marco Antonio Leyva Mena les propuso reubicarlos en unos predios que se ubican rumbo a la comunidad de Petaquillas, lo que no les agrad\u00f3, raz\u00f3n por la que hicieron un planteamiento concreto.<\/span><\/p>\n<p class=\"m_4196770390511292460xmsonormal\"><span lang=\"ES\">\u201cSi nos van a comprar el terreno, pues que nos den la parte que nos corresponde y nosotros levantamos nuestras casas\u201d, se\u00f1al\u00f3 la damnificada.<\/span><\/p>\n<p class=\"m_4196770390511292460xmsonormal\"><span lang=\"ES\">El proceso ya estaba avanzado, pues dijo que personal de Protecci\u00f3n Civil les solicit\u00f3 credenciales, se arm\u00f3 una relaci\u00f3n pero nunca se concretiz\u00f3 nada.<\/span><\/p>\n<p class=\"m_4196770390511292460xmsonormal\"><span lang=\"ES\">Los manifestantes advirtieron que est\u00e1n desesperados, de tal suerte que si el tiempo pasa y no consigue que se les resuelva, volver\u00e1n a sus deterioradas viviendas y de lo que les pase las autoridades ser\u00e1n responsables.<\/span><\/p>\n","protected":false},"excerpt":{"rendered":"<p>&nbsp;Sus viviendas fueron declaradas inhabitables, aseguran que ya no pueden estar en el albergue del SUSPEG Habitantes de la colonia El Mirador bloquearon la avenida Ignacio Ram\u00edrez para exigir la&hellip; <\/p>\n","protected":false},"author":1,"featured_media":0,"comment_status":"closed","ping_status":"closed","sticky":false,"template":"","format":"standard","meta":{"fifu_image_url":"","fifu_image_alt":"","footnotes":""},"categories":[13,8],"tags":[],"class_list":["post-9336","post","type-post","status-publish","format-standard","hentry","category-capital","category-featured"],"_links":{"self":[{"href":"https:\/\/www.interaccionnoticias.com.mx\/index.php?rest_route=\/wp\/v2\/posts\/9336","targetHints":{"allow":["GET"]}}],"collection":[{"href":"https:\/\/www.interaccionnoticias.com.mx\/index.php?rest_route=\/wp\/v2\/posts"}],"about":[{"href":"https:\/\/www.interaccionnoticias.com.mx\/index.php?rest_route=\/wp\/v2\/types\/post"}],"author":[{"embeddable":true,"href":"https:\/\/www.interaccionnoticias.com.mx\/index.php?rest_route=\/wp\/v2\/users\/1"}],"replies":[{"embeddable":true,"href":"https:\/\/www.interaccionnoticias.com.mx\/index.php?rest_route=%2Fwp%2Fv2%2Fcomments&post=9336"}],"version-history":[{"count":0,"href":"https:\/\/www.interaccionnoticias.com.mx\/index.php?rest_route=\/wp\/v2\/posts\/9336\/revisions"}],"wp:attachment":[{"href":"https:\/\/www.interaccionnoticias.com.mx\/index.php?rest_route=%2Fwp%2Fv2%2Fmedia&parent=9336"}],"wp:term":[{"taxonomy":"category","embeddable":true,"href":"https:\/\/www.interaccionnoticias.com.mx\/index.php?rest_route=%2Fwp%2Fv2%2Fcategories&post=9336"},{"taxonomy":"post_tag","embeddable":true,"href":"https:\/\/www.interaccionnoticias.com.mx\/index.php?rest_route=%2Fwp%2Fv2%2Ftags&post=9336"}],"curies":[{"name":"wp","href":"https:\/\/api.w.org\/{rel}","templated":true}]}}