{"id":93348,"date":"2025-07-04T16:19:34","date_gmt":"2025-07-04T22:19:34","guid":{"rendered":"https:\/\/www.interaccionnoticias.com.mx\/?p=93348"},"modified":"2025-07-04T16:19:35","modified_gmt":"2025-07-04T22:19:35","slug":"felix-salgado-manuel-anorve-y-javier-saldana-se-desmarcan-de-la-intencion-de-cerrar-radio-uagro","status":"publish","type":"post","link":"https:\/\/www.interaccionnoticias.com.mx\/?p=93348","title":{"rendered":"F\u00e9lix Salgado, Manuel A\u00f1orve y Javier Salda\u00f1a se desmarcan de la intenci\u00f3n de cerrar Radio UAGro"},"content":{"rendered":"\n<p><strong><em>&#8212; El Departamento Jur\u00eddico de la instituci\u00f3n ya revisa la situaci\u00f3n legal y t\u00e9cnica de la emisora: Salda\u00f1a<\/em><\/strong><\/p>\n\n\n\n<p><strong>Cristina Serrano<\/strong><\/p>\n\n\n\n<p><strong>Chilpancingo, Gro., 4 de julio de 2025 \u2014 <\/strong>Ante versiones difundidas recientemente en medios nacionales, que apuntan a la presunta intenci\u00f3n de cerrar Radio UAGro, los senadores F\u00e9lix Salgado Macedonio y Manuel A\u00f1orve Ba\u00f1os, as\u00ed como el rector de la Universidad Aut\u00f3noma de Guerrero (UAGro), Javier Salda\u00f1a Almaz\u00e1n negaron de manera tajante que exista tal prop\u00f3sito, por lo que adem\u00e1s expresaron su respaldo absoluto a la libertad de expresi\u00f3n.<\/p>\n\n\n\n<p>El senador por Morena, F\u00e9lix Salgado calific\u00f3 como falsas y tendenciosas las versiones que lo involucran, junto al pri\u00edsta Manuel A\u00f1orve, en un supuesto intento de clausura de la emisora.<\/p>\n\n\n\n<p>En un mensaje dirigido a la opini\u00f3n p\u00fablica, sostuvo que Radio UAGro ha sido desde 1982 un canal leg\u00edtimo al servicio del pueblo y que ha acompa\u00f1ado las luchas democr\u00e1ticas del estado.<\/p>\n\n\n\n<p>\u201cRespeto y apoyo la libertad de expresi\u00f3n\u2026 Desde el Senado apoyo a los medios que, como Radio UAGro, ayudan a la construcci\u00f3n de la democracia en el pa\u00eds\u201d, declar\u00f3 Salgado Macedonio, quien tambi\u00e9n calific\u00f3 de \u201cfelon\u00eda\u201d cualquier intento de desacreditarlo a trav\u00e9s de dicha versi\u00f3n.<\/p>\n\n\n\n<p>Por su parte, el coordinador del Grupo Parlamentario del PRI en el Senado, Manuel A\u00f1orve Ba\u00f1os rechaz\u00f3 categ\u00f3ricamente los se\u00f1alamientos publicados en notas informativas que lo acusan de buscar el cierre de la radiodifusora universitaria. Afirm\u00f3 que no es facultad de un senador intervenir en un tema que corresponde al \u00e1mbito federal, y reiter\u00f3 su compromiso con la libertad de expresi\u00f3n y la generaci\u00f3n de empleos en Guerrero.<\/p>\n\n\n\n<p>\u201cEstas versiones carecen de sustento\u2026 Siempre he expresado mi respeto por el trabajo que hacen comunicadoras y comunicadores guerrerenses para informar con responsabilidad\u201d, expres\u00f3 A\u00f1orve.<\/p>\n\n\n\n<p>En el mismo sentido, el rector de la Universidad Aut\u00f3noma de Guerrero, Javier Salda\u00f1a Almaz\u00e1n, afirm\u00f3 este jueves desde Acapulco que no est\u00e1 de acuerdo con el cierre de Radio UAGro, y que el Departamento Jur\u00eddico de la instituci\u00f3n ya revisa la situaci\u00f3n legal y t\u00e9cnica de la emisora.<\/p>\n\n\n\n<p>\u201cRadio UAG es un espacio donde se escuchan todas las voces\u2026 todos nos tenemos que regular, y el Instituto Federal de Telecomunicaciones (IFT) es quien regula el equipo\u201d, puntualiz\u00f3.<\/p>\n\n\n\n<figure class=\"wp-block-gallery has-nested-images columns-default is-cropped wp-block-gallery-1 is-layout-flex wp-block-gallery-is-layout-flex\">\n<figure class=\"wp-block-image size-large\"><img decoding=\"async\" src=\"data:image\/gif;base64,R0lGODlhAQABAIAAAAAAAP\/\/\/ywAAAAAAQABAAACAUwAOw==\" fifu-lazy=\"1\" fifu-data-sizes=\"auto\" fifu-data-srcset=\"https:\/\/i0.wp.com\/www.interaccionnoticias.com.mx\/wp-content\/uploads\/2025\/07\/250704-Javier-Saldana-2-1024x683.jpg?ssl=1&w=75&resize=75&ssl=1 75w, https:\/\/i0.wp.com\/www.interaccionnoticias.com.mx\/wp-content\/uploads\/2025\/07\/250704-Javier-Saldana-2-1024x683.jpg?ssl=1&w=100&resize=100&ssl=1 100w, https:\/\/i0.wp.com\/www.interaccionnoticias.com.mx\/wp-content\/uploads\/2025\/07\/250704-Javier-Saldana-2-1024x683.jpg?ssl=1&w=150&resize=150&ssl=1 150w, https:\/\/i0.wp.com\/www.interaccionnoticias.com.mx\/wp-content\/uploads\/2025\/07\/250704-Javier-Saldana-2-1024x683.jpg?ssl=1&w=240&resize=240&ssl=1 240w, https:\/\/i0.wp.com\/www.interaccionnoticias.com.mx\/wp-content\/uploads\/2025\/07\/250704-Javier-Saldana-2-1024x683.jpg?ssl=1&w=320&resize=320&ssl=1 320w, https:\/\/i0.wp.com\/www.interaccionnoticias.com.mx\/wp-content\/uploads\/2025\/07\/250704-Javier-Saldana-2-1024x683.jpg?ssl=1&w=500&resize=500&ssl=1 500w, https:\/\/i0.wp.com\/www.interaccionnoticias.com.mx\/wp-content\/uploads\/2025\/07\/250704-Javier-Saldana-2-1024x683.jpg?ssl=1&w=640&resize=640&ssl=1 640w, https:\/\/i0.wp.com\/www.interaccionnoticias.com.mx\/wp-content\/uploads\/2025\/07\/250704-Javier-Saldana-2-1024x683.jpg?ssl=1&w=800&resize=800&ssl=1 800w, https:\/\/i0.wp.com\/www.interaccionnoticias.com.mx\/wp-content\/uploads\/2025\/07\/250704-Javier-Saldana-2-1024x683.jpg?ssl=1&w=1024&resize=1024&ssl=1 1024w, https:\/\/i0.wp.com\/www.interaccionnoticias.com.mx\/wp-content\/uploads\/2025\/07\/250704-Javier-Saldana-2-1024x683.jpg?ssl=1&w=1280&resize=1280&ssl=1 1280w, https:\/\/i0.wp.com\/www.interaccionnoticias.com.mx\/wp-content\/uploads\/2025\/07\/250704-Javier-Saldana-2-1024x683.jpg?ssl=1&w=1600&resize=1600&ssl=1 1600w\" data-id=\"93349\" fifu-data-src=\"https:\/\/i0.wp.com\/www.interaccionnoticias.com.mx\/wp-content\/uploads\/2025\/07\/250704-Javier-Saldana-2-1024x683.jpg?ssl=1\" alt=\"\" class=\"wp-image-93349\"\/><\/figure>\n\n\n\n<figure class=\"wp-block-image size-large\"><img decoding=\"async\" src=\"data:image\/gif;base64,R0lGODlhAQABAIAAAAAAAP\/\/\/ywAAAAAAQABAAACAUwAOw==\" fifu-lazy=\"1\" fifu-data-sizes=\"auto\" fifu-data-srcset=\"https:\/\/i3.wp.com\/www.interaccionnoticias.com.mx\/wp-content\/uploads\/2025\/07\/250704-Javier-Saldana-1-1024x683.jpg?ssl=1&w=75&resize=75&ssl=1 75w, https:\/\/i3.wp.com\/www.interaccionnoticias.com.mx\/wp-content\/uploads\/2025\/07\/250704-Javier-Saldana-1-1024x683.jpg?ssl=1&w=100&resize=100&ssl=1 100w, https:\/\/i3.wp.com\/www.interaccionnoticias.com.mx\/wp-content\/uploads\/2025\/07\/250704-Javier-Saldana-1-1024x683.jpg?ssl=1&w=150&resize=150&ssl=1 150w, https:\/\/i3.wp.com\/www.interaccionnoticias.com.mx\/wp-content\/uploads\/2025\/07\/250704-Javier-Saldana-1-1024x683.jpg?ssl=1&w=240&resize=240&ssl=1 240w, https:\/\/i3.wp.com\/www.interaccionnoticias.com.mx\/wp-content\/uploads\/2025\/07\/250704-Javier-Saldana-1-1024x683.jpg?ssl=1&w=320&resize=320&ssl=1 320w, https:\/\/i3.wp.com\/www.interaccionnoticias.com.mx\/wp-content\/uploads\/2025\/07\/250704-Javier-Saldana-1-1024x683.jpg?ssl=1&w=500&resize=500&ssl=1 500w, https:\/\/i3.wp.com\/www.interaccionnoticias.com.mx\/wp-content\/uploads\/2025\/07\/250704-Javier-Saldana-1-1024x683.jpg?ssl=1&w=640&resize=640&ssl=1 640w, https:\/\/i3.wp.com\/www.interaccionnoticias.com.mx\/wp-content\/uploads\/2025\/07\/250704-Javier-Saldana-1-1024x683.jpg?ssl=1&w=800&resize=800&ssl=1 800w, https:\/\/i3.wp.com\/www.interaccionnoticias.com.mx\/wp-content\/uploads\/2025\/07\/250704-Javier-Saldana-1-1024x683.jpg?ssl=1&w=1024&resize=1024&ssl=1 1024w, https:\/\/i3.wp.com\/www.interaccionnoticias.com.mx\/wp-content\/uploads\/2025\/07\/250704-Javier-Saldana-1-1024x683.jpg?ssl=1&w=1280&resize=1280&ssl=1 1280w, https:\/\/i3.wp.com\/www.interaccionnoticias.com.mx\/wp-content\/uploads\/2025\/07\/250704-Javier-Saldana-1-1024x683.jpg?ssl=1&w=1600&resize=1600&ssl=1 1600w\" data-id=\"93351\" fifu-data-src=\"https:\/\/i3.wp.com\/www.interaccionnoticias.com.mx\/wp-content\/uploads\/2025\/07\/250704-Javier-Saldana-1-1024x683.jpg?ssl=1\" alt=\"\" class=\"wp-image-93351\"\/><\/figure>\n<\/figure>\n","protected":false},"excerpt":{"rendered":"<p>&#8212; El Departamento Jur\u00eddico de la instituci\u00f3n ya revisa la situaci\u00f3n legal y t\u00e9cnica de la emisora: Salda\u00f1a Cristina Serrano Chilpancingo, Gro., 4 de julio de 2025 \u2014 Ante versiones&hellip; <\/p>\n","protected":false},"author":34,"featured_media":93353,"comment_status":"open","ping_status":"open","sticky":false,"template":"","format":"standard","meta":{"fifu_image_url":"https:\/\/www.interaccionnoticias.com.mx\/wp-content\/uploads\/2025\/07\/250704-se-desmarcan.jpg","fifu_image_alt":"","footnotes":""},"categories":[11],"tags":[],"class_list":["post-93348","post","type-post","status-publish","format-standard","has-post-thumbnail","hentry","category-guerrero"],"_links":{"self":[{"href":"https:\/\/www.interaccionnoticias.com.mx\/index.php?rest_route=\/wp\/v2\/posts\/93348","targetHints":{"allow":["GET"]}}],"collection":[{"href":"https:\/\/www.interaccionnoticias.com.mx\/index.php?rest_route=\/wp\/v2\/posts"}],"about":[{"href":"https:\/\/www.interaccionnoticias.com.mx\/index.php?rest_route=\/wp\/v2\/types\/post"}],"author":[{"embeddable":true,"href":"https:\/\/www.interaccionnoticias.com.mx\/index.php?rest_route=\/wp\/v2\/users\/34"}],"replies":[{"embeddable":true,"href":"https:\/\/www.interaccionnoticias.com.mx\/index.php?rest_route=%2Fwp%2Fv2%2Fcomments&post=93348"}],"version-history":[{"count":1,"href":"https:\/\/www.interaccionnoticias.com.mx\/index.php?rest_route=\/wp\/v2\/posts\/93348\/revisions"}],"predecessor-version":[{"id":93352,"href":"https:\/\/www.interaccionnoticias.com.mx\/index.php?rest_route=\/wp\/v2\/posts\/93348\/revisions\/93352"}],"wp:featuredmedia":[{"embeddable":true,"href":"https:\/\/www.interaccionnoticias.com.mx\/index.php?rest_route=\/wp\/v2\/media\/93353"}],"wp:attachment":[{"href":"https:\/\/www.interaccionnoticias.com.mx\/index.php?rest_route=%2Fwp%2Fv2%2Fmedia&parent=93348"}],"wp:term":[{"taxonomy":"category","embeddable":true,"href":"https:\/\/www.interaccionnoticias.com.mx\/index.php?rest_route=%2Fwp%2Fv2%2Fcategories&post=93348"},{"taxonomy":"post_tag","embeddable":true,"href":"https:\/\/www.interaccionnoticias.com.mx\/index.php?rest_route=%2Fwp%2Fv2%2Ftags&post=93348"}],"curies":[{"name":"wp","href":"https:\/\/api.w.org\/{rel}","templated":true}]}}