{"id":93336,"date":"2025-07-04T15:58:03","date_gmt":"2025-07-04T21:58:03","guid":{"rendered":"https:\/\/www.interaccionnoticias.com.mx\/?p=93336"},"modified":"2025-07-04T15:58:05","modified_gmt":"2025-07-04T21:58:05","slug":"las-regiones-de-la-montana-y-la-sierra-es-donde-se-solicitas-mas-cambios-de-adscripcion-por-inseguridad","status":"publish","type":"post","link":"https:\/\/www.interaccionnoticias.com.mx\/?p=93336","title":{"rendered":"Las regiones de La Monta\u00f1a y La Sierra es donde se solicitas m\u00e1s cambios de adscripci\u00f3n por inseguridad"},"content":{"rendered":"\n<p><strong><em>&#8211;El secretario de Educaci\u00f3n, Ricardo Castillo mencion\u00f3 que el SNTE anunci\u00f3 movilizaciones para el lunes pr\u00f3ximo por el pago de una prestaci\u00f3n del orden federal<\/em><\/strong><\/p>\n\n\n\n<p><strong>Rosario Garc\u00eda Orozco<\/strong><\/p>\n\n\n\n<p>Es en las regiones de La Monta\u00f1a y La Sierra donde se registran m\u00e1s solicitudes de cambio de adscripci\u00f3n por inseguridad, inform\u00f3 el secretario de Educaci\u00f3n en Guerrero (SEG), Ricardo Castillo Pe\u00f1a, quien agreg\u00f3 que en segundo lugar se encuentran las solicitudes de cambio por salud, ya sea de alg\u00fan familiar o de propio trabajador.<\/p>\n\n\n\n<p>Explic\u00f3 el funcionario que la ocupa el primer lugar como la causa de peticiones de cambio de adscripci\u00f3n por parte de los trabajadores del sector educativo en la entidad, principalmente en las regiones de La Monta\u00f1a y La Sierra.<\/p>\n\n\n\n<p>En cuanto al segundo lugar, \u00e9ste lo ocupa el tema de seguridad, ya sea porque alg\u00fan familiar requiere de cuidados especiales por alg\u00fan tema de salud, o porque el propio trabajador se vea en la necesidad de estar m\u00e1s cerca de alg\u00fan centro especializado de atenci\u00f3n m\u00e9dica.<\/p>\n\n\n\n<p>Sin dar datos precisos, el titular de la SEG tambi\u00e9n inform\u00f3 que ya hay varios planteles educativos que por las lluvias intensas decidieron adelantar la clausura del ciclo escolar, \u00aba pesar de lo que ocurri\u00f3 recientemente con el paro magisterial, quiero decirles que estamos cerrando con todo el ciclo escolar, aunque en algunos lugares ya se est\u00e1n clausurado las labores por los fen\u00f3menos hidrometeorol\u00f3gicos, pero en otros lados todav\u00eda est\u00e1n trabajando\u00bb.<\/p>\n\n\n\n<p>En torno al anuncio de trabajadores afiliados a la secci\u00f3n 14 del Sindicato Nacional de Trabajadores de la Educaci\u00f3n (SNTE), en torno a van a llevar a cabo movilizaciones el pr\u00f3ximo lunes, coment\u00f3 que las demandas de los docentes sindicalizados tienen que ver con la exigencia del pago de un bono que debe hacer la Federaci\u00f3n.<\/p>\n\n\n\n<p>\u00abLos sindicalizados del SNTE luchan por el pago de un bono, que es un pago que hace la Federaci\u00f3n, no el gobierno del estado\u00bb expres\u00f3 el funcionario estatal, quien confi\u00f3 en que el gobierno federal apruebe ese beneficio y se entregue a los trabajadores del sector educativo.<\/p>\n\n\n\n<p>Sobre la protesta reciente de maestros de la zona 09 de Tlacotepec, mencion\u00f3 que se debi\u00f3 a los cambios internos que han solicitado en esa zona escolar, \u00ablos maestros est\u00e1n en su derecho de vigilar c\u00f3mo se llevan a cabo los corrimientos internos, nosotros no tenemos ninguna objeci\u00f3n\u00bb.<\/p>\n","protected":false},"excerpt":{"rendered":"<p>&#8211;El secretario de Educaci\u00f3n, Ricardo Castillo mencion\u00f3 que el SNTE anunci\u00f3 movilizaciones para el lunes pr\u00f3ximo por el pago de una prestaci\u00f3n del orden federal Rosario Garc\u00eda Orozco Es en&hellip; <\/p>\n","protected":false},"author":14,"featured_media":93339,"comment_status":"open","ping_status":"open","sticky":false,"template":"","format":"standard","meta":{"fifu_image_url":"https:\/\/www.interaccionnoticias.com.mx\/wp-content\/uploads\/2025\/07\/250704-Ricardo-Castillo-Pena.jpg","fifu_image_alt":"","footnotes":""},"categories":[6],"tags":[],"class_list":["post-93336","post","type-post","status-publish","format-standard","has-post-thumbnail","hentry","category-educacion"],"_links":{"self":[{"href":"https:\/\/www.interaccionnoticias.com.mx\/index.php?rest_route=\/wp\/v2\/posts\/93336","targetHints":{"allow":["GET"]}}],"collection":[{"href":"https:\/\/www.interaccionnoticias.com.mx\/index.php?rest_route=\/wp\/v2\/posts"}],"about":[{"href":"https:\/\/www.interaccionnoticias.com.mx\/index.php?rest_route=\/wp\/v2\/types\/post"}],"author":[{"embeddable":true,"href":"https:\/\/www.interaccionnoticias.com.mx\/index.php?rest_route=\/wp\/v2\/users\/14"}],"replies":[{"embeddable":true,"href":"https:\/\/www.interaccionnoticias.com.mx\/index.php?rest_route=%2Fwp%2Fv2%2Fcomments&post=93336"}],"version-history":[{"count":1,"href":"https:\/\/www.interaccionnoticias.com.mx\/index.php?rest_route=\/wp\/v2\/posts\/93336\/revisions"}],"predecessor-version":[{"id":93338,"href":"https:\/\/www.interaccionnoticias.com.mx\/index.php?rest_route=\/wp\/v2\/posts\/93336\/revisions\/93338"}],"wp:featuredmedia":[{"embeddable":true,"href":"https:\/\/www.interaccionnoticias.com.mx\/index.php?rest_route=\/wp\/v2\/media\/93339"}],"wp:attachment":[{"href":"https:\/\/www.interaccionnoticias.com.mx\/index.php?rest_route=%2Fwp%2Fv2%2Fmedia&parent=93336"}],"wp:term":[{"taxonomy":"category","embeddable":true,"href":"https:\/\/www.interaccionnoticias.com.mx\/index.php?rest_route=%2Fwp%2Fv2%2Fcategories&post=93336"},{"taxonomy":"post_tag","embeddable":true,"href":"https:\/\/www.interaccionnoticias.com.mx\/index.php?rest_route=%2Fwp%2Fv2%2Ftags&post=93336"}],"curies":[{"name":"wp","href":"https:\/\/api.w.org\/{rel}","templated":true}]}}