{"id":93327,"date":"2025-07-04T14:34:50","date_gmt":"2025-07-04T20:34:50","guid":{"rendered":"https:\/\/www.interaccionnoticias.com.mx\/?p=93327"},"modified":"2025-07-04T14:34:51","modified_gmt":"2025-07-04T20:34:51","slug":"maestras-de-preescolar-se-movilizan-por-asignaciones-justas-en-guerrero","status":"publish","type":"post","link":"https:\/\/www.interaccionnoticias.com.mx\/?p=93327","title":{"rendered":"Maestras de preescolar se movilizan por asignaciones justas en Guerrero"},"content":{"rendered":"\n<p><strong><em>&#8212; Acusan favoritismos y piden que se respete la antig\u00fcedad en el proceso de cambios de adscripci\u00f3n<\/em><\/strong><\/p>\n\n\n\n<p><strong>SIN<\/strong><\/p>\n\n\n\n<p><strong>Chilpancingo, Gro.- <\/strong>Este viernes maestras y maestros del sector 02 realizaron una manifestaci\u00f3n en las oficinas alternas de la Secretar\u00eda de Educaci\u00f3n Guerrero (SEG), para exigir que los cambios de centro de trabajo se otorguen de acuerdo con la antig\u00fcedad laboral y no mediante criterios discrecionales.<\/p>\n\n\n\n<p>La movilizaci\u00f3n fue encabezada por Mar\u00eda del Rosario Bravo de la Cruz, jefa de sector en la Regi\u00f3n Centro, quien se\u00f1al\u00f3 que existen indicios de que el actual proceso de movilidad convocado desde mayo pasado, podr\u00eda estar vulnerando los derechos de quienes llevan a\u00f1os esperando una reasignaci\u00f3n.<\/p>\n\n\n\n<p>En el pliego entregado a la SEG, las y los 259 docentes que integran el sector, demandaron que el proceso se apegue estrictamente a la normativa establecida, la cual reconoce el tiempo de servicio como eje rector de los movimientos internos.<\/p>\n\n\n\n<p>Adem\u00e1s, solicitaron una audiencia directa con el secretario Ricardo Castillo Pe\u00f1a para exponer su inconformidad.<\/p>\n\n\n\n<p>Los cambios de zona son una solicitud com\u00fan cada ciclo escolar, pero en los \u00faltimos a\u00f1os, muchas maestras tambi\u00e9n han argumentado razones de salud o inseguridad en las comunidades donde laboran.<\/p>\n\n\n\n<p>\u201cLo que pedimos no es que se niegue un derecho, sino que se aplique con seriedad. Hay casos donde se repiten los mismos nombres, a\u00f1o tras a\u00f1o, mientras otros que cumplen con todos los requisitos siguen en espera\u201d, expres\u00f3 Bravo de la Cruz frente a sus compa\u00f1eras.<\/p>\n\n\n\n<p>La protesta fue atendida por el titular de la SEG Ricardo Castillo Pe\u00f1a, con el que se inicio una mesa de di\u00e1logo.<\/p>\n","protected":false},"excerpt":{"rendered":"<p>&#8212; Acusan favoritismos y piden que se respete la antig\u00fcedad en el proceso de cambios de adscripci\u00f3n SIN Chilpancingo, Gro.- Este viernes maestras y maestros del sector 02 realizaron una&hellip; <\/p>\n","protected":false},"author":4,"featured_media":93330,"comment_status":"open","ping_status":"open","sticky":false,"template":"","format":"standard","meta":{"fifu_image_url":"https:\/\/www.interaccionnoticias.com.mx\/wp-content\/uploads\/2025\/07\/250704-Maestras-de-preescolar.jpg","fifu_image_alt":"","footnotes":""},"categories":[6],"tags":[],"class_list":["post-93327","post","type-post","status-publish","format-standard","has-post-thumbnail","hentry","category-educacion"],"_links":{"self":[{"href":"https:\/\/www.interaccionnoticias.com.mx\/index.php?rest_route=\/wp\/v2\/posts\/93327","targetHints":{"allow":["GET"]}}],"collection":[{"href":"https:\/\/www.interaccionnoticias.com.mx\/index.php?rest_route=\/wp\/v2\/posts"}],"about":[{"href":"https:\/\/www.interaccionnoticias.com.mx\/index.php?rest_route=\/wp\/v2\/types\/post"}],"author":[{"embeddable":true,"href":"https:\/\/www.interaccionnoticias.com.mx\/index.php?rest_route=\/wp\/v2\/users\/4"}],"replies":[{"embeddable":true,"href":"https:\/\/www.interaccionnoticias.com.mx\/index.php?rest_route=%2Fwp%2Fv2%2Fcomments&post=93327"}],"version-history":[{"count":1,"href":"https:\/\/www.interaccionnoticias.com.mx\/index.php?rest_route=\/wp\/v2\/posts\/93327\/revisions"}],"predecessor-version":[{"id":93329,"href":"https:\/\/www.interaccionnoticias.com.mx\/index.php?rest_route=\/wp\/v2\/posts\/93327\/revisions\/93329"}],"wp:featuredmedia":[{"embeddable":true,"href":"https:\/\/www.interaccionnoticias.com.mx\/index.php?rest_route=\/wp\/v2\/media\/93330"}],"wp:attachment":[{"href":"https:\/\/www.interaccionnoticias.com.mx\/index.php?rest_route=%2Fwp%2Fv2%2Fmedia&parent=93327"}],"wp:term":[{"taxonomy":"category","embeddable":true,"href":"https:\/\/www.interaccionnoticias.com.mx\/index.php?rest_route=%2Fwp%2Fv2%2Fcategories&post=93327"},{"taxonomy":"post_tag","embeddable":true,"href":"https:\/\/www.interaccionnoticias.com.mx\/index.php?rest_route=%2Fwp%2Fv2%2Ftags&post=93327"}],"curies":[{"name":"wp","href":"https:\/\/api.w.org\/{rel}","templated":true}]}}