{"id":93323,"date":"2025-07-04T14:30:10","date_gmt":"2025-07-04T20:30:10","guid":{"rendered":"https:\/\/www.interaccionnoticias.com.mx\/?p=93323"},"modified":"2025-07-04T14:30:12","modified_gmt":"2025-07-04T20:30:12","slug":"lamenta-la-gobernadora-evelyn-salgado-el-accidente-de-autobus-en-la-montana","status":"publish","type":"post","link":"https:\/\/www.interaccionnoticias.com.mx\/?p=93323","title":{"rendered":"Lamenta la gobernadora Evelyn Salgado el accidente de autob\u00fas en la Monta\u00f1a"},"content":{"rendered":"\n<p><strong><em>&#8212; Expresa su su solidaridad a los deudos<\/em><\/strong><\/p>\n\n\n\n<p><strong>Rosario Garc\u00eda Orozco<\/strong><\/p>\n\n\n\n<p>La gobernadora Evelyn Salgado Pineda lament\u00f3 el accidente de un autob\u00fas de pasajeros de la madrugada de este viernes sobre la carretera Puebla-Tlapa, en la zona de La Monta\u00f1a, que dej\u00f3 un saldo de 8 pasajeros muertos, mientras que 16 personas resultaron heridos.<\/p>\n\n\n\n<p>En sus redes sociales, la mandataria estatal public\u00f3 que el gobierno del estado brind\u00f3 atenci\u00f3n de manera inmediata a los pasajeros lesionados, quienes fueron trasladados al hospital del IMSS-Bienestar de Tlapa.<\/p>\n\n\n\n<p>\u00abEsta madrugada se registr\u00f3 un lamentable accidente en la carretera Tulcingo\u2013Tlapa, donde un autob\u00fas de la l\u00ednea Oro volc\u00f3 y cay\u00f3 a un r\u00edo. Mi solidaridad y apoyo est\u00e1n con todas las personas y familias afectadas por este suceso\u00bb, escribi\u00f3 la gobernadora.<\/p>\n\n\n\n<p>En ese texto refiri\u00f3 que desde los primeros minutos del percance, instruy\u00f3 a la Secretar\u00eda de Gesti\u00f3n Integral de Riesgos y Protecci\u00f3n Civil Guerrero, que est\u00e1 a cargo de Roberto Arroyo Matus, para que se brindara atenci\u00f3n inmediata, en coordinaci\u00f3n con autoridades de los tres niveles de gobierno y con el valioso apoyo de los mismos habitantes.<\/p>\n\n\n\n<p>\u00abGracias a esta respuesta oportuna, se logr\u00f3 rescatar a 16 personas con lesiones leves, quienes ya reciben atenci\u00f3n m\u00e9dica\u00bb, asegur\u00f3 la gobernadora.<\/p>\n\n\n\n<p>Lament\u00f3 que en el accidente haya habido p\u00e9rdidas humanas, por lo que extern\u00f3 sus condolencias a sus familiares y se comprometi\u00f3 a apoyarlos, \u00ables expreso todo mi acompa\u00f1amiento y el compromiso de brindarles el apoyo necesario en estos momentos dif\u00edciles\u00bb.<\/p>\n","protected":false},"excerpt":{"rendered":"<p>&#8212; Expresa su su solidaridad a los deudos Rosario Garc\u00eda Orozco La gobernadora Evelyn Salgado Pineda lament\u00f3 el accidente de un autob\u00fas de pasajeros de la madrugada de este viernes&hellip; <\/p>\n","protected":false},"author":14,"featured_media":93326,"comment_status":"open","ping_status":"open","sticky":false,"template":"","format":"standard","meta":{"fifu_image_url":"https:\/\/www.interaccionnoticias.com.mx\/wp-content\/uploads\/2025\/07\/250704-Lamenta-Evelyn-Salgado.jpg","fifu_image_alt":"","footnotes":""},"categories":[11],"tags":[],"class_list":["post-93323","post","type-post","status-publish","format-standard","has-post-thumbnail","hentry","category-guerrero"],"_links":{"self":[{"href":"https:\/\/www.interaccionnoticias.com.mx\/index.php?rest_route=\/wp\/v2\/posts\/93323","targetHints":{"allow":["GET"]}}],"collection":[{"href":"https:\/\/www.interaccionnoticias.com.mx\/index.php?rest_route=\/wp\/v2\/posts"}],"about":[{"href":"https:\/\/www.interaccionnoticias.com.mx\/index.php?rest_route=\/wp\/v2\/types\/post"}],"author":[{"embeddable":true,"href":"https:\/\/www.interaccionnoticias.com.mx\/index.php?rest_route=\/wp\/v2\/users\/14"}],"replies":[{"embeddable":true,"href":"https:\/\/www.interaccionnoticias.com.mx\/index.php?rest_route=%2Fwp%2Fv2%2Fcomments&post=93323"}],"version-history":[{"count":1,"href":"https:\/\/www.interaccionnoticias.com.mx\/index.php?rest_route=\/wp\/v2\/posts\/93323\/revisions"}],"predecessor-version":[{"id":93325,"href":"https:\/\/www.interaccionnoticias.com.mx\/index.php?rest_route=\/wp\/v2\/posts\/93323\/revisions\/93325"}],"wp:featuredmedia":[{"embeddable":true,"href":"https:\/\/www.interaccionnoticias.com.mx\/index.php?rest_route=\/wp\/v2\/media\/93326"}],"wp:attachment":[{"href":"https:\/\/www.interaccionnoticias.com.mx\/index.php?rest_route=%2Fwp%2Fv2%2Fmedia&parent=93323"}],"wp:term":[{"taxonomy":"category","embeddable":true,"href":"https:\/\/www.interaccionnoticias.com.mx\/index.php?rest_route=%2Fwp%2Fv2%2Fcategories&post=93323"},{"taxonomy":"post_tag","embeddable":true,"href":"https:\/\/www.interaccionnoticias.com.mx\/index.php?rest_route=%2Fwp%2Fv2%2Ftags&post=93323"}],"curies":[{"name":"wp","href":"https:\/\/api.w.org\/{rel}","templated":true}]}}