{"id":93243,"date":"2025-07-03T14:33:00","date_gmt":"2025-07-03T20:33:00","guid":{"rendered":"https:\/\/www.interaccionnoticias.com.mx\/?p=93243"},"modified":"2025-07-03T14:33:03","modified_gmt":"2025-07-03T20:33:03","slug":"colectivos-denuncian-revictimizacion-y-abandono-institucional-en-su-busquedas-de-fosas","status":"publish","type":"post","link":"https:\/\/www.interaccionnoticias.com.mx\/?p=93243","title":{"rendered":"Colectivos denuncian revictimizaci\u00f3n y abandono institucional en su b\u00fasquedas de fosas"},"content":{"rendered":"\n<p><strong>Jes\u00fas Dorantes \/ Chilpancingo<\/strong><\/p>\n\n\n\n<p>Integrantes del colectivo de familiares de personas desaparecidas \u201cGuerrero No+ Desaparecidos\u201d, denunciaron p\u00fablicamente malos tratos, negligencia institucional y falta de condiciones m\u00ednimas durante las excavaciones realizadas en fosas clandestinas localizadas en una zona rural del municipio de Tixtla.<\/p>\n\n\n\n<p>Las mujeres que participan en las jornadas reclamaron que han sido revictimizadas por personal ministerial y que el proceso de b\u00fasqueda se ha desarrollado entre el desorden, la improvisaci\u00f3n y la ausencia de personal especializado.<\/p>\n\n\n\n<p>En rueda de prensa, Betsy Malivu Munivez, integrante del colectivo, relat\u00f3 que el Ministerio P\u00fablico intent\u00f3 suspender los trabajos pese a los acuerdos previos, bajo el argumento de que \u201cno se pod\u00eda trabajar\u201d debido al lodo y la humedad del terreno.<\/p>\n\n\n\n<p>\u201cNos dijeron que si quer\u00edamos irnos, pues que nos fu\u00e9ramos. \u00bfAs\u00ed nada m\u00e1s? Nosotras tenemos derecho a seguir buscando\u201d, expres\u00f3 una de las madres que acompa\u00f1aron a Betsy en el encuentro con los medios.<\/p>\n\n\n\n<p>Las familias acusaron que desde el inicio de esta etapa de b\u00fasqueda, han enfrentado contratiempos provocados por una funcionaria que \u201cse asumi\u00f3 como m\u00e1xima autoridad\u201d y que \u201clas revictimiz\u00f3 constantemente\u201d.<\/p>\n\n\n\n<p>Exigieron al fiscal Zipacn\u00e1 Jes\u00fas Torres Ojeda, que coloque personal con sensibilidad y formaci\u00f3n en materia de derechos humanos.<\/p>\n\n\n\n<p>\u201cQueremos que se pongan en nuestros zapatos. No venimos a pasear, venimos a buscar a nuestros hijos\u201d, reclamaron.<\/p>\n\n\n\n<p>Durante las excavaciones, dijeron que se han localizado restos \u00f3seos que podr\u00edan corresponder a por lo menos tres personas.<\/p>\n\n\n\n<p>Uno de los cuerpos estaba esposado, lo que evidenciar\u00eda un contexto de violencia extrema. Tambi\u00e9n se encontraron casquillos, botas y fragmentos de ropa, entre ellos un pantal\u00f3n de mezclilla reducido a hilos.<\/p>\n\n\n\n<p>\u201cPodr\u00eda ser mi hijo, o el hijo de cualquier compa\u00f1era, esto no es un tr\u00e1mite administrativo, es dolor todos los d\u00edas\u201d, insistieron.<\/p>\n\n\n\n<p>A las condiciones precarias del terreno, se suma la falta de equipo adecuado, por lo que las madres buscadoras pidieron toldos reforzados, palas y herramientas adecuadas, as\u00ed como transporte para los peritos, luego de denunciar que veh\u00edculos oficiales s\u00ed fueron usados para actividades personales.<\/p>\n\n\n\n<p>\u201cVimos videos donde peritos estaban tomando en una cancha. No nos importa que beban, pero ah\u00ed andaban con la camioneta oficial, \u00bfy para el trabajo no hay veh\u00edculos?\u201d, cuestionaron.<\/p>\n\n\n\n<p>Tambi\u00e9n se\u00f1alaron la falta de antrop\u00f3logos forenses, pues varios han renunciado en medio de una crisis operativa en servicios periciales.<\/p>\n\n\n\n<p>De los cinco equipos que supuestamente existen, las familias s\u00f3lo han visto dos en campo y sin los especialistas necesarios para procesar adecuadamente los restos. \u201cNo se trata de que renuncien los que ya est\u00e1n capacitados, p\u00f3nganles voluntarios que aprendan, pero no nos manden a gente sin compromiso. Si algo les pasa, nadie los va a respaldar\u201d, advirtieron.<\/p>\n\n\n\n<p>En paralelo, los integrantes del colectivo explicaron que han solicitado la creaci\u00f3n de un centro de identificaci\u00f3n forense en Guerrero, aunque reconocieron que el proceso est\u00e1 estancado por falta de recursos y por las recientes reformas federales.<\/p>\n\n\n\n<p>\u201cTenemos que redactar todo con precisi\u00f3n t\u00e9cnica. Una palabra mal usada, y se cae todo\u201d, explic\u00f3 una de las voceras.<\/p>\n\n\n\n<p>Los colectivos iniciaron los trabajos en la zona desde el 28 de mayo y hasta la fecha no se ha designado una persona responsable que d\u00e9 seguimiento integral a la b\u00fasqueda.<\/p>\n\n\n\n<p>\u201cCada d\u00eda nos cambian de personal, no hay continuidad, no hay registros completos. As\u00ed no se puede trabajar\u201d, dijeron.<\/p>\n\n\n\n<figure class=\"wp-block-gallery has-nested-images columns-default is-cropped wp-block-gallery-1 is-layout-flex wp-block-gallery-is-layout-flex\">\n<figure class=\"wp-block-image size-large\"><img decoding=\"async\" src=\"data:image\/gif;base64,R0lGODlhAQABAIAAAAAAAP\/\/\/ywAAAAAAQABAAACAUwAOw==\" fifu-lazy=\"1\" fifu-data-sizes=\"auto\" fifu-data-srcset=\"https:\/\/i1.wp.com\/www.interaccionnoticias.com.mx\/wp-content\/uploads\/2025\/07\/250603-Colectivos-1-1024x683.jpg?ssl=1&w=75&resize=75&ssl=1 75w, https:\/\/i1.wp.com\/www.interaccionnoticias.com.mx\/wp-content\/uploads\/2025\/07\/250603-Colectivos-1-1024x683.jpg?ssl=1&w=100&resize=100&ssl=1 100w, https:\/\/i1.wp.com\/www.interaccionnoticias.com.mx\/wp-content\/uploads\/2025\/07\/250603-Colectivos-1-1024x683.jpg?ssl=1&w=150&resize=150&ssl=1 150w, https:\/\/i1.wp.com\/www.interaccionnoticias.com.mx\/wp-content\/uploads\/2025\/07\/250603-Colectivos-1-1024x683.jpg?ssl=1&w=240&resize=240&ssl=1 240w, https:\/\/i1.wp.com\/www.interaccionnoticias.com.mx\/wp-content\/uploads\/2025\/07\/250603-Colectivos-1-1024x683.jpg?ssl=1&w=320&resize=320&ssl=1 320w, https:\/\/i1.wp.com\/www.interaccionnoticias.com.mx\/wp-content\/uploads\/2025\/07\/250603-Colectivos-1-1024x683.jpg?ssl=1&w=500&resize=500&ssl=1 500w, https:\/\/i1.wp.com\/www.interaccionnoticias.com.mx\/wp-content\/uploads\/2025\/07\/250603-Colectivos-1-1024x683.jpg?ssl=1&w=640&resize=640&ssl=1 640w, https:\/\/i1.wp.com\/www.interaccionnoticias.com.mx\/wp-content\/uploads\/2025\/07\/250603-Colectivos-1-1024x683.jpg?ssl=1&w=800&resize=800&ssl=1 800w, https:\/\/i1.wp.com\/www.interaccionnoticias.com.mx\/wp-content\/uploads\/2025\/07\/250603-Colectivos-1-1024x683.jpg?ssl=1&w=1024&resize=1024&ssl=1 1024w, https:\/\/i1.wp.com\/www.interaccionnoticias.com.mx\/wp-content\/uploads\/2025\/07\/250603-Colectivos-1-1024x683.jpg?ssl=1&w=1280&resize=1280&ssl=1 1280w, https:\/\/i1.wp.com\/www.interaccionnoticias.com.mx\/wp-content\/uploads\/2025\/07\/250603-Colectivos-1-1024x683.jpg?ssl=1&w=1600&resize=1600&ssl=1 1600w\" data-id=\"93244\" fifu-data-src=\"https:\/\/i1.wp.com\/www.interaccionnoticias.com.mx\/wp-content\/uploads\/2025\/07\/250603-Colectivos-1-1024x683.jpg?ssl=1\" alt=\"\" class=\"wp-image-93244\"\/><\/figure>\n\n\n\n<figure class=\"wp-block-image size-large\"><img decoding=\"async\" src=\"data:image\/gif;base64,R0lGODlhAQABAIAAAAAAAP\/\/\/ywAAAAAAQABAAACAUwAOw==\" fifu-lazy=\"1\" fifu-data-sizes=\"auto\" fifu-data-srcset=\"https:\/\/i2.wp.com\/www.interaccionnoticias.com.mx\/wp-content\/uploads\/2025\/07\/250603-Colectivos-2-1024x683.jpg?ssl=1&w=75&resize=75&ssl=1 75w, https:\/\/i2.wp.com\/www.interaccionnoticias.com.mx\/wp-content\/uploads\/2025\/07\/250603-Colectivos-2-1024x683.jpg?ssl=1&w=100&resize=100&ssl=1 100w, https:\/\/i2.wp.com\/www.interaccionnoticias.com.mx\/wp-content\/uploads\/2025\/07\/250603-Colectivos-2-1024x683.jpg?ssl=1&w=150&resize=150&ssl=1 150w, https:\/\/i2.wp.com\/www.interaccionnoticias.com.mx\/wp-content\/uploads\/2025\/07\/250603-Colectivos-2-1024x683.jpg?ssl=1&w=240&resize=240&ssl=1 240w, https:\/\/i2.wp.com\/www.interaccionnoticias.com.mx\/wp-content\/uploads\/2025\/07\/250603-Colectivos-2-1024x683.jpg?ssl=1&w=320&resize=320&ssl=1 320w, https:\/\/i2.wp.com\/www.interaccionnoticias.com.mx\/wp-content\/uploads\/2025\/07\/250603-Colectivos-2-1024x683.jpg?ssl=1&w=500&resize=500&ssl=1 500w, https:\/\/i2.wp.com\/www.interaccionnoticias.com.mx\/wp-content\/uploads\/2025\/07\/250603-Colectivos-2-1024x683.jpg?ssl=1&w=640&resize=640&ssl=1 640w, https:\/\/i2.wp.com\/www.interaccionnoticias.com.mx\/wp-content\/uploads\/2025\/07\/250603-Colectivos-2-1024x683.jpg?ssl=1&w=800&resize=800&ssl=1 800w, https:\/\/i2.wp.com\/www.interaccionnoticias.com.mx\/wp-content\/uploads\/2025\/07\/250603-Colectivos-2-1024x683.jpg?ssl=1&w=1024&resize=1024&ssl=1 1024w, https:\/\/i2.wp.com\/www.interaccionnoticias.com.mx\/wp-content\/uploads\/2025\/07\/250603-Colectivos-2-1024x683.jpg?ssl=1&w=1280&resize=1280&ssl=1 1280w, https:\/\/i2.wp.com\/www.interaccionnoticias.com.mx\/wp-content\/uploads\/2025\/07\/250603-Colectivos-2-1024x683.jpg?ssl=1&w=1600&resize=1600&ssl=1 1600w\" data-id=\"93245\" fifu-data-src=\"https:\/\/i2.wp.com\/www.interaccionnoticias.com.mx\/wp-content\/uploads\/2025\/07\/250603-Colectivos-2-1024x683.jpg?ssl=1\" alt=\"\" class=\"wp-image-93245\"\/><\/figure>\n\n\n\n<figure class=\"wp-block-image size-large\"><img decoding=\"async\" src=\"data:image\/gif;base64,R0lGODlhAQABAIAAAAAAAP\/\/\/ywAAAAAAQABAAACAUwAOw==\" fifu-lazy=\"1\" fifu-data-sizes=\"auto\" fifu-data-srcset=\"https:\/\/i0.wp.com\/www.interaccionnoticias.com.mx\/wp-content\/uploads\/2025\/07\/250603-Colectivos-3-1024x683.jpg?ssl=1&w=75&resize=75&ssl=1 75w, https:\/\/i0.wp.com\/www.interaccionnoticias.com.mx\/wp-content\/uploads\/2025\/07\/250603-Colectivos-3-1024x683.jpg?ssl=1&w=100&resize=100&ssl=1 100w, https:\/\/i0.wp.com\/www.interaccionnoticias.com.mx\/wp-content\/uploads\/2025\/07\/250603-Colectivos-3-1024x683.jpg?ssl=1&w=150&resize=150&ssl=1 150w, https:\/\/i0.wp.com\/www.interaccionnoticias.com.mx\/wp-content\/uploads\/2025\/07\/250603-Colectivos-3-1024x683.jpg?ssl=1&w=240&resize=240&ssl=1 240w, https:\/\/i0.wp.com\/www.interaccionnoticias.com.mx\/wp-content\/uploads\/2025\/07\/250603-Colectivos-3-1024x683.jpg?ssl=1&w=320&resize=320&ssl=1 320w, https:\/\/i0.wp.com\/www.interaccionnoticias.com.mx\/wp-content\/uploads\/2025\/07\/250603-Colectivos-3-1024x683.jpg?ssl=1&w=500&resize=500&ssl=1 500w, https:\/\/i0.wp.com\/www.interaccionnoticias.com.mx\/wp-content\/uploads\/2025\/07\/250603-Colectivos-3-1024x683.jpg?ssl=1&w=640&resize=640&ssl=1 640w, https:\/\/i0.wp.com\/www.interaccionnoticias.com.mx\/wp-content\/uploads\/2025\/07\/250603-Colectivos-3-1024x683.jpg?ssl=1&w=800&resize=800&ssl=1 800w, https:\/\/i0.wp.com\/www.interaccionnoticias.com.mx\/wp-content\/uploads\/2025\/07\/250603-Colectivos-3-1024x683.jpg?ssl=1&w=1024&resize=1024&ssl=1 1024w, https:\/\/i0.wp.com\/www.interaccionnoticias.com.mx\/wp-content\/uploads\/2025\/07\/250603-Colectivos-3-1024x683.jpg?ssl=1&w=1280&resize=1280&ssl=1 1280w, https:\/\/i0.wp.com\/www.interaccionnoticias.com.mx\/wp-content\/uploads\/2025\/07\/250603-Colectivos-3-1024x683.jpg?ssl=1&w=1600&resize=1600&ssl=1 1600w\" data-id=\"93246\" fifu-data-src=\"https:\/\/i0.wp.com\/www.interaccionnoticias.com.mx\/wp-content\/uploads\/2025\/07\/250603-Colectivos-3-1024x683.jpg?ssl=1\" alt=\"\" class=\"wp-image-93246\"\/><\/figure>\n<\/figure>\n","protected":false},"excerpt":{"rendered":"<p>Jes\u00fas Dorantes \/ Chilpancingo Integrantes del colectivo de familiares de personas desaparecidas \u201cGuerrero No+ Desaparecidos\u201d, denunciaron p\u00fablicamente malos tratos, negligencia institucional y falta de condiciones m\u00ednimas durante las excavaciones realizadas&hellip; <\/p>\n","protected":false},"author":8,"featured_media":93248,"comment_status":"open","ping_status":"open","sticky":false,"template":"","format":"standard","meta":{"fifu_image_url":"https:\/\/www.interaccionnoticias.com.mx\/wp-content\/uploads\/2025\/07\/250603-Colectivos-3.jpg","fifu_image_alt":"","footnotes":""},"categories":[15],"tags":[],"class_list":["post-93243","post","type-post","status-publish","format-standard","has-post-thumbnail","hentry","category-movimientos-sociales"],"_links":{"self":[{"href":"https:\/\/www.interaccionnoticias.com.mx\/index.php?rest_route=\/wp\/v2\/posts\/93243","targetHints":{"allow":["GET"]}}],"collection":[{"href":"https:\/\/www.interaccionnoticias.com.mx\/index.php?rest_route=\/wp\/v2\/posts"}],"about":[{"href":"https:\/\/www.interaccionnoticias.com.mx\/index.php?rest_route=\/wp\/v2\/types\/post"}],"author":[{"embeddable":true,"href":"https:\/\/www.interaccionnoticias.com.mx\/index.php?rest_route=\/wp\/v2\/users\/8"}],"replies":[{"embeddable":true,"href":"https:\/\/www.interaccionnoticias.com.mx\/index.php?rest_route=%2Fwp%2Fv2%2Fcomments&post=93243"}],"version-history":[{"count":1,"href":"https:\/\/www.interaccionnoticias.com.mx\/index.php?rest_route=\/wp\/v2\/posts\/93243\/revisions"}],"predecessor-version":[{"id":93247,"href":"https:\/\/www.interaccionnoticias.com.mx\/index.php?rest_route=\/wp\/v2\/posts\/93243\/revisions\/93247"}],"wp:featuredmedia":[{"embeddable":true,"href":"https:\/\/www.interaccionnoticias.com.mx\/index.php?rest_route=\/wp\/v2\/media\/93248"}],"wp:attachment":[{"href":"https:\/\/www.interaccionnoticias.com.mx\/index.php?rest_route=%2Fwp%2Fv2%2Fmedia&parent=93243"}],"wp:term":[{"taxonomy":"category","embeddable":true,"href":"https:\/\/www.interaccionnoticias.com.mx\/index.php?rest_route=%2Fwp%2Fv2%2Fcategories&post=93243"},{"taxonomy":"post_tag","embeddable":true,"href":"https:\/\/www.interaccionnoticias.com.mx\/index.php?rest_route=%2Fwp%2Fv2%2Ftags&post=93243"}],"curies":[{"name":"wp","href":"https:\/\/api.w.org\/{rel}","templated":true}]}}