{"id":93238,"date":"2025-07-02T16:55:00","date_gmt":"2025-07-02T22:55:00","guid":{"rendered":"https:\/\/www.interaccionnoticias.com.mx\/?p=93238"},"modified":"2025-07-02T20:56:38","modified_gmt":"2025-07-03T02:56:38","slug":"en-guerrero-se-han-registrado-51-victimas-de-feminicidio-en-cinco-meses","status":"publish","type":"post","link":"https:\/\/www.interaccionnoticias.com.mx\/?p=93238","title":{"rendered":"En Guerrero se han registrado 51 v\u00edctimas de feminicidio en cinco meses"},"content":{"rendered":"\n<p><strong><em>&#8212; Adem\u00e1s en lo que va del 2025 van 175 v\u00edctimas de lesiones dolosas<\/em><\/strong><\/p>\n\n\n\n<p><strong>Rosario Garc\u00eda Orozco<\/strong><\/p>\n\n\n\n<p>En Guerrero se han registrado 51 v\u00edctimas de feminicidios en los primeros meses del presente a\u00f1o, mientras que en lo que va del 2025 ya se reportan 175 mujeres v\u00edctimas de lesiones dolosas, de acuerdo a estad\u00edsticas del Secretariado Ejecutivo del Sistema Nacional de Seguridad P\u00fablica (SNSP), denunci\u00f3 la diputada local de Movimiento Ciudadano, Erika Lorena L\u00fchrs Cortes.<\/p>\n\n\n\n<p>Explic\u00f3 que ya se tiene el reporte de 51 casos de mujeres asesinadas, por lo que Guerrero ocupa la posici\u00f3n n\u00famero seis a nivel nacional durante los primeros cinco meses del presente a\u00f1o, \u201caun cuando hay m\u00e1s casos registrados en los medios de comunicaci\u00f3n y que no llegan al registro oficial y no est\u00e1n en las estad\u00edsticas\u201d.<\/p>\n\n\n\n<p>La legisladora de MC present\u00f3 un punto de acuerdo para exhortar a la Secretar\u00eda de la mujer del gobierno del Estado para que fortalezca su relaci\u00f3n institucional con la Fiscal\u00eda General del Estado y sus agencias del ministerio p\u00fablico afines, para priorizar las investigaciones de Feminicidios en el Estado, y en ese marco de coordinaci\u00f3n que tambi\u00e9n coadyuven para que la fiscal\u00eda proceda de oficio cuando conozca de un embarazo o alumbramiento de una ni\u00f1a.<\/p>\n\n\n\n<p>Explic\u00f3 que de acuerdo al Secretariado Ejecutivo del Sistema Nacional el 26.2 por ciento de los delitos contra las mujeres a nivel nacional se concentran en 20 municipios de la Rep\u00fablica Mexicana, entre ellos Acapulco.<\/p>\n\n\n\n<p>Mientras que se reportaron 6 mil llamadas de emergencia relacionados con delitos cometidos en contra de mujeres, lo que posiciona a la entidad en el lugar n\u00famero 25 nacional en el \u00edndice de violencia contra este sector, ampli\u00f3 la emecista.<\/p>\n\n\n\n<p>\u00abEn Guerrero se mata, se viola y se casa a las mujeres y ni\u00f1as, y con ello pierden sus infancias, ya que a muy temprana edad se convierten en madres de familia, lo que no se nombran no existe\u201d, enfatiz\u00f3 Erika L\u00fcrhs.<\/p>\n\n\n\n<p>En su intervenci\u00f3n durante la sesi\u00f3n de la Comisi\u00f3n Permanente, la diputada hizo referencia a casos como el de la enfermera Ana Lilia Ocampo, asesinada por su ex esposo en Iguala, y de la joven Maribel \u00abN\u00bb v\u00edctima de violaci\u00f3n en la misma ciudad, casos que se mantienen en la impunidad, y por lo que sus familiares y amigos marcharon este mi\u00e9rcoles para exigir justicia.<\/p>\n\n\n\n<p>Tambi\u00e9n coment\u00f3 el caso de la joven Yossmara \u201cN\u201d, quien fue hallada en una localidad de Coyuca de Ben\u00edtez con signos de violaci\u00f3n por parte de un grupo de individuos, un hecho registrado hace una semana, lo que provoc\u00f3 que familiares y la poblaci\u00f3n en general convocaran a una marcha para el pr\u00f3ximo viernes 4 de julio en exigencia de justicia.<\/p>\n\n\n\n<p>El punto de acuerdo fue turnado a las comisiones unidas de Igualdad de G\u00e9nero y Justicia para su an\u00e1lisis.<\/p>\n","protected":false},"excerpt":{"rendered":"<p>&#8212; Adem\u00e1s en lo que va del 2025 van 175 v\u00edctimas de lesiones dolosas Rosario Garc\u00eda Orozco En Guerrero se han registrado 51 v\u00edctimas de feminicidios en los primeros meses&hellip; <\/p>\n","protected":false},"author":14,"featured_media":93241,"comment_status":"open","ping_status":"open","sticky":false,"template":"","format":"standard","meta":{"fifu_image_url":"https:\/\/www.interaccionnoticias.com.mx\/wp-content\/uploads\/2025\/07\/250702-Erika-Lorena-Luhrs-Cortes.jpg","fifu_image_alt":"","footnotes":""},"categories":[2],"tags":[],"class_list":["post-93238","post","type-post","status-publish","format-standard","has-post-thumbnail","hentry","category-congreso"],"_links":{"self":[{"href":"https:\/\/www.interaccionnoticias.com.mx\/index.php?rest_route=\/wp\/v2\/posts\/93238","targetHints":{"allow":["GET"]}}],"collection":[{"href":"https:\/\/www.interaccionnoticias.com.mx\/index.php?rest_route=\/wp\/v2\/posts"}],"about":[{"href":"https:\/\/www.interaccionnoticias.com.mx\/index.php?rest_route=\/wp\/v2\/types\/post"}],"author":[{"embeddable":true,"href":"https:\/\/www.interaccionnoticias.com.mx\/index.php?rest_route=\/wp\/v2\/users\/14"}],"replies":[{"embeddable":true,"href":"https:\/\/www.interaccionnoticias.com.mx\/index.php?rest_route=%2Fwp%2Fv2%2Fcomments&post=93238"}],"version-history":[{"count":2,"href":"https:\/\/www.interaccionnoticias.com.mx\/index.php?rest_route=\/wp\/v2\/posts\/93238\/revisions"}],"predecessor-version":[{"id":93242,"href":"https:\/\/www.interaccionnoticias.com.mx\/index.php?rest_route=\/wp\/v2\/posts\/93238\/revisions\/93242"}],"wp:featuredmedia":[{"embeddable":true,"href":"https:\/\/www.interaccionnoticias.com.mx\/index.php?rest_route=\/wp\/v2\/media\/93241"}],"wp:attachment":[{"href":"https:\/\/www.interaccionnoticias.com.mx\/index.php?rest_route=%2Fwp%2Fv2%2Fmedia&parent=93238"}],"wp:term":[{"taxonomy":"category","embeddable":true,"href":"https:\/\/www.interaccionnoticias.com.mx\/index.php?rest_route=%2Fwp%2Fv2%2Fcategories&post=93238"},{"taxonomy":"post_tag","embeddable":true,"href":"https:\/\/www.interaccionnoticias.com.mx\/index.php?rest_route=%2Fwp%2Fv2%2Ftags&post=93238"}],"curies":[{"name":"wp","href":"https:\/\/api.w.org\/{rel}","templated":true}]}}