{"id":93234,"date":"2025-07-02T16:50:00","date_gmt":"2025-07-02T22:50:00","guid":{"rendered":"https:\/\/www.interaccionnoticias.com.mx\/?p=93234"},"modified":"2025-07-02T20:49:23","modified_gmt":"2025-07-03T02:49:23","slug":"pretenden-cerrar-pinza-legan-contra-la-chatarra-en-las-escuelas-de-guerrero","status":"publish","type":"post","link":"https:\/\/www.interaccionnoticias.com.mx\/?p=93234","title":{"rendered":"Pretenden cerrar pinza legan contra la chatarra en las escuelas de Guerrero"},"content":{"rendered":"\n<p><em><strong>&#8212; Detectan omisiones en la Ley de Educaci\u00f3n Vigente, que al cubrirse le cierran el paso a los alimentos con bajo valor nutricional<\/strong><\/em><\/p>\n\n\n\n<p><strong>Rogelio Agust\u00edn<\/strong><\/p>\n\n\n\n<p>El presidente de la Comisi\u00f3n de Educaci\u00f3n del Congreso local, P\u00e1nfilo S\u00e1nchez Almaz\u00e1n present\u00f3 una propuesta de reforma que busca garantizar el acceso de los ni\u00f1os a una alimentaci\u00f3n completamente saludable en las escuelas del estado de Guerrero, lo que implica cerrarle el paso a la chatarra y subsanar omisiones que prevalecen en la Ley de Educaci\u00f3n vigente.<\/p>\n\n\n\n<p>En la sesi\u00f3n que este mi\u00e9rcoles sostuvo la Comisi\u00f3n Permanente, S\u00e1nchez Almaz\u00e1n explic\u00f3 que Guerrero actualmente enfrenta una triple carga alimentaria, la cual se traduce en desnutrici\u00f3n cr\u00f3nica, pobreza alimentaria y obesidad infantil.<\/p>\n\n\n\n<p>Agreg\u00f3 que de acuerdo con el desaparecido Consejo Nacional de Evaluaci\u00f3n, el 66.4% de la poblaci\u00f3n vive en situaci\u00f3n de pobreza y m\u00e1s del 28% padece la carencia por no acceder a la alimentaci\u00f3n nutritiva. M\u00e1s del 35% de las ni\u00f1as y ni\u00f1os en edad escolar presentan sobrepeso u obesidad, lo que significa que las escuelas, muchas veces sin quererlo, son espacios que normalizan h\u00e1bitos nocivos, entre ellos el consumo de refrescos, frituras, dulces y publicidad sin control.<\/p>\n\n\n\n<p>El legislador local sostuvo que ya es urgente revertir dicha situaci\u00f3n.<\/p>\n\n\n\n<p>Agreg\u00f3 adem\u00e1s, que est\u00e1 comprobado que una mala alimentaci\u00f3n escolar impacta directamente en el rendimiento acad\u00e9mico, en la salud emocional y el desarrollo cognitivo.<\/p>\n\n\n\n<p>Por esa raz\u00f3n, destac\u00f3 que el fortalecimiento del entorno escolar saludable no es solo una pol\u00edtica educativa, sino una medida estructural de justicia social, porque una ni\u00f1ez bien alimentada es una ni\u00f1ez que aprende, que participa, que sue\u00f1a con un futuro distinto.<\/p>\n\n\n\n<p>Bajo dicho contexto es que present\u00f3 una reforma de los art\u00edculos 77, 78, 79 y 80 de la Ley N\u00famero 464 en materia de Educaci\u00f3n para el estado de Guerrero, ya que estos integra el cap\u00edtulo titulado \u00abFomento de Estilos de Vida Saludables en el Entorno Escolar\u00bb.<\/p>\n\n\n\n<p>Entre los cambios clave que plantea se encuentra el prohibir de forma expresa la venta, distribuci\u00f3n y publicidad de productos con bajo valor nutricional, establecer obligaciones claras para las autoridades educativas estatales y municipales, coordinar acciones con la Secretar\u00eda de Salud, promover el acceso al agua simple potable y a alimentos saludables de la regi\u00f3n, adem\u00e1s de fomentar la activaci\u00f3n f\u00edsica y educaci\u00f3n f\u00edsica de al menos 60 minutos diarios en nivel b\u00e1sico.<\/p>\n\n\n\n<p>Entre otras cosasm plantea operar las cooperativas escolares bajo criterios de sostenibilidad, salud y sin conflicto de inter\u00e9s, que es un problema que se presenta de manera recurrente.<\/p>\n\n\n\n<p>De acuerdo con el diputado local por el PT, la legislaci\u00f3n vigente presenta omisiones importantes, pues no incorpora criterios t\u00e9cnicos ni sanciones, tampoco reconoce el inter\u00e9s superior de la ni\u00f1ez como principio transversal y No delimita con precisi\u00f3n a los sujetos obligados, lo que ya urge subsanar.<\/p>\n","protected":false},"excerpt":{"rendered":"<p>&#8212; Detectan omisiones en la Ley de Educaci\u00f3n Vigente, que al cubrirse le cierran el paso a los alimentos con bajo valor nutricional Rogelio Agust\u00edn El presidente de la Comisi\u00f3n&hellip; <\/p>\n","protected":false},"author":21,"featured_media":93237,"comment_status":"open","ping_status":"open","sticky":false,"template":"","format":"standard","meta":{"fifu_image_url":"https:\/\/www.interaccionnoticias.com.mx\/wp-content\/uploads\/2025\/07\/250702-Panfilo-Sanchez-Almazan.jpg","fifu_image_alt":"","footnotes":""},"categories":[2],"tags":[],"class_list":["post-93234","post","type-post","status-publish","format-standard","has-post-thumbnail","hentry","category-congreso"],"_links":{"self":[{"href":"https:\/\/www.interaccionnoticias.com.mx\/index.php?rest_route=\/wp\/v2\/posts\/93234","targetHints":{"allow":["GET"]}}],"collection":[{"href":"https:\/\/www.interaccionnoticias.com.mx\/index.php?rest_route=\/wp\/v2\/posts"}],"about":[{"href":"https:\/\/www.interaccionnoticias.com.mx\/index.php?rest_route=\/wp\/v2\/types\/post"}],"author":[{"embeddable":true,"href":"https:\/\/www.interaccionnoticias.com.mx\/index.php?rest_route=\/wp\/v2\/users\/21"}],"replies":[{"embeddable":true,"href":"https:\/\/www.interaccionnoticias.com.mx\/index.php?rest_route=%2Fwp%2Fv2%2Fcomments&post=93234"}],"version-history":[{"count":1,"href":"https:\/\/www.interaccionnoticias.com.mx\/index.php?rest_route=\/wp\/v2\/posts\/93234\/revisions"}],"predecessor-version":[{"id":93236,"href":"https:\/\/www.interaccionnoticias.com.mx\/index.php?rest_route=\/wp\/v2\/posts\/93234\/revisions\/93236"}],"wp:featuredmedia":[{"embeddable":true,"href":"https:\/\/www.interaccionnoticias.com.mx\/index.php?rest_route=\/wp\/v2\/media\/93237"}],"wp:attachment":[{"href":"https:\/\/www.interaccionnoticias.com.mx\/index.php?rest_route=%2Fwp%2Fv2%2Fmedia&parent=93234"}],"wp:term":[{"taxonomy":"category","embeddable":true,"href":"https:\/\/www.interaccionnoticias.com.mx\/index.php?rest_route=%2Fwp%2Fv2%2Fcategories&post=93234"},{"taxonomy":"post_tag","embeddable":true,"href":"https:\/\/www.interaccionnoticias.com.mx\/index.php?rest_route=%2Fwp%2Fv2%2Ftags&post=93234"}],"curies":[{"name":"wp","href":"https:\/\/api.w.org\/{rel}","templated":true}]}}