{"id":93225,"date":"2025-07-02T15:56:00","date_gmt":"2025-07-02T21:56:00","guid":{"rendered":"https:\/\/www.interaccionnoticias.com.mx\/?p=93225"},"modified":"2025-07-02T20:13:05","modified_gmt":"2025-07-03T02:13:05","slug":"vinculacion-a-proceso-de-un-hombre-por-homicidio-calificado","status":"publish","type":"post","link":"https:\/\/www.interaccionnoticias.com.mx\/?p=93225","title":{"rendered":"Vinculaci\u00f3n a proceso de un hombre por homicidio calificado"},"content":{"rendered":"\n<p><em><strong>&#8212; Homicidio de un agente ministerial en Igualapa<br>&#8212; Ernesto \u201cN\u201d, alias \u201cEl Moro\u201d permanecer\u00e1 en prisi\u00f3n preventiva<\/strong><\/em><\/p>\n\n\n\n<p><strong>Javier Trujillo<\/strong><\/p>\n\n\n\n<p><strong>Acapulco, Gro.- <\/strong>Ernesto \u201cN\u201d, alias El Moro, identificado como presunto l\u00edder de un grupo delictivo con presencia en el municipio de Igualapa, fue vinculado a proceso por su presunta responsabilidad del delito de homicidio calificado de un agente ministerial.<\/p>\n\n\n\n<p>Al presunto generador de violencia se le atribuye la probable participaci\u00f3n en la agresi\u00f3n armada contra agentes de seguridad y procuraci\u00f3n de justicia ocurrida el 23 de junio de 2025, en el municipio de Igualapa, regi\u00f3n de la Costa Chica de Guerrero.<\/p>\n\n\n\n<p>Se informa que en perdi\u00f3 la vida el agente de la Polic\u00eda Investigadora Ministerial, Andr\u00e9s Nava G\u00f3mez, y result\u00f3 lesionado otro efectivo de la PIM, mismo que fue hospitalizado por heridas que presentaba por disparos de arma de fuego.<\/p>\n\n\n\n<p>Del imputado conocido como \u00abEl Moro\u00bb, y ahora vinculado a proceso se indica que tiene presencia en Igualapa as\u00ed como otras comunidades de la regi\u00f3n Costa Chica.<\/p>\n\n\n\n<p>La Fiscal\u00eda General del Estado de Guerrero (FGE) logr\u00f3 la vinculaci\u00f3n a proceso de Ernesto \u201cN\u201d, alias \u201cEl Moro\u201d, por su probable responsabilidad en el delito de homicidio calificado, en agravio de Andr\u00e9s \u201cN\u201d, quien se desempe\u00f1aba como agente de la PIM, por hechos ocurridos el pasado 23 de junio de 2025, remarc\u00f3 la instancia de procuraci\u00f3n de justicia.<\/p>\n\n\n\n<p>Se detalla que en la audiencia inicial, el Ministerio P\u00fablico present\u00f3 datos de prueba suficientes, los cuales fueron valorados por el Juez de Control, quien determin\u00f3 vincular a proceso al imputado y mantener la medida cautelar de prisi\u00f3n preventiva oficiosa.<\/p>\n\n\n\n<p>Del mismo modo, se fij\u00f3 un plazo de dos meses para el cierre de la investigaci\u00f3n complementaria, por lo que el imputado permanecer\u00e1 interno en el Centro de Reinserci\u00f3n Social (CERESO) ubicado en Chilpancingo.<\/p>\n","protected":false},"excerpt":{"rendered":"<p>&#8212; Homicidio de un agente ministerial en Igualapa&#8212; Ernesto \u201cN\u201d, alias \u201cEl Moro\u201d permanecer\u00e1 en prisi\u00f3n preventiva Javier Trujillo Acapulco, Gro.- Ernesto \u201cN\u201d, alias El Moro, identificado como presunto l\u00edder&hellip; <\/p>\n","protected":false},"author":19,"featured_media":93228,"comment_status":"open","ping_status":"open","sticky":false,"template":"","format":"standard","meta":{"fifu_image_url":"https:\/\/www.interaccionnoticias.com.mx\/wp-content\/uploads\/2025\/07\/250702-homicidio-calificado.jpg","fifu_image_alt":"","footnotes":""},"categories":[27],"tags":[],"class_list":["post-93225","post","type-post","status-publish","format-standard","has-post-thumbnail","hentry","category-seguridad-publica"],"_links":{"self":[{"href":"https:\/\/www.interaccionnoticias.com.mx\/index.php?rest_route=\/wp\/v2\/posts\/93225","targetHints":{"allow":["GET"]}}],"collection":[{"href":"https:\/\/www.interaccionnoticias.com.mx\/index.php?rest_route=\/wp\/v2\/posts"}],"about":[{"href":"https:\/\/www.interaccionnoticias.com.mx\/index.php?rest_route=\/wp\/v2\/types\/post"}],"author":[{"embeddable":true,"href":"https:\/\/www.interaccionnoticias.com.mx\/index.php?rest_route=\/wp\/v2\/users\/19"}],"replies":[{"embeddable":true,"href":"https:\/\/www.interaccionnoticias.com.mx\/index.php?rest_route=%2Fwp%2Fv2%2Fcomments&post=93225"}],"version-history":[{"count":2,"href":"https:\/\/www.interaccionnoticias.com.mx\/index.php?rest_route=\/wp\/v2\/posts\/93225\/revisions"}],"predecessor-version":[{"id":93229,"href":"https:\/\/www.interaccionnoticias.com.mx\/index.php?rest_route=\/wp\/v2\/posts\/93225\/revisions\/93229"}],"wp:featuredmedia":[{"embeddable":true,"href":"https:\/\/www.interaccionnoticias.com.mx\/index.php?rest_route=\/wp\/v2\/media\/93228"}],"wp:attachment":[{"href":"https:\/\/www.interaccionnoticias.com.mx\/index.php?rest_route=%2Fwp%2Fv2%2Fmedia&parent=93225"}],"wp:term":[{"taxonomy":"category","embeddable":true,"href":"https:\/\/www.interaccionnoticias.com.mx\/index.php?rest_route=%2Fwp%2Fv2%2Fcategories&post=93225"},{"taxonomy":"post_tag","embeddable":true,"href":"https:\/\/www.interaccionnoticias.com.mx\/index.php?rest_route=%2Fwp%2Fv2%2Ftags&post=93225"}],"curies":[{"name":"wp","href":"https:\/\/api.w.org\/{rel}","templated":true}]}}