{"id":93221,"date":"2025-07-02T17:52:56","date_gmt":"2025-07-02T23:52:56","guid":{"rendered":"https:\/\/www.interaccionnoticias.com.mx\/?p=93221"},"modified":"2025-07-02T17:52:57","modified_gmt":"2025-07-02T23:52:57","slug":"trabajadores-de-capach-cierran-tanque-y-suspenden-suministro-de-agua-en-chilpancingo","status":"publish","type":"post","link":"https:\/\/www.interaccionnoticias.com.mx\/?p=93221","title":{"rendered":"Trabajadores de CAPACH cierran tanque y suspenden suministro de agua en Chilpancingo"},"content":{"rendered":"\n<p><strong><em>&#8212; La protesta crece ante la falta de respuesta del Ayuntamiento<\/em><\/strong><\/p>\n\n\n\n<p><strong>Jes\u00fas Dorantes \/ Chilpancingo<\/strong><\/p>\n\n\n\n<p>Por segundo d\u00eda consecutivo, trabajadores de la Comisi\u00f3n de Agua Potable y Alcantarillado de Chilpancingo (CAPACH), agremiados a la secci\u00f3n 32 del SUSPEG, mantienen la toma de las oficinas centrales de la paramunicipal en el barrio de San Mateo y a manera presi\u00f3n contra el Ayuntamiento cerraron el acceso al tanque de almacenamiento de la colonia Margarita Viguri.<\/p>\n\n\n\n<p>El movimiento, encabezado por el secretario general Jonathan Miranda Barrera, subi\u00f3 de tono ante la indiferencia del alcalde Gustavo Alarc\u00f3n Herrera y la directora de CAPACH, a quienes acusan los manifestantes de no mostrar disposici\u00f3n para resolver las demandas laborales ni atender el deterioro operativo del organismo.<\/p>\n\n\n\n<p>La manifestaci\u00f3n inicio el pasado martes por el incumplimiento en el pago de prestaciones como la prima vacacional del primer semestre de 2024, los retroactivos salariales de 2023 y 2024, est\u00edmulos por antig\u00fcedad y el incremento salarial del 6 por ciento que a\u00fan no se ha autorizado.<\/p>\n\n\n\n<p>Los trabajadores tambi\u00e9n denunciaron que contin\u00faan laborando en condiciones precarias, sin impermeables ni equipo b\u00e1sico para operar en zonas de riesgo durante la temporada de lluvias.<\/p>\n","protected":false},"excerpt":{"rendered":"<p>&#8212; La protesta crece ante la falta de respuesta del Ayuntamiento Jes\u00fas Dorantes \/ Chilpancingo Por segundo d\u00eda consecutivo, trabajadores de la Comisi\u00f3n de Agua Potable y Alcantarillado de Chilpancingo&hellip; <\/p>\n","protected":false},"author":8,"featured_media":93224,"comment_status":"open","ping_status":"open","sticky":false,"template":"","format":"standard","meta":{"fifu_image_url":"https:\/\/www.interaccionnoticias.com.mx\/wp-content\/uploads\/2025\/07\/250702-Trabajadores-de-CAPACH.jpg","fifu_image_alt":"","footnotes":""},"categories":[13],"tags":[],"class_list":["post-93221","post","type-post","status-publish","format-standard","has-post-thumbnail","hentry","category-capital"],"_links":{"self":[{"href":"https:\/\/www.interaccionnoticias.com.mx\/index.php?rest_route=\/wp\/v2\/posts\/93221","targetHints":{"allow":["GET"]}}],"collection":[{"href":"https:\/\/www.interaccionnoticias.com.mx\/index.php?rest_route=\/wp\/v2\/posts"}],"about":[{"href":"https:\/\/www.interaccionnoticias.com.mx\/index.php?rest_route=\/wp\/v2\/types\/post"}],"author":[{"embeddable":true,"href":"https:\/\/www.interaccionnoticias.com.mx\/index.php?rest_route=\/wp\/v2\/users\/8"}],"replies":[{"embeddable":true,"href":"https:\/\/www.interaccionnoticias.com.mx\/index.php?rest_route=%2Fwp%2Fv2%2Fcomments&post=93221"}],"version-history":[{"count":1,"href":"https:\/\/www.interaccionnoticias.com.mx\/index.php?rest_route=\/wp\/v2\/posts\/93221\/revisions"}],"predecessor-version":[{"id":93223,"href":"https:\/\/www.interaccionnoticias.com.mx\/index.php?rest_route=\/wp\/v2\/posts\/93221\/revisions\/93223"}],"wp:featuredmedia":[{"embeddable":true,"href":"https:\/\/www.interaccionnoticias.com.mx\/index.php?rest_route=\/wp\/v2\/media\/93224"}],"wp:attachment":[{"href":"https:\/\/www.interaccionnoticias.com.mx\/index.php?rest_route=%2Fwp%2Fv2%2Fmedia&parent=93221"}],"wp:term":[{"taxonomy":"category","embeddable":true,"href":"https:\/\/www.interaccionnoticias.com.mx\/index.php?rest_route=%2Fwp%2Fv2%2Fcategories&post=93221"},{"taxonomy":"post_tag","embeddable":true,"href":"https:\/\/www.interaccionnoticias.com.mx\/index.php?rest_route=%2Fwp%2Fv2%2Ftags&post=93221"}],"curies":[{"name":"wp","href":"https:\/\/api.w.org\/{rel}","templated":true}]}}