{"id":93204,"date":"2025-07-02T16:49:15","date_gmt":"2025-07-02T22:49:15","guid":{"rendered":"https:\/\/www.interaccionnoticias.com.mx\/?p=93204"},"modified":"2025-07-02T16:49:16","modified_gmt":"2025-07-02T22:49:16","slug":"se-incrementa-el-numero-a-600-familias-afectadas-por-una-falla-geologica-en-chilpancingo","status":"publish","type":"post","link":"https:\/\/www.interaccionnoticias.com.mx\/?p=93204","title":{"rendered":"Se incrementa el n\u00famero a 600 familias afectadas por una falla geol\u00f3gica en Chilpancingo"},"content":{"rendered":"\n<p><strong><em>&#8212; Se siguen formando grietas y socavones en la zona norponiente de la capital<\/em><\/strong><\/p>\n\n\n\n<p><strong>Rosario Garc\u00eda Orozco<\/strong><\/p>\n\n\n\n<p>Se incrementa a 600 el n\u00famero de familias afectadas por la falla geol\u00f3gica de la zona norponiente de Chilpancingo, que se encuentran con el temor de que el da\u00f1o sea mayor conforme pasa el tiempo.<\/p>\n\n\n\n<p>Cada vez m\u00e1s casas son afectadas por la formaci\u00f3n de grietas y socavones en esa zona y las casas se siguen deteriorando por el deslizamiento de tierra que se registra en esa parte de la capital del estado.<\/p>\n\n\n\n<p>Al respecto, Jos\u00e9 de Jes\u00fas Victoria, representante de los habitantes de las colonias afectadas coment\u00f3 que est\u00e1n en espera de que el gobierno del estado y el municipio se pongan de acuerdo para la adquisici\u00f3n de un predio para la reubicaci\u00f3n de estas familias.<\/p>\n\n\n\n<p>Lament\u00f3 el hecho de que se tarde mucho el proceso, porque las familias no tienen donde vivir y en esa zona ya no pueden seguir, \u201cel gobierno federal se supone que ellos nos van a dar la vivienda, pero de plano nos dijeron que ellos no les corresponde comprar el predio, aqu\u00ed a quien le corresponde es al ayuntamiento y al gobierno del estado la compra del predio\u201d.<\/p>\n\n\n\n<p>De las 600 viviendas afectadas, al menos 350 est\u00e1n en sem\u00e1foro rojo, debido a nuevos socavones que se han estado presentado en esa parte de la ciudad, por lo que urgi\u00f3 una respuesta pronta de las autoridades del estado y el municipio.<\/p>\n\n\n\n<p>En septiembre del 2024 eran unas 150 familias las afectadas, pero las lluvias intensas de ese mes incrementaron los da\u00f1os, mientras que en mayo del 2025 ya se hab\u00eda extendido a 500 familias la afectaci\u00f3n provocada por la falla geol\u00f3gica.<\/p>\n\n\n\n<p>Jos\u00e9 de Jes\u00fas Victoria explic\u00f3 que hasta el momento las autoridades les han dicho que tienen ocho propuestas de predios, pero que no se ha decidido cu\u00e1l de ellas ser\u00e1 adquirida para iniciar con la reubicacion y la construcci\u00f3n de viviendas afectadas.<\/p>\n\n\n\n<figure class=\"wp-block-gallery has-nested-images columns-default is-cropped wp-block-gallery-1 is-layout-flex wp-block-gallery-is-layout-flex\">\n<figure class=\"wp-block-image size-large\"><img decoding=\"async\" src=\"data:image\/gif;base64,R0lGODlhAQABAIAAAAAAAP\/\/\/ywAAAAAAQABAAACAUwAOw==\" fifu-lazy=\"1\" fifu-data-sizes=\"auto\" fifu-data-srcset=\"https:\/\/i1.wp.com\/www.interaccionnoticias.com.mx\/wp-content\/uploads\/2025\/07\/250602-falla-geologica-2-1024x683.jpg?ssl=1&w=75&resize=75&ssl=1 75w, https:\/\/i1.wp.com\/www.interaccionnoticias.com.mx\/wp-content\/uploads\/2025\/07\/250602-falla-geologica-2-1024x683.jpg?ssl=1&w=100&resize=100&ssl=1 100w, https:\/\/i1.wp.com\/www.interaccionnoticias.com.mx\/wp-content\/uploads\/2025\/07\/250602-falla-geologica-2-1024x683.jpg?ssl=1&w=150&resize=150&ssl=1 150w, https:\/\/i1.wp.com\/www.interaccionnoticias.com.mx\/wp-content\/uploads\/2025\/07\/250602-falla-geologica-2-1024x683.jpg?ssl=1&w=240&resize=240&ssl=1 240w, https:\/\/i1.wp.com\/www.interaccionnoticias.com.mx\/wp-content\/uploads\/2025\/07\/250602-falla-geologica-2-1024x683.jpg?ssl=1&w=320&resize=320&ssl=1 320w, https:\/\/i1.wp.com\/www.interaccionnoticias.com.mx\/wp-content\/uploads\/2025\/07\/250602-falla-geologica-2-1024x683.jpg?ssl=1&w=500&resize=500&ssl=1 500w, https:\/\/i1.wp.com\/www.interaccionnoticias.com.mx\/wp-content\/uploads\/2025\/07\/250602-falla-geologica-2-1024x683.jpg?ssl=1&w=640&resize=640&ssl=1 640w, https:\/\/i1.wp.com\/www.interaccionnoticias.com.mx\/wp-content\/uploads\/2025\/07\/250602-falla-geologica-2-1024x683.jpg?ssl=1&w=800&resize=800&ssl=1 800w, https:\/\/i1.wp.com\/www.interaccionnoticias.com.mx\/wp-content\/uploads\/2025\/07\/250602-falla-geologica-2-1024x683.jpg?ssl=1&w=1024&resize=1024&ssl=1 1024w, https:\/\/i1.wp.com\/www.interaccionnoticias.com.mx\/wp-content\/uploads\/2025\/07\/250602-falla-geologica-2-1024x683.jpg?ssl=1&w=1280&resize=1280&ssl=1 1280w, https:\/\/i1.wp.com\/www.interaccionnoticias.com.mx\/wp-content\/uploads\/2025\/07\/250602-falla-geologica-2-1024x683.jpg?ssl=1&w=1600&resize=1600&ssl=1 1600w\" data-id=\"93205\" fifu-data-src=\"https:\/\/i1.wp.com\/www.interaccionnoticias.com.mx\/wp-content\/uploads\/2025\/07\/250602-falla-geologica-2-1024x683.jpg?ssl=1\" alt=\"\" class=\"wp-image-93205\"\/><\/figure>\n\n\n\n<figure class=\"wp-block-image size-large\"><img decoding=\"async\" src=\"data:image\/gif;base64,R0lGODlhAQABAIAAAAAAAP\/\/\/ywAAAAAAQABAAACAUwAOw==\" fifu-lazy=\"1\" fifu-data-sizes=\"auto\" fifu-data-srcset=\"https:\/\/i2.wp.com\/www.interaccionnoticias.com.mx\/wp-content\/uploads\/2025\/07\/250602-falla-geologica-1-1024x683.jpg?ssl=1&w=75&resize=75&ssl=1 75w, https:\/\/i2.wp.com\/www.interaccionnoticias.com.mx\/wp-content\/uploads\/2025\/07\/250602-falla-geologica-1-1024x683.jpg?ssl=1&w=100&resize=100&ssl=1 100w, https:\/\/i2.wp.com\/www.interaccionnoticias.com.mx\/wp-content\/uploads\/2025\/07\/250602-falla-geologica-1-1024x683.jpg?ssl=1&w=150&resize=150&ssl=1 150w, https:\/\/i2.wp.com\/www.interaccionnoticias.com.mx\/wp-content\/uploads\/2025\/07\/250602-falla-geologica-1-1024x683.jpg?ssl=1&w=240&resize=240&ssl=1 240w, https:\/\/i2.wp.com\/www.interaccionnoticias.com.mx\/wp-content\/uploads\/2025\/07\/250602-falla-geologica-1-1024x683.jpg?ssl=1&w=320&resize=320&ssl=1 320w, https:\/\/i2.wp.com\/www.interaccionnoticias.com.mx\/wp-content\/uploads\/2025\/07\/250602-falla-geologica-1-1024x683.jpg?ssl=1&w=500&resize=500&ssl=1 500w, https:\/\/i2.wp.com\/www.interaccionnoticias.com.mx\/wp-content\/uploads\/2025\/07\/250602-falla-geologica-1-1024x683.jpg?ssl=1&w=640&resize=640&ssl=1 640w, https:\/\/i2.wp.com\/www.interaccionnoticias.com.mx\/wp-content\/uploads\/2025\/07\/250602-falla-geologica-1-1024x683.jpg?ssl=1&w=800&resize=800&ssl=1 800w, https:\/\/i2.wp.com\/www.interaccionnoticias.com.mx\/wp-content\/uploads\/2025\/07\/250602-falla-geologica-1-1024x683.jpg?ssl=1&w=1024&resize=1024&ssl=1 1024w, https:\/\/i2.wp.com\/www.interaccionnoticias.com.mx\/wp-content\/uploads\/2025\/07\/250602-falla-geologica-1-1024x683.jpg?ssl=1&w=1280&resize=1280&ssl=1 1280w, https:\/\/i2.wp.com\/www.interaccionnoticias.com.mx\/wp-content\/uploads\/2025\/07\/250602-falla-geologica-1-1024x683.jpg?ssl=1&w=1600&resize=1600&ssl=1 1600w\" data-id=\"93206\" fifu-data-src=\"https:\/\/i2.wp.com\/www.interaccionnoticias.com.mx\/wp-content\/uploads\/2025\/07\/250602-falla-geologica-1-1024x683.jpg?ssl=1\" alt=\"\" class=\"wp-image-93206\"\/><\/figure>\n<\/figure>\n","protected":false},"excerpt":{"rendered":"<p>&#8212; Se siguen formando grietas y socavones en la zona norponiente de la capital Rosario Garc\u00eda Orozco Se incrementa a 600 el n\u00famero de familias afectadas por la falla geol\u00f3gica&hellip; <\/p>\n","protected":false},"author":14,"featured_media":93208,"comment_status":"open","ping_status":"open","sticky":false,"template":"","format":"standard","meta":{"fifu_image_url":"https:\/\/www.interaccionnoticias.com.mx\/wp-content\/uploads\/2025\/07\/250602-falla-geologica-1.jpg","fifu_image_alt":"","footnotes":""},"categories":[13],"tags":[],"class_list":["post-93204","post","type-post","status-publish","format-standard","has-post-thumbnail","hentry","category-capital"],"_links":{"self":[{"href":"https:\/\/www.interaccionnoticias.com.mx\/index.php?rest_route=\/wp\/v2\/posts\/93204","targetHints":{"allow":["GET"]}}],"collection":[{"href":"https:\/\/www.interaccionnoticias.com.mx\/index.php?rest_route=\/wp\/v2\/posts"}],"about":[{"href":"https:\/\/www.interaccionnoticias.com.mx\/index.php?rest_route=\/wp\/v2\/types\/post"}],"author":[{"embeddable":true,"href":"https:\/\/www.interaccionnoticias.com.mx\/index.php?rest_route=\/wp\/v2\/users\/14"}],"replies":[{"embeddable":true,"href":"https:\/\/www.interaccionnoticias.com.mx\/index.php?rest_route=%2Fwp%2Fv2%2Fcomments&post=93204"}],"version-history":[{"count":1,"href":"https:\/\/www.interaccionnoticias.com.mx\/index.php?rest_route=\/wp\/v2\/posts\/93204\/revisions"}],"predecessor-version":[{"id":93207,"href":"https:\/\/www.interaccionnoticias.com.mx\/index.php?rest_route=\/wp\/v2\/posts\/93204\/revisions\/93207"}],"wp:featuredmedia":[{"embeddable":true,"href":"https:\/\/www.interaccionnoticias.com.mx\/index.php?rest_route=\/wp\/v2\/media\/93208"}],"wp:attachment":[{"href":"https:\/\/www.interaccionnoticias.com.mx\/index.php?rest_route=%2Fwp%2Fv2%2Fmedia&parent=93204"}],"wp:term":[{"taxonomy":"category","embeddable":true,"href":"https:\/\/www.interaccionnoticias.com.mx\/index.php?rest_route=%2Fwp%2Fv2%2Fcategories&post=93204"},{"taxonomy":"post_tag","embeddable":true,"href":"https:\/\/www.interaccionnoticias.com.mx\/index.php?rest_route=%2Fwp%2Fv2%2Ftags&post=93204"}],"curies":[{"name":"wp","href":"https:\/\/api.w.org\/{rel}","templated":true}]}}