{"id":93190,"date":"2025-07-02T11:15:00","date_gmt":"2025-07-02T17:15:00","guid":{"rendered":"https:\/\/www.interaccionnoticias.com.mx\/?p=93190"},"modified":"2025-07-02T14:26:09","modified_gmt":"2025-07-02T20:26:09","slug":"jubilados-exigen-alto-a-cobros-ilegales-en-la-caja-de-prevision-social","status":"publish","type":"post","link":"https:\/\/www.interaccionnoticias.com.mx\/?p=93190","title":{"rendered":"Jubilados exigen alto a cobros ilegales en la Caja de Previsi\u00f3n Social"},"content":{"rendered":"\n<p><em><strong>&#8212; Denuncian actos de corrupci\u00f3n en el \u00e1rea jur\u00eddica: \u201cSi no pagas, no cobras\u201d<\/strong><\/em><\/p>\n\n\n\n<p><strong>Jes\u00fas Dorantes<\/strong><\/p>\n\n\n\n<p><strong>Chilpancingo, Gro. \u2014<\/strong> Pensionados y jubilados de corporaciones de seguridad y justicia bloquearon este mi\u00e9rcoles la lateral del bulevar Vicente Guerrero, a la altura de la calle Recursos Hidr\u00e1ulicos para denunciar presuntos actos de corrupci\u00f3n, sobornos y negligencia en el tr\u00e1mite de pensiones dentro de la Caja de Previsi\u00f3n Social del Estado.<\/p>\n\n\n\n<p>Durante la protesta, que se prolong\u00f3 por m\u00e1s de hora y media, integrantes de la organizaci\u00f3n encabezada por Anastasio Hern\u00e1ndez Nava acusaron que el departamento jur\u00eddico de dicha dependencia opera como un filtro corrupto que retrasa deliberadamente los pagos a cambio de dinero.<\/p>\n\n\n\n<p>\u201cLlevamos a\u00f1os enfrentando extorsione, si no pagas, tu expediente se congela, te piden desde 500 pesos hasta comidas en marisquer\u00edas para avanzar los tr\u00e1mites. Hay quienes han gastado m\u00e1s de 10 mil pesos para poder cobrar su pensi\u00f3n\u201d, denunci\u00f3 Hern\u00e1ndez Nava, representante de jubilados y pensionados de la Fiscal\u00eda General del Estado (FGE) y la Secretar\u00eda de Seguridad P\u00fablica (SSP).<\/p>\n\n\n\n<p>Seg\u00fan los manifestantes, el \u00e1rea jur\u00eddica mantiene detenidos cientos de expedientes de jubilaci\u00f3n, a pesar de que la ley establece que una vez iniciado el tr\u00e1mite, el beneficiario deber\u00eda comenzar a recibir su pensi\u00f3n en un plazo no mayor a tres meses. Sin embargo, afirmaron que si el solicitante no accede a pagar \u201cla mochada\u201d, el proceso puede alargarse m\u00e1s de un a\u00f1o.<\/p>\n\n\n\n<p>\u201cHay pruebas de c\u00f3mo se les pide dinero a los compa\u00f1eros. Tenemos notificaciones emitidas desde hace un a\u00f1o, y a\u00fan as\u00ed no han cobrado nada, todo se estanca si no les das algo. Esto ya no es burocracia, es extorsi\u00f3n institucionalizada\u201d, lament\u00f3 el dirigente.<\/p>\n\n\n\n<p>Los manifestantes exigieron a la gobernadora Evelyn Salgado Pineda intervenir directamente en el caso, al se\u00f1alar que ha sido mal informada por sus funcionarios sobre la situaci\u00f3n real en la caja. Adem\u00e1s, denunciaron un presunto desfalco por 150 millones de pesos que habr\u00edan quedado sin rastro desde la administraci\u00f3n de Zeferino Torreblanca.<\/p>\n\n\n\n<p>\u201cQueremos que la gobernadora sepa la verdad; la Caja est\u00e1 en bancarrota y nadie da la cara, ya no vamos a tolerar que nuestros compa\u00f1eros mueran esperando una pensi\u00f3n que por derecho les corresponde\u201d, subray\u00f3 Hern\u00e1ndez.<\/p>\n\n\n\n<p>Aunque participaron representantes de las ocho regiones del estado, los organizadores se\u00f1alaron que la movilizaci\u00f3n fue simb\u00f3lica y no masiva, pero advirtieron que de no obtener respuesta a sus exigencias, replicar\u00e1n las protestas a mayor escala.<\/p>\n\n\n\n<figure class=\"wp-block-gallery has-nested-images columns-default is-cropped wp-block-gallery-1 is-layout-flex wp-block-gallery-is-layout-flex\">\n<figure class=\"wp-block-image size-large\"><img decoding=\"async\" src=\"data:image\/gif;base64,R0lGODlhAQABAIAAAAAAAP\/\/\/ywAAAAAAQABAAACAUwAOw==\" fifu-lazy=\"1\" fifu-data-sizes=\"auto\" fifu-data-srcset=\"https:\/\/i2.wp.com\/www.interaccionnoticias.com.mx\/wp-content\/uploads\/2025\/07\/250702-Jubilados-exigen-2-1024x683.jpg?ssl=1&w=75&resize=75&ssl=1 75w, https:\/\/i2.wp.com\/www.interaccionnoticias.com.mx\/wp-content\/uploads\/2025\/07\/250702-Jubilados-exigen-2-1024x683.jpg?ssl=1&w=100&resize=100&ssl=1 100w, https:\/\/i2.wp.com\/www.interaccionnoticias.com.mx\/wp-content\/uploads\/2025\/07\/250702-Jubilados-exigen-2-1024x683.jpg?ssl=1&w=150&resize=150&ssl=1 150w, https:\/\/i2.wp.com\/www.interaccionnoticias.com.mx\/wp-content\/uploads\/2025\/07\/250702-Jubilados-exigen-2-1024x683.jpg?ssl=1&w=240&resize=240&ssl=1 240w, https:\/\/i2.wp.com\/www.interaccionnoticias.com.mx\/wp-content\/uploads\/2025\/07\/250702-Jubilados-exigen-2-1024x683.jpg?ssl=1&w=320&resize=320&ssl=1 320w, https:\/\/i2.wp.com\/www.interaccionnoticias.com.mx\/wp-content\/uploads\/2025\/07\/250702-Jubilados-exigen-2-1024x683.jpg?ssl=1&w=500&resize=500&ssl=1 500w, https:\/\/i2.wp.com\/www.interaccionnoticias.com.mx\/wp-content\/uploads\/2025\/07\/250702-Jubilados-exigen-2-1024x683.jpg?ssl=1&w=640&resize=640&ssl=1 640w, https:\/\/i2.wp.com\/www.interaccionnoticias.com.mx\/wp-content\/uploads\/2025\/07\/250702-Jubilados-exigen-2-1024x683.jpg?ssl=1&w=800&resize=800&ssl=1 800w, https:\/\/i2.wp.com\/www.interaccionnoticias.com.mx\/wp-content\/uploads\/2025\/07\/250702-Jubilados-exigen-2-1024x683.jpg?ssl=1&w=1024&resize=1024&ssl=1 1024w, https:\/\/i2.wp.com\/www.interaccionnoticias.com.mx\/wp-content\/uploads\/2025\/07\/250702-Jubilados-exigen-2-1024x683.jpg?ssl=1&w=1280&resize=1280&ssl=1 1280w, https:\/\/i2.wp.com\/www.interaccionnoticias.com.mx\/wp-content\/uploads\/2025\/07\/250702-Jubilados-exigen-2-1024x683.jpg?ssl=1&w=1600&resize=1600&ssl=1 1600w\" data-id=\"93191\" fifu-data-src=\"https:\/\/i2.wp.com\/www.interaccionnoticias.com.mx\/wp-content\/uploads\/2025\/07\/250702-Jubilados-exigen-2-1024x683.jpg?ssl=1\" alt=\"\" class=\"wp-image-93191\"\/><\/figure>\n\n\n\n<figure class=\"wp-block-image size-large\"><img decoding=\"async\" src=\"data:image\/gif;base64,R0lGODlhAQABAIAAAAAAAP\/\/\/ywAAAAAAQABAAACAUwAOw==\" fifu-lazy=\"1\" fifu-data-sizes=\"auto\" fifu-data-srcset=\"https:\/\/i1.wp.com\/www.interaccionnoticias.com.mx\/wp-content\/uploads\/2025\/07\/250702-Jubilados-exigen-1-1024x683.jpg?ssl=1&w=75&resize=75&ssl=1 75w, https:\/\/i1.wp.com\/www.interaccionnoticias.com.mx\/wp-content\/uploads\/2025\/07\/250702-Jubilados-exigen-1-1024x683.jpg?ssl=1&w=100&resize=100&ssl=1 100w, https:\/\/i1.wp.com\/www.interaccionnoticias.com.mx\/wp-content\/uploads\/2025\/07\/250702-Jubilados-exigen-1-1024x683.jpg?ssl=1&w=150&resize=150&ssl=1 150w, https:\/\/i1.wp.com\/www.interaccionnoticias.com.mx\/wp-content\/uploads\/2025\/07\/250702-Jubilados-exigen-1-1024x683.jpg?ssl=1&w=240&resize=240&ssl=1 240w, https:\/\/i1.wp.com\/www.interaccionnoticias.com.mx\/wp-content\/uploads\/2025\/07\/250702-Jubilados-exigen-1-1024x683.jpg?ssl=1&w=320&resize=320&ssl=1 320w, https:\/\/i1.wp.com\/www.interaccionnoticias.com.mx\/wp-content\/uploads\/2025\/07\/250702-Jubilados-exigen-1-1024x683.jpg?ssl=1&w=500&resize=500&ssl=1 500w, https:\/\/i1.wp.com\/www.interaccionnoticias.com.mx\/wp-content\/uploads\/2025\/07\/250702-Jubilados-exigen-1-1024x683.jpg?ssl=1&w=640&resize=640&ssl=1 640w, https:\/\/i1.wp.com\/www.interaccionnoticias.com.mx\/wp-content\/uploads\/2025\/07\/250702-Jubilados-exigen-1-1024x683.jpg?ssl=1&w=800&resize=800&ssl=1 800w, https:\/\/i1.wp.com\/www.interaccionnoticias.com.mx\/wp-content\/uploads\/2025\/07\/250702-Jubilados-exigen-1-1024x683.jpg?ssl=1&w=1024&resize=1024&ssl=1 1024w, https:\/\/i1.wp.com\/www.interaccionnoticias.com.mx\/wp-content\/uploads\/2025\/07\/250702-Jubilados-exigen-1-1024x683.jpg?ssl=1&w=1280&resize=1280&ssl=1 1280w, https:\/\/i1.wp.com\/www.interaccionnoticias.com.mx\/wp-content\/uploads\/2025\/07\/250702-Jubilados-exigen-1-1024x683.jpg?ssl=1&w=1600&resize=1600&ssl=1 1600w\" data-id=\"93192\" fifu-data-src=\"https:\/\/i1.wp.com\/www.interaccionnoticias.com.mx\/wp-content\/uploads\/2025\/07\/250702-Jubilados-exigen-1-1024x683.jpg?ssl=1\" alt=\"\" class=\"wp-image-93192\"\/><\/figure>\n<\/figure>\n","protected":false},"excerpt":{"rendered":"<p>&#8212; Denuncian actos de corrupci\u00f3n en el \u00e1rea jur\u00eddica: \u201cSi no pagas, no cobras\u201d Jes\u00fas Dorantes Chilpancingo, Gro. \u2014 Pensionados y jubilados de corporaciones de seguridad y justicia bloquearon este&hellip; <\/p>\n","protected":false},"author":8,"featured_media":93194,"comment_status":"open","ping_status":"open","sticky":false,"template":"","format":"standard","meta":{"fifu_image_url":"https:\/\/www.interaccionnoticias.com.mx\/wp-content\/uploads\/2025\/07\/250702-Jubilados-exigen-1.jpg","fifu_image_alt":"","footnotes":""},"categories":[11],"tags":[],"class_list":["post-93190","post","type-post","status-publish","format-standard","has-post-thumbnail","hentry","category-guerrero"],"_links":{"self":[{"href":"https:\/\/www.interaccionnoticias.com.mx\/index.php?rest_route=\/wp\/v2\/posts\/93190","targetHints":{"allow":["GET"]}}],"collection":[{"href":"https:\/\/www.interaccionnoticias.com.mx\/index.php?rest_route=\/wp\/v2\/posts"}],"about":[{"href":"https:\/\/www.interaccionnoticias.com.mx\/index.php?rest_route=\/wp\/v2\/types\/post"}],"author":[{"embeddable":true,"href":"https:\/\/www.interaccionnoticias.com.mx\/index.php?rest_route=\/wp\/v2\/users\/8"}],"replies":[{"embeddable":true,"href":"https:\/\/www.interaccionnoticias.com.mx\/index.php?rest_route=%2Fwp%2Fv2%2Fcomments&post=93190"}],"version-history":[{"count":1,"href":"https:\/\/www.interaccionnoticias.com.mx\/index.php?rest_route=\/wp\/v2\/posts\/93190\/revisions"}],"predecessor-version":[{"id":93193,"href":"https:\/\/www.interaccionnoticias.com.mx\/index.php?rest_route=\/wp\/v2\/posts\/93190\/revisions\/93193"}],"wp:featuredmedia":[{"embeddable":true,"href":"https:\/\/www.interaccionnoticias.com.mx\/index.php?rest_route=\/wp\/v2\/media\/93194"}],"wp:attachment":[{"href":"https:\/\/www.interaccionnoticias.com.mx\/index.php?rest_route=%2Fwp%2Fv2%2Fmedia&parent=93190"}],"wp:term":[{"taxonomy":"category","embeddable":true,"href":"https:\/\/www.interaccionnoticias.com.mx\/index.php?rest_route=%2Fwp%2Fv2%2Fcategories&post=93190"},{"taxonomy":"post_tag","embeddable":true,"href":"https:\/\/www.interaccionnoticias.com.mx\/index.php?rest_route=%2Fwp%2Fv2%2Ftags&post=93190"}],"curies":[{"name":"wp","href":"https:\/\/api.w.org\/{rel}","templated":true}]}}