{"id":9319,"date":"2017-10-16T18:17:29","date_gmt":"2017-10-16T23:17:29","guid":{"rendered":"http:\/\/www.inter-accion.com.mx\/?p=9319"},"modified":"2017-10-16T18:17:29","modified_gmt":"2017-10-16T23:17:29","slug":"empresarios-y-lideres-sociales-se-sumaron-al-juicio-de-revocacion-de-mandato-contra-leyva-mena","status":"publish","type":"post","link":"https:\/\/www.interaccionnoticias.com.mx\/?p=9319","title":{"rendered":"Empresarios y l\u00edderes sociales se sumaron al juicio de revocaci\u00f3n de mandato contra Leyva Mena"},"content":{"rendered":"<p><strong>Se reunieron con la Comisi\u00f3n Instructora del Congreso<\/strong><br \/>\nEmpresarios, militantes de partidos pol\u00edticos y representantes de organizaciones sociales presentaron un nuevo juicio de revocaci\u00f3n de mandato en contra del alcalde de Chilpancingo, Marco Antonio Leyva Mena, a quien acusan de mala administraci\u00f3n p\u00fablica.&nbsp;<br \/>\nUn total de 21 denunciantes en su mayor\u00eda pertenecientes a la Confederaci\u00f3n Patronal de la Rep\u00fablica Mexicana (Coparmex), delegaci\u00f3n Chilpancingo, entregaron el documento al Oficial Mayor del Congreso local, y una copia a la Comisi\u00f3n Instructora que ser\u00e1 la encargada de llevar el tr\u00e1mite de revocaci\u00f3n una vez que le sea turnada.<br \/>\nAunque los inconformes argumentaron de manera p\u00fablica que presentaban la denuncia como ciudadanos dejando fuera las organizaciones que representan, en el documento entregado de manera oficial se\u00f1alan que son integrantes de diferentes asociaciones y colectivos de la sociedad civil, organizaciones sociales y empresariales con reconocimiento p\u00fablico y de participaci\u00f3n ciudadana en diferentes temas sociales y econ\u00f3micos de la capital del estado.<br \/>\nLos argumentos que presentaron para solicitar el juicio de revocaci\u00f3n de mandato del alcalde Marco Antonio Leyva Mena est\u00e1n basados en los art\u00edculos 94 y 95 de la Ley Org\u00e1nica del Municipio Libre del Estado de Guerrero, entre ellos, acusan que hasta el &nbsp;hoy primer Edil del Ayuntamiento cometi\u00f3 violaciones graves y sistem\u00e1ticas a los presupuestos, planes y programas que afectaron los intereses de la comunidad, del municipio, del estado o de la federaci\u00f3n.<br \/>\nTambi\u00e9n lo acusan de violaciones graves y sistem\u00e1ticas a las garant\u00edas individuales, de conductas que alteran el orden p\u00fablico y la paz social, de emitir disposiciones graves y sistem\u00e1ticas contrarias a las Constituciones General de la Rep\u00fablica, y Pol\u00edtica del Estado de Guerrero, y de la imposibilidad del ayuntamiento para cumplir con sus obligaciones por causas imputables a sus integrantes.<br \/>\nOtras de las causales presentadas en la denuncia en contra del alcalde &nbsp;es la omisi\u00f3n reiterada en el cumplimiento de sus obligaciones, por llevar a cabo conductas il\u00edcitas en contra del ayuntamiento y porque existe un impedimento de hecho o de derecho que lo obstaculiza &nbsp;a cumplir con su funci\u00f3n.<br \/>\nLos denunciantes se\u00f1alaron que Chilpancingo atraviesa por una de las peores crisis sociales, econ\u00f3micas de salud y medio ambiente, que lo ha llevado a ser calificado como la peor capital del pa\u00eds, y como una de las peores ciudades para vivir en M\u00e9xico.<br \/>\n\u201cHoy en el clamor popular es recurrente la molestia a la desatenci\u00f3n de nuestras autoridades &nbsp;que con mentiras, desatenci\u00f3n, omisi\u00f3n, indolencia y cinismo han dejado de hacer sus funciones que por mandato de Ley les corresponden, &nbsp;y obliga, &nbsp;poniendo en riesgo el orden la paz, la econom\u00eda, &nbsp;la seguridad y salud de sus gobernados. As\u00ed como da\u00f1ando seriamente &nbsp;el medio ambiente de este municipio\u201d, se le en el documento.<br \/>\nAcusaron a que dos a\u00f1os de administraci\u00f3n la v\u00eda del di\u00e1logo y solicitudes por escrito no funcionaron \u201cpor primera vez\u201d en la administraci\u00f3n municipal, y lejos de avanzar en los temas que confieren a Chilpancingo, \u201cestamos al borde del colapso\u201d.<br \/>\nSe espera que la solicitud de revocaci\u00f3n de mandato sea notificada al Pleno en la sesi\u00f3n de este martes, y que sea turnada a la Comisi\u00f3n Instructora quien llevar\u00eda a cabo el deshago de pruebas y dictaminaci\u00f3n, sin embargo, el procedimiento en la Comisi\u00f3n legislativa quedar\u00e1 suspendido luego de que el alcalde present\u00f3 la tarde de este lunes su licencia para separarse del cargo.&nbsp;<\/p>\n","protected":false},"excerpt":{"rendered":"<p>Se reunieron con la Comisi\u00f3n Instructora del Congreso Empresarios, militantes de partidos pol\u00edticos y representantes de organizaciones sociales presentaron un nuevo juicio de revocaci\u00f3n de mandato en contra del alcalde&hellip; <\/p>\n","protected":false},"author":1,"featured_media":0,"comment_status":"closed","ping_status":"closed","sticky":false,"template":"","format":"standard","meta":{"fifu_image_url":"","fifu_image_alt":"","footnotes":""},"categories":[8,15],"tags":[],"class_list":["post-9319","post","type-post","status-publish","format-standard","hentry","category-featured","category-movimientos-sociales"],"_links":{"self":[{"href":"https:\/\/www.interaccionnoticias.com.mx\/index.php?rest_route=\/wp\/v2\/posts\/9319","targetHints":{"allow":["GET"]}}],"collection":[{"href":"https:\/\/www.interaccionnoticias.com.mx\/index.php?rest_route=\/wp\/v2\/posts"}],"about":[{"href":"https:\/\/www.interaccionnoticias.com.mx\/index.php?rest_route=\/wp\/v2\/types\/post"}],"author":[{"embeddable":true,"href":"https:\/\/www.interaccionnoticias.com.mx\/index.php?rest_route=\/wp\/v2\/users\/1"}],"replies":[{"embeddable":true,"href":"https:\/\/www.interaccionnoticias.com.mx\/index.php?rest_route=%2Fwp%2Fv2%2Fcomments&post=9319"}],"version-history":[{"count":0,"href":"https:\/\/www.interaccionnoticias.com.mx\/index.php?rest_route=\/wp\/v2\/posts\/9319\/revisions"}],"wp:attachment":[{"href":"https:\/\/www.interaccionnoticias.com.mx\/index.php?rest_route=%2Fwp%2Fv2%2Fmedia&parent=9319"}],"wp:term":[{"taxonomy":"category","embeddable":true,"href":"https:\/\/www.interaccionnoticias.com.mx\/index.php?rest_route=%2Fwp%2Fv2%2Fcategories&post=9319"},{"taxonomy":"post_tag","embeddable":true,"href":"https:\/\/www.interaccionnoticias.com.mx\/index.php?rest_route=%2Fwp%2Fv2%2Ftags&post=9319"}],"curies":[{"name":"wp","href":"https:\/\/api.w.org\/{rel}","templated":true}]}}