{"id":93183,"date":"2025-07-02T07:45:00","date_gmt":"2025-07-02T13:45:00","guid":{"rendered":"https:\/\/www.interaccionnoticias.com.mx\/?p=93183"},"modified":"2025-07-02T14:01:38","modified_gmt":"2025-07-02T20:01:38","slug":"se-preveen-lluvias-electricas-en-cinco-regiones-de-guerrero-para-este-miercoles","status":"publish","type":"post","link":"https:\/\/www.interaccionnoticias.com.mx\/?p=93183","title":{"rendered":"Se preveen lluvias el\u00e9ctricas en cinco regiones de Guerrero para este mi\u00e9rcoles"},"content":{"rendered":"\n<p><strong><em>&#8212; La gobernadora Evelyn Salgado pidi\u00f3 a la poblaci\u00f3n no confiarse y extremar precauciones ante los efectos de la temporada de lluvias<\/em><\/strong><\/p>\n\n\n\n<p><strong>Jes\u00fas Dorantes\/ Guerrero<\/strong><\/p>\n\n\n\n<p>Chilpancingo, 2 de julio de 2025.\u2013 Lluvias con descargas el\u00e9ctricas podr\u00edan presentarse en las pr\u00f3ximas horas en al menos cinco regiones del estado, de acuerdo con el pron\u00f3stico m\u00e1s reciente de la Comisi\u00f3n Nacional del Agua (Conagua), inform\u00f3 la gobernadora Evelyn Salgado Pineda la ma\u00f1ana de este mi\u00e9rcoles.<\/p>\n\n\n\n<p>A trav\u00e9s de sus redes sociales, la mandataria estatal detall\u00f3 que se esperan precipitaciones en la Zona Norte, Centro, Acapulco, la Monta\u00f1a y Costa Chica, como parte de los efectos propios de la actual temporada.<\/p>\n\n\n\n<p>\u201cEs fundamental no bajar la guardia\u201d, advirti\u00f3, al tiempo que llam\u00f3 a la poblaci\u00f3n a tomar precauciones y mantenerse informada por medios oficiales.<\/p>\n\n\n\n<p>En su mensaje, la gobernadora tambi\u00e9n dio a conocer que se mantiene vigilancia sobre una zona de baja presi\u00f3n al sur de las costas de Guerrero, que presenta un 50 por ciento de probabilidad de desarrollo cicl\u00f3nico en los pr\u00f3ximos siete d\u00edas.<\/p>\n\n\n\n<p>\u201cEstamos atentos a su evoluci\u00f3n con monitoreo permanente y coordinaci\u00f3n\u201d, asegur\u00f3.<\/p>\n\n\n\n<p>Salgado Pineda reiter\u00f3 que la prevenci\u00f3n \u201csiempre ser\u00e1 nuestra mejor herramienta para cuidar lo m\u00e1s valioso: la vida\u201d.<\/p>\n","protected":false},"excerpt":{"rendered":"<p>&#8212; La gobernadora Evelyn Salgado pidi\u00f3 a la poblaci\u00f3n no confiarse y extremar precauciones ante los efectos de la temporada de lluvias Jes\u00fas Dorantes\/ Guerrero Chilpancingo, 2 de julio de&hellip; <\/p>\n","protected":false},"author":8,"featured_media":93186,"comment_status":"open","ping_status":"open","sticky":false,"template":"","format":"standard","meta":{"fifu_image_url":"https:\/\/www.interaccionnoticias.com.mx\/wp-content\/uploads\/2025\/07\/250702-lluvias-electricas.jpg","fifu_image_alt":"","footnotes":""},"categories":[9],"tags":[],"class_list":["post-93183","post","type-post","status-publish","format-standard","has-post-thumbnail","hentry","category-fenomenos-naturales"],"_links":{"self":[{"href":"https:\/\/www.interaccionnoticias.com.mx\/index.php?rest_route=\/wp\/v2\/posts\/93183","targetHints":{"allow":["GET"]}}],"collection":[{"href":"https:\/\/www.interaccionnoticias.com.mx\/index.php?rest_route=\/wp\/v2\/posts"}],"about":[{"href":"https:\/\/www.interaccionnoticias.com.mx\/index.php?rest_route=\/wp\/v2\/types\/post"}],"author":[{"embeddable":true,"href":"https:\/\/www.interaccionnoticias.com.mx\/index.php?rest_route=\/wp\/v2\/users\/8"}],"replies":[{"embeddable":true,"href":"https:\/\/www.interaccionnoticias.com.mx\/index.php?rest_route=%2Fwp%2Fv2%2Fcomments&post=93183"}],"version-history":[{"count":1,"href":"https:\/\/www.interaccionnoticias.com.mx\/index.php?rest_route=\/wp\/v2\/posts\/93183\/revisions"}],"predecessor-version":[{"id":93185,"href":"https:\/\/www.interaccionnoticias.com.mx\/index.php?rest_route=\/wp\/v2\/posts\/93183\/revisions\/93185"}],"wp:featuredmedia":[{"embeddable":true,"href":"https:\/\/www.interaccionnoticias.com.mx\/index.php?rest_route=\/wp\/v2\/media\/93186"}],"wp:attachment":[{"href":"https:\/\/www.interaccionnoticias.com.mx\/index.php?rest_route=%2Fwp%2Fv2%2Fmedia&parent=93183"}],"wp:term":[{"taxonomy":"category","embeddable":true,"href":"https:\/\/www.interaccionnoticias.com.mx\/index.php?rest_route=%2Fwp%2Fv2%2Fcategories&post=93183"},{"taxonomy":"post_tag","embeddable":true,"href":"https:\/\/www.interaccionnoticias.com.mx\/index.php?rest_route=%2Fwp%2Fv2%2Ftags&post=93183"}],"curies":[{"name":"wp","href":"https:\/\/api.w.org\/{rel}","templated":true}]}}