{"id":93147,"date":"2025-07-01T11:13:29","date_gmt":"2025-07-01T17:13:29","guid":{"rendered":"https:\/\/www.interaccionnoticias.com.mx\/?p=93147"},"modified":"2025-07-01T11:13:29","modified_gmt":"2025-07-01T17:13:29","slug":"mejora-el-clima-en-guerrero-pero-piden-no-bajar-la-guardia-ante-las-lluvias","status":"publish","type":"post","link":"https:\/\/www.interaccionnoticias.com.mx\/?p=93147","title":{"rendered":"Mejora el clima en Guerrero, pero piden no bajar la guardia ante las lluvias"},"content":{"rendered":"\n<p><strong><em>&#8212; Cielo nublado en la mayor parte de la entidad, con chubascos moderados en Costa Grande<\/em><\/strong><\/p>\n\n\n\n<p><strong>Cristina Serrano<\/strong><\/p>\n\n\n\n<p><strong>1 de julio de 2025 \u2014 <\/strong>Este martes el estado de Guerrero registr\u00f3 una mejora en las condiciones clim\u00e1ticas, con cielo parcialmente nublado y probabilidad de lluvias ligeras por la tarde, inform\u00f3 la gobernadora Evelyn Cecia Salgado Pineda a trav\u00e9s de sus redes sociales, con base en el reporte m\u00e1s reciente de la Comisi\u00f3n Nacional del Agua (Conagua).<\/p>\n\n\n\n<p>En la regi\u00f3n Costa Grande, se prev\u00e9n chubascos moderados durante la ma\u00f1ana, mientras que en la regi\u00f3n Monta\u00f1a podr\u00edan presentarse lluvias moderadas a fuertes hacia el final del d\u00eda.<\/p>\n\n\n\n<p>Por otra parte, el hurac\u00e1n Flossie se mantiene en categor\u00eda 1 y se ubica a 250 kil\u00f3metros al sur-suroeste de Manzanillo, Colima, con desplazamiento hacia el oeste-noroeste. No representa riesgo directo para Guerrero, precis\u00f3 la mandataria estatal.<\/p>\n\n\n\n<p>La gobernadora tambi\u00e9n inform\u00f3 que se mantiene vigilancia sobre una zona de baja presi\u00f3n al sur de Oaxaca y Guerrero, la cual presenta un 40 % de probabilidad de desarrollo cicl\u00f3nico en los pr\u00f3ximos siete d\u00edas.<\/p>\n\n\n\n<p>Finalmente, se exhort\u00f3 a la poblaci\u00f3n a no cruzar r\u00edos crecidos, revisar desag\u00fces y salir con paraguas o impermeable, como medidas b\u00e1sicas de prevenci\u00f3n.<\/p>\n\n\n\n<p>\u201cLa prevenci\u00f3n es tarea de todas y todos\u201d, reiter\u00f3 Salgado Pineda.<\/p>\n\n\n\n<figure class=\"wp-block-gallery has-nested-images columns-default is-cropped wp-block-gallery-1 is-layout-flex wp-block-gallery-is-layout-flex\">\n<figure class=\"wp-block-image size-large\"><img decoding=\"async\" src=\"data:image\/gif;base64,R0lGODlhAQABAIAAAAAAAP\/\/\/ywAAAAAAQABAAACAUwAOw==\" fifu-lazy=\"1\" fifu-data-sizes=\"auto\" fifu-data-srcset=\"https:\/\/i1.wp.com\/www.interaccionnoticias.com.mx\/wp-content\/uploads\/2025\/07\/250701-Mejora-clima-Guerrero-2-1024x683.jpg?ssl=1&w=75&resize=75&ssl=1 75w, https:\/\/i1.wp.com\/www.interaccionnoticias.com.mx\/wp-content\/uploads\/2025\/07\/250701-Mejora-clima-Guerrero-2-1024x683.jpg?ssl=1&w=100&resize=100&ssl=1 100w, https:\/\/i1.wp.com\/www.interaccionnoticias.com.mx\/wp-content\/uploads\/2025\/07\/250701-Mejora-clima-Guerrero-2-1024x683.jpg?ssl=1&w=150&resize=150&ssl=1 150w, https:\/\/i1.wp.com\/www.interaccionnoticias.com.mx\/wp-content\/uploads\/2025\/07\/250701-Mejora-clima-Guerrero-2-1024x683.jpg?ssl=1&w=240&resize=240&ssl=1 240w, https:\/\/i1.wp.com\/www.interaccionnoticias.com.mx\/wp-content\/uploads\/2025\/07\/250701-Mejora-clima-Guerrero-2-1024x683.jpg?ssl=1&w=320&resize=320&ssl=1 320w, https:\/\/i1.wp.com\/www.interaccionnoticias.com.mx\/wp-content\/uploads\/2025\/07\/250701-Mejora-clima-Guerrero-2-1024x683.jpg?ssl=1&w=500&resize=500&ssl=1 500w, https:\/\/i1.wp.com\/www.interaccionnoticias.com.mx\/wp-content\/uploads\/2025\/07\/250701-Mejora-clima-Guerrero-2-1024x683.jpg?ssl=1&w=640&resize=640&ssl=1 640w, https:\/\/i1.wp.com\/www.interaccionnoticias.com.mx\/wp-content\/uploads\/2025\/07\/250701-Mejora-clima-Guerrero-2-1024x683.jpg?ssl=1&w=800&resize=800&ssl=1 800w, https:\/\/i1.wp.com\/www.interaccionnoticias.com.mx\/wp-content\/uploads\/2025\/07\/250701-Mejora-clima-Guerrero-2-1024x683.jpg?ssl=1&w=1024&resize=1024&ssl=1 1024w, https:\/\/i1.wp.com\/www.interaccionnoticias.com.mx\/wp-content\/uploads\/2025\/07\/250701-Mejora-clima-Guerrero-2-1024x683.jpg?ssl=1&w=1280&resize=1280&ssl=1 1280w, https:\/\/i1.wp.com\/www.interaccionnoticias.com.mx\/wp-content\/uploads\/2025\/07\/250701-Mejora-clima-Guerrero-2-1024x683.jpg?ssl=1&w=1600&resize=1600&ssl=1 1600w\" data-id=\"93148\" fifu-data-src=\"https:\/\/i1.wp.com\/www.interaccionnoticias.com.mx\/wp-content\/uploads\/2025\/07\/250701-Mejora-clima-Guerrero-2-1024x683.jpg?ssl=1\" alt=\"\" class=\"wp-image-93148\"\/><\/figure>\n\n\n\n<figure class=\"wp-block-image size-large\"><img decoding=\"async\" src=\"data:image\/gif;base64,R0lGODlhAQABAIAAAAAAAP\/\/\/ywAAAAAAQABAAACAUwAOw==\" fifu-lazy=\"1\" fifu-data-sizes=\"auto\" fifu-data-srcset=\"https:\/\/i2.wp.com\/www.interaccionnoticias.com.mx\/wp-content\/uploads\/2025\/07\/250701-Mejora-clima-Guerrero-1-1024x683.jpg?ssl=1&w=75&resize=75&ssl=1 75w, https:\/\/i2.wp.com\/www.interaccionnoticias.com.mx\/wp-content\/uploads\/2025\/07\/250701-Mejora-clima-Guerrero-1-1024x683.jpg?ssl=1&w=100&resize=100&ssl=1 100w, https:\/\/i2.wp.com\/www.interaccionnoticias.com.mx\/wp-content\/uploads\/2025\/07\/250701-Mejora-clima-Guerrero-1-1024x683.jpg?ssl=1&w=150&resize=150&ssl=1 150w, https:\/\/i2.wp.com\/www.interaccionnoticias.com.mx\/wp-content\/uploads\/2025\/07\/250701-Mejora-clima-Guerrero-1-1024x683.jpg?ssl=1&w=240&resize=240&ssl=1 240w, https:\/\/i2.wp.com\/www.interaccionnoticias.com.mx\/wp-content\/uploads\/2025\/07\/250701-Mejora-clima-Guerrero-1-1024x683.jpg?ssl=1&w=320&resize=320&ssl=1 320w, https:\/\/i2.wp.com\/www.interaccionnoticias.com.mx\/wp-content\/uploads\/2025\/07\/250701-Mejora-clima-Guerrero-1-1024x683.jpg?ssl=1&w=500&resize=500&ssl=1 500w, https:\/\/i2.wp.com\/www.interaccionnoticias.com.mx\/wp-content\/uploads\/2025\/07\/250701-Mejora-clima-Guerrero-1-1024x683.jpg?ssl=1&w=640&resize=640&ssl=1 640w, https:\/\/i2.wp.com\/www.interaccionnoticias.com.mx\/wp-content\/uploads\/2025\/07\/250701-Mejora-clima-Guerrero-1-1024x683.jpg?ssl=1&w=800&resize=800&ssl=1 800w, https:\/\/i2.wp.com\/www.interaccionnoticias.com.mx\/wp-content\/uploads\/2025\/07\/250701-Mejora-clima-Guerrero-1-1024x683.jpg?ssl=1&w=1024&resize=1024&ssl=1 1024w, https:\/\/i2.wp.com\/www.interaccionnoticias.com.mx\/wp-content\/uploads\/2025\/07\/250701-Mejora-clima-Guerrero-1-1024x683.jpg?ssl=1&w=1280&resize=1280&ssl=1 1280w, https:\/\/i2.wp.com\/www.interaccionnoticias.com.mx\/wp-content\/uploads\/2025\/07\/250701-Mejora-clima-Guerrero-1-1024x683.jpg?ssl=1&w=1600&resize=1600&ssl=1 1600w\" data-id=\"93149\" fifu-data-src=\"https:\/\/i2.wp.com\/www.interaccionnoticias.com.mx\/wp-content\/uploads\/2025\/07\/250701-Mejora-clima-Guerrero-1-1024x683.jpg?ssl=1\" alt=\"\" class=\"wp-image-93149\"\/><\/figure>\n<\/figure>\n","protected":false},"excerpt":{"rendered":"<p>&#8212; Cielo nublado en la mayor parte de la entidad, con chubascos moderados en Costa Grande Cristina Serrano 1 de julio de 2025 \u2014 Este martes el estado de Guerrero&hellip; <\/p>\n","protected":false},"author":34,"featured_media":93151,"comment_status":"open","ping_status":"open","sticky":false,"template":"","format":"standard","meta":{"fifu_image_url":"https:\/\/www.interaccionnoticias.com.mx\/wp-content\/uploads\/2025\/07\/250701-Mejora-clima-Guerrero-1.jpg","fifu_image_alt":"","footnotes":""},"categories":[11],"tags":[],"class_list":["post-93147","post","type-post","status-publish","format-standard","has-post-thumbnail","hentry","category-guerrero"],"_links":{"self":[{"href":"https:\/\/www.interaccionnoticias.com.mx\/index.php?rest_route=\/wp\/v2\/posts\/93147","targetHints":{"allow":["GET"]}}],"collection":[{"href":"https:\/\/www.interaccionnoticias.com.mx\/index.php?rest_route=\/wp\/v2\/posts"}],"about":[{"href":"https:\/\/www.interaccionnoticias.com.mx\/index.php?rest_route=\/wp\/v2\/types\/post"}],"author":[{"embeddable":true,"href":"https:\/\/www.interaccionnoticias.com.mx\/index.php?rest_route=\/wp\/v2\/users\/34"}],"replies":[{"embeddable":true,"href":"https:\/\/www.interaccionnoticias.com.mx\/index.php?rest_route=%2Fwp%2Fv2%2Fcomments&post=93147"}],"version-history":[{"count":1,"href":"https:\/\/www.interaccionnoticias.com.mx\/index.php?rest_route=\/wp\/v2\/posts\/93147\/revisions"}],"predecessor-version":[{"id":93150,"href":"https:\/\/www.interaccionnoticias.com.mx\/index.php?rest_route=\/wp\/v2\/posts\/93147\/revisions\/93150"}],"wp:featuredmedia":[{"embeddable":true,"href":"https:\/\/www.interaccionnoticias.com.mx\/index.php?rest_route=\/wp\/v2\/media\/93151"}],"wp:attachment":[{"href":"https:\/\/www.interaccionnoticias.com.mx\/index.php?rest_route=%2Fwp%2Fv2%2Fmedia&parent=93147"}],"wp:term":[{"taxonomy":"category","embeddable":true,"href":"https:\/\/www.interaccionnoticias.com.mx\/index.php?rest_route=%2Fwp%2Fv2%2Fcategories&post=93147"},{"taxonomy":"post_tag","embeddable":true,"href":"https:\/\/www.interaccionnoticias.com.mx\/index.php?rest_route=%2Fwp%2Fv2%2Ftags&post=93147"}],"curies":[{"name":"wp","href":"https:\/\/api.w.org\/{rel}","templated":true}]}}