{"id":93136,"date":"2025-06-30T22:02:56","date_gmt":"2025-07-01T04:02:56","guid":{"rendered":"https:\/\/www.interaccionnoticias.com.mx\/?p=93136"},"modified":"2025-06-30T22:02:56","modified_gmt":"2025-07-01T04:02:56","slug":"amparo-a-abelina-por-scjn-un-mensaje-a-la-aspiracion-de-felix-al-2027","status":"publish","type":"post","link":"https:\/\/www.interaccionnoticias.com.mx\/?p=93136","title":{"rendered":"Amparo a Abelina por SCJN un mensaje a la aspiraci\u00f3n de F\u00e9lix al 2027"},"content":{"rendered":"\n<p><strong>El Veladero Noticias<\/strong><\/p>\n\n\n\n<p><strong>Por Sergio Flores<\/strong><\/p>\n\n\n\n<p>Los amparos temporales a favor de la alcaldesa Abelina L\u00f3pez por parte de la Suprema Corte de Justicia de la Naci\u00f3n SCJN, contra actos de ejecuci\u00f3n de instancias estatales, pueden ser tambi\u00e9n mensajes para el felixismo en el Congreso local y la Auditor\u00eda Superior del Estado al impedir que el padre de la gobernadora Evelyn Salgado, tenga el camino allanado rumbo a la gubernatura de Guerrero en 2027.<\/p>\n\n\n\n<p>Dos ex trabajadores municipales que reclaman el pago de sendos laudos laborales, fueron dados de baja injustificadamente en 2006, siendo alcalde de Acapulco F\u00e9lix Salgado, interpusieron una demanda de juicio pol\u00edtico contra la actual alcaldesa Abelina, tema que a\u00fan espera continuar su proceso en el Congreso del Estado de mayor\u00eda felixista.<\/p>\n\n\n\n<p>En tanto, la Auditor\u00eda Superior del Estado ASE, interpuso ante el Tribunal de Justicia Administrativa de la Fiscal\u00eda General del Estado FGE, una de denuncia para que se proceda contra Abelina L\u00f3pez por su negativa a que sea esa dependencia del gobierno del Estado la que audite m\u00e1s de 500 obras p\u00fablicas que debieron haber sido ejecutadas por el municipio con recursos del Fondo de Aportaciones para la Infraestructura Social FAIS en el a\u00f1o 2023 por 898 millones de pesos.<\/p>\n\n\n\n<p>Sin embargo, el ministro de la SCJN, Javier L\u00e1ynez Potisek, emiti\u00f3 un amparo mientras que se determina la legalidad de la ASE para auditar por parte del Estado, el ejercicio 2023 de la administraci\u00f3n de Abelina L\u00f3pez y con esa medida se evita temporalmente penalizaciones con \u00abconsecuencias irreparables\u00bb, ante el procedimiento iniciado ante el Tribunal de Justicia Administrativa de la Fiscal\u00eda General del Estado la ASE.<\/p>\n\n\n\n<p>En octubre de 2023, Acapulco fue embestido y destruido por el hurac\u00e1n Otis, provocando que en el resto de ese a\u00f1o, la prioridad para los tres \u00f3rdenes de gobierno fuera atender la emergencia y la mayor parte del personal municipal se dedic\u00f3 a levantar los desechos y escombros, recuperaci\u00f3n de vialidades, reparaci\u00f3n de sistemas de agua potable, el alumbrado p\u00fablico, la salud y los albergues temporales.<\/p>\n\n\n\n<p>En meses pasados el tambi\u00e9n felixista y contrincante pol\u00edtico de la alcaldesa Abelina, Ramiro Solorio, inici\u00f3 una gesti\u00f3n ante el Congreso de mayor\u00eda morenista para desaforarla por presunto incumplimiento de funciones al frente del Ayuntamiento a la alcaldesa morenista de Acapulco.<\/p>\n\n\n\n<p>La ministra Yasmin Esquivel Mossa, quien en marzo se reuni\u00f3 con Abelina L\u00f3pez en su visita a Acapulco, la semana pasada ampar\u00f3 temporalmente a la alcaldesa de Acapulco para que no proceda el Congreso de Guerrero en la destituci\u00f3n del cargo luego de la querella presentada por el ex regidor.<\/p>\n\n\n\n<p>Sin embargo, el ex colaborar de F\u00e9lix Salgado, Jes\u00fas Uri\u00f3ategui, ahora presidente de la Junta de Coordinaci\u00f3n Pol\u00edtica del Congreso local, afirm\u00f3 que a pesar del amparo de la SCJN para frenar el eventual desafuero de Abelina L\u00f3pez, esa instancia continuar\u00e1 con el proceso contra la alcaldesa de su mismo partido pol\u00edtico, Morena.<\/p>\n\n\n\n<p>Los procedimientos legales por parte de la ASE ante la Fiscal\u00eda General del Estado y en el Congreso local, buscan, seg\u00fan la misma Abelina L\u00f3pez, meterla a la c\u00e1rcel para evitar que acceda a la candidatura a la gubernatura de Guerrero en 2027.<\/p>\n\n\n\n<p>Sin embargo, los amparos de la SCJN para retener esos procedimientos contra Abelina L\u00f3pez pueden leerse como un mensaje para F\u00e9lix Salgado Macedonio quien ha encabezado la mayor\u00eda de las preferencias electorales para 2027 pero que hasta ahora no podr\u00e1 hacerlo bajo las siglas de Morena.<\/p>\n\n\n\n<p>F\u00e9lix Salgado, en su momento se pronunci\u00f3 a favor de Lenia Batres para la presidencia de la SCJN. Tambi\u00e9n el padre de la gobernadora Evelyn Salgado, ha protagonizado pol\u00e9micas declaraciones en aparente desacato a la postura de la presidenta Claudia Sheinbaum que impide al senador de Guerrero contender por Morena para gobernador en 2027.<\/p>\n\n\n\n<p>Por lo pronto, F\u00e9lix y Abelina contin\u00faan en la disputa en la ruta a convertirse candidatos de alg\u00fan partido para contender a la gubernatura en 2027.<\/p>\n\n\n\n<p>Acapulcazo<\/p>\n\n\n\n<p>\u00abLa pueden acusar de no saber leer n\u00fameros, dir\u00eda uno de los defensores de la presidente de Acapulco, Abelina L\u00f3pez sobre cr\u00edticas que recibi\u00f3 por haberse equivocado al leer p\u00fablicamente cifras del presupuesto de egresos 2025 y luego agreg\u00f3, \u00abpero nadie podr\u00e1 acusar a Abelina de ser una ratera\u2026\u00bb.<\/p>\n\n\n\n<p>D\u00edas despu\u00e9s iniciaron denuncias y procedimientos jur\u00eddicos contra la alcaldesa Abelina por parte de la Auditor\u00eda Superior del Estado y la Fiscal\u00eda General, as\u00ed como ante el Congreso del Estado con gran parte de funcionarios y pol\u00edticos allegados al aspirante a la gubernatura en 2027, F\u00e9lix Salgado Macedonio quien ha sido identificado popularmente como adversario de la alcaldesa Abelina L\u00f3pez.<\/p>\n\n\n\n<p>La lucha en Acapulco promete dos a\u00f1os sin tregua entre los morenistas que hasta hoy seg\u00fan encuestas es el \u00fanico partido pol\u00edtico con posibilidades de retener el gobierno.<\/p>\n","protected":false},"excerpt":{"rendered":"<p>El Veladero Noticias Por Sergio Flores Los amparos temporales a favor de la alcaldesa Abelina L\u00f3pez por parte de la Suprema Corte de Justicia de la Naci\u00f3n SCJN, contra actos&hellip; <\/p>\n","protected":false},"author":1,"featured_media":93139,"comment_status":"open","ping_status":"open","sticky":false,"template":"","format":"standard","meta":{"fifu_image_url":"https:\/\/www.interaccionnoticias.com.mx\/wp-content\/uploads\/2025\/06\/250630-Amparo-a-Abelina.jpg","fifu_image_alt":"","footnotes":""},"categories":[16],"tags":[],"class_list":["post-93136","post","type-post","status-publish","format-standard","has-post-thumbnail","hentry","category-opinion"],"_links":{"self":[{"href":"https:\/\/www.interaccionnoticias.com.mx\/index.php?rest_route=\/wp\/v2\/posts\/93136","targetHints":{"allow":["GET"]}}],"collection":[{"href":"https:\/\/www.interaccionnoticias.com.mx\/index.php?rest_route=\/wp\/v2\/posts"}],"about":[{"href":"https:\/\/www.interaccionnoticias.com.mx\/index.php?rest_route=\/wp\/v2\/types\/post"}],"author":[{"embeddable":true,"href":"https:\/\/www.interaccionnoticias.com.mx\/index.php?rest_route=\/wp\/v2\/users\/1"}],"replies":[{"embeddable":true,"href":"https:\/\/www.interaccionnoticias.com.mx\/index.php?rest_route=%2Fwp%2Fv2%2Fcomments&post=93136"}],"version-history":[{"count":1,"href":"https:\/\/www.interaccionnoticias.com.mx\/index.php?rest_route=\/wp\/v2\/posts\/93136\/revisions"}],"predecessor-version":[{"id":93138,"href":"https:\/\/www.interaccionnoticias.com.mx\/index.php?rest_route=\/wp\/v2\/posts\/93136\/revisions\/93138"}],"wp:featuredmedia":[{"embeddable":true,"href":"https:\/\/www.interaccionnoticias.com.mx\/index.php?rest_route=\/wp\/v2\/media\/93139"}],"wp:attachment":[{"href":"https:\/\/www.interaccionnoticias.com.mx\/index.php?rest_route=%2Fwp%2Fv2%2Fmedia&parent=93136"}],"wp:term":[{"taxonomy":"category","embeddable":true,"href":"https:\/\/www.interaccionnoticias.com.mx\/index.php?rest_route=%2Fwp%2Fv2%2Fcategories&post=93136"},{"taxonomy":"post_tag","embeddable":true,"href":"https:\/\/www.interaccionnoticias.com.mx\/index.php?rest_route=%2Fwp%2Fv2%2Ftags&post=93136"}],"curies":[{"name":"wp","href":"https:\/\/api.w.org\/{rel}","templated":true}]}}