{"id":93091,"date":"2025-06-30T13:45:00","date_gmt":"2025-06-30T19:45:00","guid":{"rendered":"https:\/\/www.interaccionnoticias.com.mx\/?p=93091"},"modified":"2025-06-30T14:11:10","modified_gmt":"2025-06-30T20:11:10","slug":"gobierno-de-guerrero-pide-reducir-la-movilidad-en-las-costas-por-el-paso-de-la-tormenta-tropical-flossie","status":"publish","type":"post","link":"https:\/\/www.interaccionnoticias.com.mx\/?p=93091","title":{"rendered":"Gobierno de Guerrero pide reducir la movilidad en las costas, por el paso de la Tormenta Tropical Flossie"},"content":{"rendered":"\n<p><strong><em>&#8212; Aunque se se\u00f1ala que a partir del martes 1 de julio, el clima puede mejorar notablemente<br>&#8212; Mientras, se debe reducir la movilidad al m\u00e1ximo en los municipios donde hay precipitaciones<\/em><\/strong><\/p>\n\n\n\n<p><strong>Rogelio Agust\u00edn<\/strong><\/p>\n\n\n\n<p>En una transmisi\u00f3n conjunta, la gobernadora Evelyn Salgado Pineda, el secretario de Protecci\u00f3n Civil, Roberto Arroyo Matus y el meteor\u00f3logo Ferm\u00edn Dami\u00e1n Adame manifestaron que la situaci\u00f3n climatol\u00f3gica mejorar\u00e1 de manera importante a partir del martes 1 de julio, mientras, se mantiene la alerta en las costas por el avance de la Tormenta Tropical Flossie.<\/p>\n\n\n\n<p>Hasta el mediod\u00eda de este lunes 30 de junio, el reporte dado a conocer por el Gobierno de Guerrero, iba en el sentido de que se ten\u00edan lluvias puntuales y fuertes en las costas debido a Flossie, que se ubicaba a 255 kil\u00f3metros al suroeste de Zihuatanejo.<\/p>\n\n\n\n<p>En el pron\u00f3stico, se estima que las lluvias alcancen los 250 mil\u00edmetros en las pr\u00f3ximas horas, lo que puede provocar algunas inundaciones.<\/p>\n\n\n\n<p>La situaci\u00f3n de alerta permanecer\u00e1 durante pr\u00e1cticamente toda la jornada el lunes, pero se advierte que para la ma\u00f1ana del frente el fen\u00f3meno hidrometeorol\u00f3gico se ubique frente a las costas de Colima y Jalisco.<\/p>\n\n\n\n<p>En consecuencia, destacaron que se espera que las condiciones meteorol\u00f3gicas mejoren de manera importante en Guerrero.<\/p>\n\n\n\n<p>Mientras, la gobernadora, el titular de PC y el meteor\u00f3logo Dami\u00e1n Adame pidieron a la poblaci\u00f3n de las costas evitar actividades acu\u00e1ticas, limitar la movilidad al m\u00e1ximo, incluso, sugirieron que si se debe realizar alg\u00fan tr\u00e1mite se programe para un momento m\u00e1s adecuado.<\/p>\n\n\n\n<p>Debido a los casos que se tienen en municipios como San Marcos, Acapulco, Chilpancingo y Tlapa, no se debe confiar en el peso de los veh\u00edculos para atravesar cuerpos de agua cuando se est\u00e1 en una precipitaci\u00f3n constante y la creciente es notable.<\/p>\n\n\n\n<p>La gobernadora Salgado Pineda destac\u00f3 que en el transcurso dela tarde se tomar\u00e1 la decisi\u00f3n de suspender o no las actividades acad\u00e9micas de las escuelas, particularmente en los municipios que registran lluvias por la Tormenta Tropical, pero se hizo hincapi\u00e9 en que la poblaci\u00f3n mantenga las medidas de prevenci\u00f3n vigentes, para evitar situaciones de riesgo.<\/p>\n\n\n\n<figure class=\"wp-block-gallery has-nested-images columns-default is-cropped wp-block-gallery-1 is-layout-flex wp-block-gallery-is-layout-flex\">\n<figure class=\"wp-block-image size-large\"><img decoding=\"async\" src=\"data:image\/gif;base64,R0lGODlhAQABAIAAAAAAAP\/\/\/ywAAAAAAQABAAACAUwAOw==\" fifu-lazy=\"1\" fifu-data-sizes=\"auto\" fifu-data-srcset=\"https:\/\/i2.wp.com\/www.interaccionnoticias.com.mx\/wp-content\/uploads\/2025\/06\/250630-Evelyn-Salgado-Pineda-2-1024x683.jpg?ssl=1&w=75&resize=75&ssl=1 75w, https:\/\/i2.wp.com\/www.interaccionnoticias.com.mx\/wp-content\/uploads\/2025\/06\/250630-Evelyn-Salgado-Pineda-2-1024x683.jpg?ssl=1&w=100&resize=100&ssl=1 100w, https:\/\/i2.wp.com\/www.interaccionnoticias.com.mx\/wp-content\/uploads\/2025\/06\/250630-Evelyn-Salgado-Pineda-2-1024x683.jpg?ssl=1&w=150&resize=150&ssl=1 150w, https:\/\/i2.wp.com\/www.interaccionnoticias.com.mx\/wp-content\/uploads\/2025\/06\/250630-Evelyn-Salgado-Pineda-2-1024x683.jpg?ssl=1&w=240&resize=240&ssl=1 240w, https:\/\/i2.wp.com\/www.interaccionnoticias.com.mx\/wp-content\/uploads\/2025\/06\/250630-Evelyn-Salgado-Pineda-2-1024x683.jpg?ssl=1&w=320&resize=320&ssl=1 320w, https:\/\/i2.wp.com\/www.interaccionnoticias.com.mx\/wp-content\/uploads\/2025\/06\/250630-Evelyn-Salgado-Pineda-2-1024x683.jpg?ssl=1&w=500&resize=500&ssl=1 500w, https:\/\/i2.wp.com\/www.interaccionnoticias.com.mx\/wp-content\/uploads\/2025\/06\/250630-Evelyn-Salgado-Pineda-2-1024x683.jpg?ssl=1&w=640&resize=640&ssl=1 640w, https:\/\/i2.wp.com\/www.interaccionnoticias.com.mx\/wp-content\/uploads\/2025\/06\/250630-Evelyn-Salgado-Pineda-2-1024x683.jpg?ssl=1&w=800&resize=800&ssl=1 800w, https:\/\/i2.wp.com\/www.interaccionnoticias.com.mx\/wp-content\/uploads\/2025\/06\/250630-Evelyn-Salgado-Pineda-2-1024x683.jpg?ssl=1&w=1024&resize=1024&ssl=1 1024w, https:\/\/i2.wp.com\/www.interaccionnoticias.com.mx\/wp-content\/uploads\/2025\/06\/250630-Evelyn-Salgado-Pineda-2-1024x683.jpg?ssl=1&w=1280&resize=1280&ssl=1 1280w, https:\/\/i2.wp.com\/www.interaccionnoticias.com.mx\/wp-content\/uploads\/2025\/06\/250630-Evelyn-Salgado-Pineda-2-1024x683.jpg?ssl=1&w=1600&resize=1600&ssl=1 1600w\" data-id=\"93092\" fifu-data-src=\"https:\/\/i2.wp.com\/www.interaccionnoticias.com.mx\/wp-content\/uploads\/2025\/06\/250630-Evelyn-Salgado-Pineda-2-1024x683.jpg?ssl=1\" alt=\"\" class=\"wp-image-93092\"\/><\/figure>\n\n\n\n<figure class=\"wp-block-image size-large\"><img decoding=\"async\" src=\"data:image\/gif;base64,R0lGODlhAQABAIAAAAAAAP\/\/\/ywAAAAAAQABAAACAUwAOw==\" fifu-lazy=\"1\" fifu-data-sizes=\"auto\" fifu-data-srcset=\"https:\/\/i1.wp.com\/www.interaccionnoticias.com.mx\/wp-content\/uploads\/2025\/06\/250630-Evelyn-Salgado-Pineda-1-1024x683.jpg?ssl=1&w=75&resize=75&ssl=1 75w, https:\/\/i1.wp.com\/www.interaccionnoticias.com.mx\/wp-content\/uploads\/2025\/06\/250630-Evelyn-Salgado-Pineda-1-1024x683.jpg?ssl=1&w=100&resize=100&ssl=1 100w, https:\/\/i1.wp.com\/www.interaccionnoticias.com.mx\/wp-content\/uploads\/2025\/06\/250630-Evelyn-Salgado-Pineda-1-1024x683.jpg?ssl=1&w=150&resize=150&ssl=1 150w, https:\/\/i1.wp.com\/www.interaccionnoticias.com.mx\/wp-content\/uploads\/2025\/06\/250630-Evelyn-Salgado-Pineda-1-1024x683.jpg?ssl=1&w=240&resize=240&ssl=1 240w, https:\/\/i1.wp.com\/www.interaccionnoticias.com.mx\/wp-content\/uploads\/2025\/06\/250630-Evelyn-Salgado-Pineda-1-1024x683.jpg?ssl=1&w=320&resize=320&ssl=1 320w, https:\/\/i1.wp.com\/www.interaccionnoticias.com.mx\/wp-content\/uploads\/2025\/06\/250630-Evelyn-Salgado-Pineda-1-1024x683.jpg?ssl=1&w=500&resize=500&ssl=1 500w, https:\/\/i1.wp.com\/www.interaccionnoticias.com.mx\/wp-content\/uploads\/2025\/06\/250630-Evelyn-Salgado-Pineda-1-1024x683.jpg?ssl=1&w=640&resize=640&ssl=1 640w, https:\/\/i1.wp.com\/www.interaccionnoticias.com.mx\/wp-content\/uploads\/2025\/06\/250630-Evelyn-Salgado-Pineda-1-1024x683.jpg?ssl=1&w=800&resize=800&ssl=1 800w, https:\/\/i1.wp.com\/www.interaccionnoticias.com.mx\/wp-content\/uploads\/2025\/06\/250630-Evelyn-Salgado-Pineda-1-1024x683.jpg?ssl=1&w=1024&resize=1024&ssl=1 1024w, https:\/\/i1.wp.com\/www.interaccionnoticias.com.mx\/wp-content\/uploads\/2025\/06\/250630-Evelyn-Salgado-Pineda-1-1024x683.jpg?ssl=1&w=1280&resize=1280&ssl=1 1280w, https:\/\/i1.wp.com\/www.interaccionnoticias.com.mx\/wp-content\/uploads\/2025\/06\/250630-Evelyn-Salgado-Pineda-1-1024x683.jpg?ssl=1&w=1600&resize=1600&ssl=1 1600w\" data-id=\"93093\" fifu-data-src=\"https:\/\/i1.wp.com\/www.interaccionnoticias.com.mx\/wp-content\/uploads\/2025\/06\/250630-Evelyn-Salgado-Pineda-1-1024x683.jpg?ssl=1\" alt=\"\" class=\"wp-image-93093\"\/><\/figure>\n<\/figure>\n","protected":false},"excerpt":{"rendered":"<p>&#8212; Aunque se se\u00f1ala que a partir del martes 1 de julio, el clima puede mejorar notablemente&#8212; Mientras, se debe reducir la movilidad al m\u00e1ximo en los municipios donde hay&hellip; <\/p>\n","protected":false},"author":19,"featured_media":93095,"comment_status":"open","ping_status":"open","sticky":false,"template":"","format":"standard","meta":{"fifu_image_url":"https:\/\/www.interaccionnoticias.com.mx\/wp-content\/uploads\/2025\/06\/250630-Evelyn-Salgado-Pineda-1.jpg","fifu_image_alt":"","footnotes":""},"categories":[9],"tags":[],"class_list":["post-93091","post","type-post","status-publish","format-standard","has-post-thumbnail","hentry","category-fenomenos-naturales"],"_links":{"self":[{"href":"https:\/\/www.interaccionnoticias.com.mx\/index.php?rest_route=\/wp\/v2\/posts\/93091","targetHints":{"allow":["GET"]}}],"collection":[{"href":"https:\/\/www.interaccionnoticias.com.mx\/index.php?rest_route=\/wp\/v2\/posts"}],"about":[{"href":"https:\/\/www.interaccionnoticias.com.mx\/index.php?rest_route=\/wp\/v2\/types\/post"}],"author":[{"embeddable":true,"href":"https:\/\/www.interaccionnoticias.com.mx\/index.php?rest_route=\/wp\/v2\/users\/19"}],"replies":[{"embeddable":true,"href":"https:\/\/www.interaccionnoticias.com.mx\/index.php?rest_route=%2Fwp%2Fv2%2Fcomments&post=93091"}],"version-history":[{"count":1,"href":"https:\/\/www.interaccionnoticias.com.mx\/index.php?rest_route=\/wp\/v2\/posts\/93091\/revisions"}],"predecessor-version":[{"id":93094,"href":"https:\/\/www.interaccionnoticias.com.mx\/index.php?rest_route=\/wp\/v2\/posts\/93091\/revisions\/93094"}],"wp:featuredmedia":[{"embeddable":true,"href":"https:\/\/www.interaccionnoticias.com.mx\/index.php?rest_route=\/wp\/v2\/media\/93095"}],"wp:attachment":[{"href":"https:\/\/www.interaccionnoticias.com.mx\/index.php?rest_route=%2Fwp%2Fv2%2Fmedia&parent=93091"}],"wp:term":[{"taxonomy":"category","embeddable":true,"href":"https:\/\/www.interaccionnoticias.com.mx\/index.php?rest_route=%2Fwp%2Fv2%2Fcategories&post=93091"},{"taxonomy":"post_tag","embeddable":true,"href":"https:\/\/www.interaccionnoticias.com.mx\/index.php?rest_route=%2Fwp%2Fv2%2Ftags&post=93091"}],"curies":[{"name":"wp","href":"https:\/\/api.w.org\/{rel}","templated":true}]}}