{"id":93087,"date":"2025-06-29T21:05:00","date_gmt":"2025-06-30T03:05:00","guid":{"rendered":"https:\/\/www.interaccionnoticias.com.mx\/?p=93087"},"modified":"2025-06-29T22:50:19","modified_gmt":"2025-06-30T04:50:19","slug":"muere-una-mujer-y-un-hombre-resulta-herido-en-accidente-automovilistico-en-la-carretera-petaquillas-mazatlan","status":"publish","type":"post","link":"https:\/\/www.interaccionnoticias.com.mx\/?p=93087","title":{"rendered":"Muere una mujer y un hombre resulta herido, en accidente automovil\u00edstico en la carretera Petaquillas\u2013Mazatl\u00e1n"},"content":{"rendered":"\n<p><strong><em>&#8212; Se movilizan cuerpos de auxilio en \u00abEl Salto Valadez\u00bb<\/em><\/strong><\/p>\n\n\n\n<p><strong>Cristina Serrano<\/strong><\/p>\n\n\n\n<p>Una mujer muri\u00f3 y un hombre result\u00f3 herido tras un accidente automovil\u00edstico registrado la noche de este domingo en la carretera federal M\u00e9xico-Acapulco, tramo Petaquillas\u2013Mazatl\u00e1n.<\/p>\n\n\n\n<p>El veh\u00edculo en que viajaban es un Tsuru color arena, mismo que se sali\u00f3 del camino y termin\u00f3 volcado en un desnivel.<\/p>\n\n\n\n<p>La v\u00edctima fue identificada como Yolibel Cortez Aguilar, de 23 a\u00f1os, originaria de Chilpancingo y residente de la comunidad de Palo Blanco.<\/p>\n\n\n\n<p>Familiares acudieron al lugar del accidente y se hicieron cargo del traslado del cuerpo a su domicilio.<\/p>\n\n\n\n<p>Peritos de la Fiscal\u00eda General del Estado realizaron las diligencias correspondientes, mientras que el veh\u00edculo fue remolcado a un corral\u00f3n como parte de las investigaciones.<\/p>\n\n\n\n<p>Elementos de la Polic\u00eda Estatal, Polic\u00eda Municipal y Guardia Nacional acordonaron el \u00e1rea y mantienen vigilancia para facilitar las labores periciales.<\/p>\n\n\n\n<p>Hasta el momento no se han dado a conocer mayores detalles sobre el conductor herido, tampoco se tiene precisi\u00f3n sobre las causas del accidente.<\/p>\n","protected":false},"excerpt":{"rendered":"<p>&#8212; Se movilizan cuerpos de auxilio en \u00abEl Salto Valadez\u00bb Cristina Serrano Una mujer muri\u00f3 y un hombre result\u00f3 herido tras un accidente automovil\u00edstico registrado la noche de este domingo&hellip; <\/p>\n","protected":false},"author":34,"featured_media":93090,"comment_status":"open","ping_status":"open","sticky":false,"template":"","format":"standard","meta":{"fifu_image_url":"https:\/\/www.interaccionnoticias.com.mx\/wp-content\/uploads\/2025\/06\/250629-accidente-automovilistico.jpg","fifu_image_alt":"","footnotes":""},"categories":[27],"tags":[],"class_list":["post-93087","post","type-post","status-publish","format-standard","has-post-thumbnail","hentry","category-seguridad-publica"],"_links":{"self":[{"href":"https:\/\/www.interaccionnoticias.com.mx\/index.php?rest_route=\/wp\/v2\/posts\/93087","targetHints":{"allow":["GET"]}}],"collection":[{"href":"https:\/\/www.interaccionnoticias.com.mx\/index.php?rest_route=\/wp\/v2\/posts"}],"about":[{"href":"https:\/\/www.interaccionnoticias.com.mx\/index.php?rest_route=\/wp\/v2\/types\/post"}],"author":[{"embeddable":true,"href":"https:\/\/www.interaccionnoticias.com.mx\/index.php?rest_route=\/wp\/v2\/users\/34"}],"replies":[{"embeddable":true,"href":"https:\/\/www.interaccionnoticias.com.mx\/index.php?rest_route=%2Fwp%2Fv2%2Fcomments&post=93087"}],"version-history":[{"count":1,"href":"https:\/\/www.interaccionnoticias.com.mx\/index.php?rest_route=\/wp\/v2\/posts\/93087\/revisions"}],"predecessor-version":[{"id":93089,"href":"https:\/\/www.interaccionnoticias.com.mx\/index.php?rest_route=\/wp\/v2\/posts\/93087\/revisions\/93089"}],"wp:featuredmedia":[{"embeddable":true,"href":"https:\/\/www.interaccionnoticias.com.mx\/index.php?rest_route=\/wp\/v2\/media\/93090"}],"wp:attachment":[{"href":"https:\/\/www.interaccionnoticias.com.mx\/index.php?rest_route=%2Fwp%2Fv2%2Fmedia&parent=93087"}],"wp:term":[{"taxonomy":"category","embeddable":true,"href":"https:\/\/www.interaccionnoticias.com.mx\/index.php?rest_route=%2Fwp%2Fv2%2Fcategories&post=93087"},{"taxonomy":"post_tag","embeddable":true,"href":"https:\/\/www.interaccionnoticias.com.mx\/index.php?rest_route=%2Fwp%2Fv2%2Ftags&post=93087"}],"curies":[{"name":"wp","href":"https:\/\/api.w.org\/{rel}","templated":true}]}}