{"id":93069,"date":"2025-06-29T10:53:00","date_gmt":"2025-06-29T16:53:00","guid":{"rendered":"https:\/\/www.interaccionnoticias.com.mx\/?p=93069"},"modified":"2025-06-29T21:24:38","modified_gmt":"2025-06-30T03:24:38","slug":"se-forma-depresion-y-tropical-en-el-pacifico-mexicano","status":"publish","type":"post","link":"https:\/\/www.interaccionnoticias.com.mx\/?p=93069","title":{"rendered":"Se forma depresi\u00f3n tropical en el pac\u00edfico mexicano"},"content":{"rendered":"\n<p><em><strong>&#8212; Habr\u00e1 lluvias fuertes en Guerrero<\/strong><\/em><\/p>\n\n\n\n<p><strong>Rosario Garc\u00eda Orozco<\/strong><\/p>\n\n\n\n<p>En el pac\u00edfico mexicano se form\u00f3 la depresi\u00f3n tropical Seis-E, que podr\u00eda evolucionar a Tormenta Tropical en unas horas, y provocar \u201clluvias muy fuertes\u201d en Guerrero.<\/p>\n\n\n\n<p>As\u00ed lo inform\u00f3 la gobernadora Evelyn Salgado Pineda a trav\u00e9s de sus redes sociales, \u201cSe ha formado la DEPRESI\u00d3N TROPICAL SEIS -E frente a nuestra entidad y se prev\u00e9 se convierta en Tormenta Tropical durante las pr\u00f3ximas horas\u201d.<\/p>\n\n\n\n<p>En el texto mencion\u00f3 que de acuerdo con la Comisi\u00f3n Nacional del Agua (Conagua), este sistema contin\u00faa intensific\u00e1ndose y a su paso seguir\u00e1 provocando \u201clluvias muy fuertes\u201d en Guerrero\u201d.<\/p>\n\n\n\n<p>Este nuevo fen\u00f3meno hidrometeorol\u00f3gico afectar\u00e1 principalmente a la Costa Chica, Acapulco y Costa Grande, desde este domingo y durante la madrugada del lunes.<\/p>\n\n\n\n<p>La depresi\u00f3n tropical Seis-E se localiza actualmente a 370 km al sur-suroeste de Punta Maldonado y 410 km al sur de Acapulco, desplaz\u00e1ndose hacia el oeste a 19 km\/h.<\/p>\n\n\n\n<p>En su mensaje en facebook, la gobernadora recomend\u00f3 a la poblaci\u00f3n en general no entrar al mar, ya que se espera oleaje elevado de entre 2.5 y 3.5 metros en las costas de Guerrero, adem\u00e1s de no cruzar r\u00edos, arroyos o calles inundadas.<\/p>\n\n\n\n<p>Tambi\u00e9n pidi\u00f3 a quienes viven cerca de laderas o cauces, mantenerse alerta y preparar una mochila de emergencia, as\u00ed como resguardar en lugares seguros documentos importantes para todos los miembros de la familia.<\/p>\n","protected":false},"excerpt":{"rendered":"<p>&#8212; Habr\u00e1 lluvias fuertes en Guerrero Rosario Garc\u00eda Orozco En el pac\u00edfico mexicano se form\u00f3 la depresi\u00f3n tropical Seis-E, que podr\u00eda evolucionar a Tormenta Tropical en unas horas, y provocar&hellip; <\/p>\n","protected":false},"author":14,"featured_media":93072,"comment_status":"open","ping_status":"open","sticky":false,"template":"","format":"standard","meta":{"fifu_image_url":"https:\/\/www.interaccionnoticias.com.mx\/wp-content\/uploads\/2025\/06\/250629-depresion-y-tropical.jpg","fifu_image_alt":"","footnotes":""},"categories":[9],"tags":[],"class_list":["post-93069","post","type-post","status-publish","format-standard","has-post-thumbnail","hentry","category-fenomenos-naturales"],"_links":{"self":[{"href":"https:\/\/www.interaccionnoticias.com.mx\/index.php?rest_route=\/wp\/v2\/posts\/93069","targetHints":{"allow":["GET"]}}],"collection":[{"href":"https:\/\/www.interaccionnoticias.com.mx\/index.php?rest_route=\/wp\/v2\/posts"}],"about":[{"href":"https:\/\/www.interaccionnoticias.com.mx\/index.php?rest_route=\/wp\/v2\/types\/post"}],"author":[{"embeddable":true,"href":"https:\/\/www.interaccionnoticias.com.mx\/index.php?rest_route=\/wp\/v2\/users\/14"}],"replies":[{"embeddable":true,"href":"https:\/\/www.interaccionnoticias.com.mx\/index.php?rest_route=%2Fwp%2Fv2%2Fcomments&post=93069"}],"version-history":[{"count":2,"href":"https:\/\/www.interaccionnoticias.com.mx\/index.php?rest_route=\/wp\/v2\/posts\/93069\/revisions"}],"predecessor-version":[{"id":93074,"href":"https:\/\/www.interaccionnoticias.com.mx\/index.php?rest_route=\/wp\/v2\/posts\/93069\/revisions\/93074"}],"wp:featuredmedia":[{"embeddable":true,"href":"https:\/\/www.interaccionnoticias.com.mx\/index.php?rest_route=\/wp\/v2\/media\/93072"}],"wp:attachment":[{"href":"https:\/\/www.interaccionnoticias.com.mx\/index.php?rest_route=%2Fwp%2Fv2%2Fmedia&parent=93069"}],"wp:term":[{"taxonomy":"category","embeddable":true,"href":"https:\/\/www.interaccionnoticias.com.mx\/index.php?rest_route=%2Fwp%2Fv2%2Fcategories&post=93069"},{"taxonomy":"post_tag","embeddable":true,"href":"https:\/\/www.interaccionnoticias.com.mx\/index.php?rest_route=%2Fwp%2Fv2%2Ftags&post=93069"}],"curies":[{"name":"wp","href":"https:\/\/api.w.org\/{rel}","templated":true}]}}