{"id":9304,"date":"2017-10-15T12:24:46","date_gmt":"2017-10-15T17:24:46","guid":{"rendered":"http:\/\/www.inter-accion.com.mx\/?p=9304"},"modified":"2017-10-15T12:24:46","modified_gmt":"2017-10-15T17:24:46","slug":"matan-y-queman-junto-con-su-familia-a-ranferi-hernandez-lider-historico-del-prd","status":"publish","type":"post","link":"https:\/\/www.interaccionnoticias.com.mx\/?p=9304","title":{"rendered":"Matan y queman junto con su familia a Ranferi Hern\u00e1ndez, l\u00edder hist\u00f3rico del PRD"},"content":{"rendered":"<p><strong>En 1996 fue exiliado en Francia, tras ser acusado de financiar a la guerrilla del EPR&nbsp;&nbsp;&nbsp;<\/strong><br \/>\nRanferi Hern\u00e1ndez Acevedo, l\u00edder hist\u00f3rico del PRD y del movimiento social en el estado de Guerrero fue asesinado junto con su esposa, suegra y un chofer en las inmediaciones de Nejapa, comunidad perteneciente al municipio de Ahuocotzingo, en la Monta\u00f1a Baja de Guerrero.<br \/>\nHern\u00e1ndez Acevedo fue miembro del Frente Democr\u00e1tico Nacional (FDN), que despu\u00e9s dio vida al PRD y tambi\u00e9n promovi\u00f3 la creaci\u00f3n del Frente Amplio para la Construcci\u00f3n del Movimiento de Liberaci\u00f3n Nacional (FACMLN), organizaci\u00f3n que en 1995 enfrent\u00f3 al gobierno de Rub\u00e9n Figueroa Alcocer hasta que provoc\u00f3 su separaci\u00f3n del poder, tras la masacre de 17 campesinos en el vado de Aguas Blancas, en el municipio de Coyuca de Ben\u00edtez.<br \/>\nEn 1996, cuando terminaba su periodo como diputado local, Hern\u00e1ndez Acevedo tuvo que abandonar el pa\u00eds a escondidas, exili\u00e1ndose por espacio de tres a\u00f1os en Par\u00eds Francia, a partir de que se le acus\u00f3 de financiar la guerrilla del Ej\u00e9rcito Popular Revolucionario (EPR).<br \/>\nActualmente era dirigente del Movimiento Social de Izquierda (MSI), organizaci\u00f3n que ten\u00eda presencia en la Monta\u00f1a baja, regi\u00f3n Centro y parte de la Costa Grande de Guerrero.<br \/>\nEl vocero del Grupo de Coordinaci\u00f3n Guerrero (GCG), Roberto Alvarez Heredia confirm\u00f3 que los cuerpos encontrados la madrugada del domingo 15 de octubre, en una camioneta calcinada sobre la carretera Chilapa-Chilpancingo&nbsp;&nbsp;correspond\u00edan a Ranferi Hern\u00e1ndez, su esposa, suegra y el chofer.<br \/>\nAlvarez Heredia confirm\u00f3 que de acuerdo con autoridades municipales de Ahuocotzingo, la desaparici\u00f3n del dirigente hist\u00f3rico del PRD y sus familiares fue reportada desde la jornada del s\u00e1bado 14 de octubre, con la precisi\u00f3n de que salieron de la cabecera desde las 17:00 horas.<br \/>\nElementos de la Polic\u00eda del Estado realizaron un operativo de b\u00fasqueda, mismo que permiti\u00f3 su localizaci\u00f3n en las inmediaciones de Nejapa, cuando la camioneta Ford, tipo Escape en la que se trasladaban era consumida por las llamas.<br \/>\nEl reporte policiaco indic\u00f3 de primera instancia que las v\u00edctimas mortales eran dos hombres y dos mujeres.<br \/>\nJunto con Ranferi, en la unidad se encontraron los cuerpos calcinados de su esposa, la se\u00f1ora Lucila Hern\u00e1ndez Dircio, de 50 a\u00f1os de edad y la suegra del dirigente, Juana Dircio de 94 a\u00f1os.<br \/>\nDel chofer se desconocen los datos generales.<br \/>\nDirigentes y activistas del movimiento social de Guerrero, se convocaron en la cabecera municipal de Ahucotzingo, para tomar parte del sepelio que se desarrollar\u00e1 esta misma tarde.<\/p>\n","protected":false},"excerpt":{"rendered":"<p>En 1996 fue exiliado en Francia, tras ser acusado de financiar a la guerrilla del EPR&nbsp;&nbsp;&nbsp; Ranferi Hern\u00e1ndez Acevedo, l\u00edder hist\u00f3rico del PRD y del movimiento social en el estado&hellip; <\/p>\n","protected":false},"author":1,"featured_media":0,"comment_status":"closed","ping_status":"closed","sticky":false,"template":"","format":"standard","meta":{"fifu_image_url":"","fifu_image_alt":"","footnotes":""},"categories":[8],"tags":[],"class_list":["post-9304","post","type-post","status-publish","format-standard","hentry","category-featured"],"_links":{"self":[{"href":"https:\/\/www.interaccionnoticias.com.mx\/index.php?rest_route=\/wp\/v2\/posts\/9304","targetHints":{"allow":["GET"]}}],"collection":[{"href":"https:\/\/www.interaccionnoticias.com.mx\/index.php?rest_route=\/wp\/v2\/posts"}],"about":[{"href":"https:\/\/www.interaccionnoticias.com.mx\/index.php?rest_route=\/wp\/v2\/types\/post"}],"author":[{"embeddable":true,"href":"https:\/\/www.interaccionnoticias.com.mx\/index.php?rest_route=\/wp\/v2\/users\/1"}],"replies":[{"embeddable":true,"href":"https:\/\/www.interaccionnoticias.com.mx\/index.php?rest_route=%2Fwp%2Fv2%2Fcomments&post=9304"}],"version-history":[{"count":0,"href":"https:\/\/www.interaccionnoticias.com.mx\/index.php?rest_route=\/wp\/v2\/posts\/9304\/revisions"}],"wp:attachment":[{"href":"https:\/\/www.interaccionnoticias.com.mx\/index.php?rest_route=%2Fwp%2Fv2%2Fmedia&parent=9304"}],"wp:term":[{"taxonomy":"category","embeddable":true,"href":"https:\/\/www.interaccionnoticias.com.mx\/index.php?rest_route=%2Fwp%2Fv2%2Fcategories&post=9304"},{"taxonomy":"post_tag","embeddable":true,"href":"https:\/\/www.interaccionnoticias.com.mx\/index.php?rest_route=%2Fwp%2Fv2%2Ftags&post=9304"}],"curies":[{"name":"wp","href":"https:\/\/api.w.org\/{rel}","templated":true}]}}