{"id":93021,"date":"2025-06-27T18:04:09","date_gmt":"2025-06-28T00:04:09","guid":{"rendered":"https:\/\/www.interaccionnoticias.com.mx\/?p=93021"},"modified":"2025-06-27T18:04:10","modified_gmt":"2025-06-28T00:04:10","slug":"puerto-las-ollas-sigue-en-calma-tras-hechos-de-violencia","status":"publish","type":"post","link":"https:\/\/www.interaccionnoticias.com.mx\/?p=93021","title":{"rendered":"Puerto Las Ollas sigue en calma tras hechos de violencia"},"content":{"rendered":"\n<p><strong><em>&#8212; Acuerdan presencia de fuerzas federales y apoyos sociales<\/em><\/strong><\/p>\n\n\n\n<p><strong>Jes\u00fas Dorantes \/ Tierra Caliente<\/strong><\/p>\n\n\n\n<p>Puerto Las Ollas, comunidad de la Sierra de Coyuca de Catal\u00e1n, se mantiene en calma tras los recientes hechos de violencia, inform\u00f3 este viernes el subsecretario de Desarrollo Pol\u00edtico y Social del gobierno de Guerrero, Francisco Rodr\u00edguez Cisneros, quien encabez\u00f3 una comisi\u00f3n interinstitucional que acudi\u00f3 a la zona para atender la situaci\u00f3n.<\/p>\n\n\n\n<p>En entrevista, el funcionario estatal detall\u00f3 que en la reuni\u00f3n participaron la presidenta de la Comisi\u00f3n de Derechos Humanos del Estado, Cecilia Narciso Gait\u00e1n, y el secretario de Seguridad P\u00fablica, Josu\u00e9 Barr\u00f3n Sevilla.<\/p>\n\n\n\n<p>Dentro del encuentro se acord\u00f3 con la poblaci\u00f3n que elementos de seguridad estatal y federal permanecer\u00e1n en la zona \u201cmientras se genera una situaci\u00f3n de estabilidad\u201d, explic\u00f3.<\/p>\n\n\n\n<p>Rodr\u00edguez Cisneros hizo \u00e9nfasis en que el objetivo es restablecer la normalidad en las actividades comunitarias, y que esto implica un compromiso conjunto: \u201cTodos ellos se tienen que sumar a estas actividades de di\u00e1logo para generar la paz, y ellos aceptaron\u201d, se\u00f1al\u00f3.<\/p>\n\n\n\n<p>Ante la escasez de alimentos derivada de la afectaci\u00f3n a la tienda DICONSA local, el gobierno estatal envi\u00f3 paquetes alimentarios, de limpieza, colchonetas, cobertores y medicamentos.<\/p>\n\n\n\n<p>Tambi\u00e9n se anunci\u00f3 el env\u00edo de brigadas m\u00e9dicas y maquinaria para mejorar el acceso a la comunidad, ubicada en una regi\u00f3n de dif\u00edcil tr\u00e1nsito y con presencia hist\u00f3rica de conflictos armados.<\/p>\n\n\n\n<p>El subsecretario pidi\u00f3 no caer en la revictimizaci\u00f3n, en especial hacia ni\u00f1as y ni\u00f1os, al se\u00f1alar que las estructuras afectadas por el fuego en d\u00edas recientes no forman parte del n\u00facleo habitacional.<\/p>\n\n\n\n<p>\u201cVamos a continuar con los di\u00e1logos por la paz, tambi\u00e9n en Zihuaquio, que colinda con la sierra de Guerrero\u201d, adelant\u00f3 Rodr\u00edguez Cisneros, como parte de una ruta que busca contener el avance de la violencia armada en la regi\u00f3n de Tierra Caliente.<\/p>\n","protected":false},"excerpt":{"rendered":"<p>&#8212; Acuerdan presencia de fuerzas federales y apoyos sociales Jes\u00fas Dorantes \/ Tierra Caliente Puerto Las Ollas, comunidad de la Sierra de Coyuca de Catal\u00e1n, se mantiene en calma tras&hellip; <\/p>\n","protected":false},"author":8,"featured_media":93024,"comment_status":"open","ping_status":"open","sticky":false,"template":"","format":"standard","meta":{"fifu_image_url":"https:\/\/www.interaccionnoticias.com.mx\/wp-content\/uploads\/2025\/06\/20250627-Francisco-Rodriguez-Cisneros.jpg","fifu_image_alt":"","footnotes":""},"categories":[11],"tags":[],"class_list":["post-93021","post","type-post","status-publish","format-standard","has-post-thumbnail","hentry","category-guerrero"],"_links":{"self":[{"href":"https:\/\/www.interaccionnoticias.com.mx\/index.php?rest_route=\/wp\/v2\/posts\/93021","targetHints":{"allow":["GET"]}}],"collection":[{"href":"https:\/\/www.interaccionnoticias.com.mx\/index.php?rest_route=\/wp\/v2\/posts"}],"about":[{"href":"https:\/\/www.interaccionnoticias.com.mx\/index.php?rest_route=\/wp\/v2\/types\/post"}],"author":[{"embeddable":true,"href":"https:\/\/www.interaccionnoticias.com.mx\/index.php?rest_route=\/wp\/v2\/users\/8"}],"replies":[{"embeddable":true,"href":"https:\/\/www.interaccionnoticias.com.mx\/index.php?rest_route=%2Fwp%2Fv2%2Fcomments&post=93021"}],"version-history":[{"count":1,"href":"https:\/\/www.interaccionnoticias.com.mx\/index.php?rest_route=\/wp\/v2\/posts\/93021\/revisions"}],"predecessor-version":[{"id":93023,"href":"https:\/\/www.interaccionnoticias.com.mx\/index.php?rest_route=\/wp\/v2\/posts\/93021\/revisions\/93023"}],"wp:featuredmedia":[{"embeddable":true,"href":"https:\/\/www.interaccionnoticias.com.mx\/index.php?rest_route=\/wp\/v2\/media\/93024"}],"wp:attachment":[{"href":"https:\/\/www.interaccionnoticias.com.mx\/index.php?rest_route=%2Fwp%2Fv2%2Fmedia&parent=93021"}],"wp:term":[{"taxonomy":"category","embeddable":true,"href":"https:\/\/www.interaccionnoticias.com.mx\/index.php?rest_route=%2Fwp%2Fv2%2Fcategories&post=93021"},{"taxonomy":"post_tag","embeddable":true,"href":"https:\/\/www.interaccionnoticias.com.mx\/index.php?rest_route=%2Fwp%2Fv2%2Ftags&post=93021"}],"curies":[{"name":"wp","href":"https:\/\/api.w.org\/{rel}","templated":true}]}}