{"id":92959,"date":"2025-06-26T20:03:48","date_gmt":"2025-06-27T02:03:48","guid":{"rendered":"https:\/\/www.interaccionnoticias.com.mx\/?p=92959"},"modified":"2025-06-26T20:03:49","modified_gmt":"2025-06-27T02:03:49","slug":"el-poder-judicial-de-guerrero-trabaja-para-contar-con-un-mejor-escenario-de-justicia","status":"publish","type":"post","link":"https:\/\/www.interaccionnoticias.com.mx\/?p=92959","title":{"rendered":"El Poder Judicial de Guerrero trabaja para contar con un mejor escenario de justicia"},"content":{"rendered":"\n<p><strong><em>&#8212; Se cumplen 174 a\u00f1os de la creaci\u00f3n del Tribunal Superior de Justicia del estado<\/em><\/strong><\/p>\n\n\n\n<p><strong>Rosario Garc\u00eda Orozco<\/strong><\/p>\n\n\n\n<p>El Poder Judicial del estado trabaja para contar con un mejor escenario de justicia, \u201ca pesar de las dificultades, circunstancias y otros problemas\u201d, asegur\u00f3 el presidente del Tribunal Superior de Justicia (TSJ), Ricardo Salinas Sandoval.<\/p>\n\n\n\n<p>En el evento conmemorativo al 174 aniversario de la creaci\u00f3n del Tribunal Superior de Justicia, su titular estableci\u00f3 el compromiso de \u201cseguir trabajando por lograr un mejor escenario para la justicia en Guerrero\u201d.<\/p>\n\n\n\n<p>Del mismo modo reconoci\u00f3 el apoyo recibido por parte de la gobernadora Evelyn Salgado Pineda, quien acudi\u00f3 al evento como invitada especial, \u201cgracias por su invaluable apoyo para cumplir con cada uno de los compromisos institucionales, no obstante, las dificultades y tiempos, por los que transita el Poder Judicial\u201d.<\/p>\n\n\n\n<p>Salinas Sandoval sostuvo que los problemas de hoy no son los mismos de hace 174 a\u00f1os cuando naci\u00f3 el Poder Judicial del Estado y tampoco las formas de abordarlos y resolverlos, sin embargo \u201cla necesidad b\u00e1sica sobre este aspecto sigue siendo id\u00e9ntica: el acceso pleno a la justicia; ayer como hoy hay una necesidad social ineludible, resolver los conflictos sociales e interpersonales mediante la aplicaci\u00f3n de la ley\u201d.<\/p>\n\n\n\n<p>De momento, dijo, \u201cel Poder Judicial del Estado contin\u00faa esforz\u00e1ndose sin distracci\u00f3n por elevar cada d\u00eda la calidad en la impartici\u00f3n de justicia. Nuestra instituci\u00f3n parad\u00f3jicamente es y ser\u00e1 siempre el \u00faltimo reducto de la resoluci\u00f3n pac\u00edfica de litigios en base a la ley y justicia. Su trascendente, misi\u00f3n constitucional y social inicia cuando los dem\u00e1s instrumentos de contenci\u00f3n social y resoluci\u00f3n de los conflictos han sido ineficaces para lograr la convivencia arm\u00f3nica y pac\u00edfica de la sociedad. Por ello si falla el poder judicial falla la justicia\u201d.<\/p>\n\n\n\n<p>Sostuvo que quienes integran ese Poder siguen trabajando \u201cpor lograr un mejor escenario para la justicia Guerrero; construimos, deconstruimos y reforzamos el andamiaje que facilite y garantice el efectivo acceso a justicia\u201d.<\/p>\n\n\n\n<p>Del mismo modo asegur\u00f3 que el Poder Judicial est\u00e1 empe\u00f1ado en seguir caminando con firmeza, \u201cconscientes de que cada sentencia, cada resoluci\u00f3n y cada acto de legalidad que emana de este poder, debe honrar la memoria de quienes lucharon por un Guerrero, m\u00e1s justo m\u00e1s digno y m\u00e1s libre\u201d.<\/p>\n\n\n\n<figure class=\"wp-block-gallery has-nested-images columns-default is-cropped wp-block-gallery-1 is-layout-flex wp-block-gallery-is-layout-flex\">\n<figure class=\"wp-block-image size-large\"><img decoding=\"async\" src=\"data:image\/gif;base64,R0lGODlhAQABAIAAAAAAAP\/\/\/ywAAAAAAQABAAACAUwAOw==\" fifu-lazy=\"1\" fifu-data-sizes=\"auto\" fifu-data-srcset=\"https:\/\/i2.wp.com\/www.interaccionnoticias.com.mx\/wp-content\/uploads\/2025\/06\/250626-Tribunal-Superior-de-Justicia-2-1024x683.jpg?ssl=1&w=75&resize=75&ssl=1 75w, https:\/\/i2.wp.com\/www.interaccionnoticias.com.mx\/wp-content\/uploads\/2025\/06\/250626-Tribunal-Superior-de-Justicia-2-1024x683.jpg?ssl=1&w=100&resize=100&ssl=1 100w, https:\/\/i2.wp.com\/www.interaccionnoticias.com.mx\/wp-content\/uploads\/2025\/06\/250626-Tribunal-Superior-de-Justicia-2-1024x683.jpg?ssl=1&w=150&resize=150&ssl=1 150w, https:\/\/i2.wp.com\/www.interaccionnoticias.com.mx\/wp-content\/uploads\/2025\/06\/250626-Tribunal-Superior-de-Justicia-2-1024x683.jpg?ssl=1&w=240&resize=240&ssl=1 240w, https:\/\/i2.wp.com\/www.interaccionnoticias.com.mx\/wp-content\/uploads\/2025\/06\/250626-Tribunal-Superior-de-Justicia-2-1024x683.jpg?ssl=1&w=320&resize=320&ssl=1 320w, https:\/\/i2.wp.com\/www.interaccionnoticias.com.mx\/wp-content\/uploads\/2025\/06\/250626-Tribunal-Superior-de-Justicia-2-1024x683.jpg?ssl=1&w=500&resize=500&ssl=1 500w, https:\/\/i2.wp.com\/www.interaccionnoticias.com.mx\/wp-content\/uploads\/2025\/06\/250626-Tribunal-Superior-de-Justicia-2-1024x683.jpg?ssl=1&w=640&resize=640&ssl=1 640w, https:\/\/i2.wp.com\/www.interaccionnoticias.com.mx\/wp-content\/uploads\/2025\/06\/250626-Tribunal-Superior-de-Justicia-2-1024x683.jpg?ssl=1&w=800&resize=800&ssl=1 800w, https:\/\/i2.wp.com\/www.interaccionnoticias.com.mx\/wp-content\/uploads\/2025\/06\/250626-Tribunal-Superior-de-Justicia-2-1024x683.jpg?ssl=1&w=1024&resize=1024&ssl=1 1024w, https:\/\/i2.wp.com\/www.interaccionnoticias.com.mx\/wp-content\/uploads\/2025\/06\/250626-Tribunal-Superior-de-Justicia-2-1024x683.jpg?ssl=1&w=1280&resize=1280&ssl=1 1280w, https:\/\/i2.wp.com\/www.interaccionnoticias.com.mx\/wp-content\/uploads\/2025\/06\/250626-Tribunal-Superior-de-Justicia-2-1024x683.jpg?ssl=1&w=1600&resize=1600&ssl=1 1600w\" data-id=\"92960\" fifu-data-src=\"https:\/\/i2.wp.com\/www.interaccionnoticias.com.mx\/wp-content\/uploads\/2025\/06\/250626-Tribunal-Superior-de-Justicia-2-1024x683.jpg?ssl=1\" alt=\"\" class=\"wp-image-92960\"\/><\/figure>\n\n\n\n<figure class=\"wp-block-image size-large\"><img decoding=\"async\" src=\"data:image\/gif;base64,R0lGODlhAQABAIAAAAAAAP\/\/\/ywAAAAAAQABAAACAUwAOw==\" fifu-lazy=\"1\" fifu-data-sizes=\"auto\" fifu-data-srcset=\"https:\/\/i1.wp.com\/www.interaccionnoticias.com.mx\/wp-content\/uploads\/2025\/06\/250626-Tribunal-Superior-de-Justicia-1-1024x683.jpg?ssl=1&w=75&resize=75&ssl=1 75w, https:\/\/i1.wp.com\/www.interaccionnoticias.com.mx\/wp-content\/uploads\/2025\/06\/250626-Tribunal-Superior-de-Justicia-1-1024x683.jpg?ssl=1&w=100&resize=100&ssl=1 100w, https:\/\/i1.wp.com\/www.interaccionnoticias.com.mx\/wp-content\/uploads\/2025\/06\/250626-Tribunal-Superior-de-Justicia-1-1024x683.jpg?ssl=1&w=150&resize=150&ssl=1 150w, https:\/\/i1.wp.com\/www.interaccionnoticias.com.mx\/wp-content\/uploads\/2025\/06\/250626-Tribunal-Superior-de-Justicia-1-1024x683.jpg?ssl=1&w=240&resize=240&ssl=1 240w, https:\/\/i1.wp.com\/www.interaccionnoticias.com.mx\/wp-content\/uploads\/2025\/06\/250626-Tribunal-Superior-de-Justicia-1-1024x683.jpg?ssl=1&w=320&resize=320&ssl=1 320w, https:\/\/i1.wp.com\/www.interaccionnoticias.com.mx\/wp-content\/uploads\/2025\/06\/250626-Tribunal-Superior-de-Justicia-1-1024x683.jpg?ssl=1&w=500&resize=500&ssl=1 500w, https:\/\/i1.wp.com\/www.interaccionnoticias.com.mx\/wp-content\/uploads\/2025\/06\/250626-Tribunal-Superior-de-Justicia-1-1024x683.jpg?ssl=1&w=640&resize=640&ssl=1 640w, https:\/\/i1.wp.com\/www.interaccionnoticias.com.mx\/wp-content\/uploads\/2025\/06\/250626-Tribunal-Superior-de-Justicia-1-1024x683.jpg?ssl=1&w=800&resize=800&ssl=1 800w, https:\/\/i1.wp.com\/www.interaccionnoticias.com.mx\/wp-content\/uploads\/2025\/06\/250626-Tribunal-Superior-de-Justicia-1-1024x683.jpg?ssl=1&w=1024&resize=1024&ssl=1 1024w, https:\/\/i1.wp.com\/www.interaccionnoticias.com.mx\/wp-content\/uploads\/2025\/06\/250626-Tribunal-Superior-de-Justicia-1-1024x683.jpg?ssl=1&w=1280&resize=1280&ssl=1 1280w, https:\/\/i1.wp.com\/www.interaccionnoticias.com.mx\/wp-content\/uploads\/2025\/06\/250626-Tribunal-Superior-de-Justicia-1-1024x683.jpg?ssl=1&w=1600&resize=1600&ssl=1 1600w\" data-id=\"92961\" fifu-data-src=\"https:\/\/i1.wp.com\/www.interaccionnoticias.com.mx\/wp-content\/uploads\/2025\/06\/250626-Tribunal-Superior-de-Justicia-1-1024x683.jpg?ssl=1\" alt=\"\" class=\"wp-image-92961\"\/><\/figure>\n<\/figure>\n","protected":false},"excerpt":{"rendered":"<p>&#8212; Se cumplen 174 a\u00f1os de la creaci\u00f3n del Tribunal Superior de Justicia del estado Rosario Garc\u00eda Orozco El Poder Judicial del estado trabaja para contar con un mejor escenario&hellip; <\/p>\n","protected":false},"author":14,"featured_media":92963,"comment_status":"open","ping_status":"open","sticky":false,"template":"","format":"standard","meta":{"fifu_image_url":"https:\/\/www.interaccionnoticias.com.mx\/wp-content\/uploads\/2025\/06\/250626-Tribunal-Superior-de-Justicia-1.jpg","fifu_image_alt":"","footnotes":""},"categories":[11],"tags":[],"class_list":["post-92959","post","type-post","status-publish","format-standard","has-post-thumbnail","hentry","category-guerrero"],"_links":{"self":[{"href":"https:\/\/www.interaccionnoticias.com.mx\/index.php?rest_route=\/wp\/v2\/posts\/92959","targetHints":{"allow":["GET"]}}],"collection":[{"href":"https:\/\/www.interaccionnoticias.com.mx\/index.php?rest_route=\/wp\/v2\/posts"}],"about":[{"href":"https:\/\/www.interaccionnoticias.com.mx\/index.php?rest_route=\/wp\/v2\/types\/post"}],"author":[{"embeddable":true,"href":"https:\/\/www.interaccionnoticias.com.mx\/index.php?rest_route=\/wp\/v2\/users\/14"}],"replies":[{"embeddable":true,"href":"https:\/\/www.interaccionnoticias.com.mx\/index.php?rest_route=%2Fwp%2Fv2%2Fcomments&post=92959"}],"version-history":[{"count":1,"href":"https:\/\/www.interaccionnoticias.com.mx\/index.php?rest_route=\/wp\/v2\/posts\/92959\/revisions"}],"predecessor-version":[{"id":92962,"href":"https:\/\/www.interaccionnoticias.com.mx\/index.php?rest_route=\/wp\/v2\/posts\/92959\/revisions\/92962"}],"wp:featuredmedia":[{"embeddable":true,"href":"https:\/\/www.interaccionnoticias.com.mx\/index.php?rest_route=\/wp\/v2\/media\/92963"}],"wp:attachment":[{"href":"https:\/\/www.interaccionnoticias.com.mx\/index.php?rest_route=%2Fwp%2Fv2%2Fmedia&parent=92959"}],"wp:term":[{"taxonomy":"category","embeddable":true,"href":"https:\/\/www.interaccionnoticias.com.mx\/index.php?rest_route=%2Fwp%2Fv2%2Fcategories&post=92959"},{"taxonomy":"post_tag","embeddable":true,"href":"https:\/\/www.interaccionnoticias.com.mx\/index.php?rest_route=%2Fwp%2Fv2%2Ftags&post=92959"}],"curies":[{"name":"wp","href":"https:\/\/api.w.org\/{rel}","templated":true}]}}