{"id":92945,"date":"2025-06-26T19:21:35","date_gmt":"2025-06-27T01:21:35","guid":{"rendered":"https:\/\/www.interaccionnoticias.com.mx\/?p=92945"},"modified":"2025-06-26T19:51:57","modified_gmt":"2025-06-27T01:51:57","slug":"lluvias-provocan-caida-de-arboles-en-chilpancingo-y-afecta-las-vialidades","status":"publish","type":"post","link":"https:\/\/www.interaccionnoticias.com.mx\/?p=92945","title":{"rendered":"Lluvias provocan ca\u00edda de \u00e1rboles en Chilpancingo y afecta las vialidades"},"content":{"rendered":"\n<p><strong><em>&#8212; Se moviliza personal de Protecci\u00f3n Civil<\/em><\/strong><\/p>\n\n\n\n<p><strong>Cristina Serrano<\/strong><\/p>\n\n\n\n<p><strong>Chilpancingo, Gro., 26 de junio de 2025 \u2014<\/strong> Las lluvias registradas durante las \u00faltimas horas en la capital del estado provocaron la ca\u00edda de un \u00e1rbol de gran tama\u00f1o en la calle principal de la colonia Guerrero 200 y en inmediaciones del Centro Recreativo y Educativo Ambiental (CREA), generando afectaciones al tr\u00e1nsito vehicular y peatonal.<\/p>\n\n\n\n<p>El incidente ocurri\u00f3 la tarde de este jueves, cuando vecinos alertaron a las autoridades sobre el derrumbe del \u00e1rbol, el cual obstruy\u00f3 por completo el paso en una de las principales arterias de la zona. Afortunadamente, no se reportan personas lesionadas ni da\u00f1os materiales a viviendas o veh\u00edculos.<\/p>\n\n\n\n<p>Elementos de Protecci\u00f3n Civil Estatal acudieron al lugar para realizar las maniobras de retiro del \u00e1rbol y limpieza del \u00e1rea afectada, con el fin de restablecer la circulaci\u00f3n de manera segura.<\/p>\n\n\n\n<p>Estas lluvias intensas forman parte de los efectos colaterales del hurac\u00e1n Erick, que ha dejado fuertes precipitaciones en varias regiones del estado, particularmente en la zona centro y monta\u00f1a. Las autoridades locales han exhortado a la poblaci\u00f3n a mantenerse informada a trav\u00e9s de canales oficiales y evitar transitar por \u00e1reas con \u00e1rboles de gran tama\u00f1o, bardas deterioradas o cauces crecidos, ante el riesgo de nuevos incidentes.<\/p>\n\n\n\n<figure class=\"wp-block-gallery has-nested-images columns-default is-cropped wp-block-gallery-1 is-layout-flex wp-block-gallery-is-layout-flex\">\n<figure class=\"wp-block-image size-large\"><img decoding=\"async\" src=\"data:image\/gif;base64,R0lGODlhAQABAIAAAAAAAP\/\/\/ywAAAAAAQABAAACAUwAOw==\" fifu-lazy=\"1\" fifu-data-sizes=\"auto\" fifu-data-srcset=\"https:\/\/i2.wp.com\/www.interaccionnoticias.com.mx\/wp-content\/uploads\/2025\/06\/250626-Lluvias-arboles-Chilpancingo-1-1024x683.jpg?ssl=1&w=75&resize=75&ssl=1 75w, https:\/\/i2.wp.com\/www.interaccionnoticias.com.mx\/wp-content\/uploads\/2025\/06\/250626-Lluvias-arboles-Chilpancingo-1-1024x683.jpg?ssl=1&w=100&resize=100&ssl=1 100w, https:\/\/i2.wp.com\/www.interaccionnoticias.com.mx\/wp-content\/uploads\/2025\/06\/250626-Lluvias-arboles-Chilpancingo-1-1024x683.jpg?ssl=1&w=150&resize=150&ssl=1 150w, https:\/\/i2.wp.com\/www.interaccionnoticias.com.mx\/wp-content\/uploads\/2025\/06\/250626-Lluvias-arboles-Chilpancingo-1-1024x683.jpg?ssl=1&w=240&resize=240&ssl=1 240w, https:\/\/i2.wp.com\/www.interaccionnoticias.com.mx\/wp-content\/uploads\/2025\/06\/250626-Lluvias-arboles-Chilpancingo-1-1024x683.jpg?ssl=1&w=320&resize=320&ssl=1 320w, https:\/\/i2.wp.com\/www.interaccionnoticias.com.mx\/wp-content\/uploads\/2025\/06\/250626-Lluvias-arboles-Chilpancingo-1-1024x683.jpg?ssl=1&w=500&resize=500&ssl=1 500w, https:\/\/i2.wp.com\/www.interaccionnoticias.com.mx\/wp-content\/uploads\/2025\/06\/250626-Lluvias-arboles-Chilpancingo-1-1024x683.jpg?ssl=1&w=640&resize=640&ssl=1 640w, https:\/\/i2.wp.com\/www.interaccionnoticias.com.mx\/wp-content\/uploads\/2025\/06\/250626-Lluvias-arboles-Chilpancingo-1-1024x683.jpg?ssl=1&w=800&resize=800&ssl=1 800w, https:\/\/i2.wp.com\/www.interaccionnoticias.com.mx\/wp-content\/uploads\/2025\/06\/250626-Lluvias-arboles-Chilpancingo-1-1024x683.jpg?ssl=1&w=1024&resize=1024&ssl=1 1024w, https:\/\/i2.wp.com\/www.interaccionnoticias.com.mx\/wp-content\/uploads\/2025\/06\/250626-Lluvias-arboles-Chilpancingo-1-1024x683.jpg?ssl=1&w=1280&resize=1280&ssl=1 1280w, https:\/\/i2.wp.com\/www.interaccionnoticias.com.mx\/wp-content\/uploads\/2025\/06\/250626-Lluvias-arboles-Chilpancingo-1-1024x683.jpg?ssl=1&w=1600&resize=1600&ssl=1 1600w\" data-id=\"92956\" fifu-data-src=\"https:\/\/i2.wp.com\/www.interaccionnoticias.com.mx\/wp-content\/uploads\/2025\/06\/250626-Lluvias-arboles-Chilpancingo-1-1024x683.jpg?ssl=1\" alt=\"\" class=\"wp-image-92956\"\/><\/figure>\n\n\n\n<figure class=\"wp-block-image size-large\"><img decoding=\"async\" src=\"data:image\/gif;base64,R0lGODlhAQABAIAAAAAAAP\/\/\/ywAAAAAAQABAAACAUwAOw==\" fifu-lazy=\"1\" fifu-data-sizes=\"auto\" fifu-data-srcset=\"https:\/\/i1.wp.com\/www.interaccionnoticias.com.mx\/wp-content\/uploads\/2025\/06\/250626-Lluvias-arboles-Chilpancingo-2-1024x683.jpg?ssl=1&w=75&resize=75&ssl=1 75w, https:\/\/i1.wp.com\/www.interaccionnoticias.com.mx\/wp-content\/uploads\/2025\/06\/250626-Lluvias-arboles-Chilpancingo-2-1024x683.jpg?ssl=1&w=100&resize=100&ssl=1 100w, https:\/\/i1.wp.com\/www.interaccionnoticias.com.mx\/wp-content\/uploads\/2025\/06\/250626-Lluvias-arboles-Chilpancingo-2-1024x683.jpg?ssl=1&w=150&resize=150&ssl=1 150w, https:\/\/i1.wp.com\/www.interaccionnoticias.com.mx\/wp-content\/uploads\/2025\/06\/250626-Lluvias-arboles-Chilpancingo-2-1024x683.jpg?ssl=1&w=240&resize=240&ssl=1 240w, https:\/\/i1.wp.com\/www.interaccionnoticias.com.mx\/wp-content\/uploads\/2025\/06\/250626-Lluvias-arboles-Chilpancingo-2-1024x683.jpg?ssl=1&w=320&resize=320&ssl=1 320w, https:\/\/i1.wp.com\/www.interaccionnoticias.com.mx\/wp-content\/uploads\/2025\/06\/250626-Lluvias-arboles-Chilpancingo-2-1024x683.jpg?ssl=1&w=500&resize=500&ssl=1 500w, https:\/\/i1.wp.com\/www.interaccionnoticias.com.mx\/wp-content\/uploads\/2025\/06\/250626-Lluvias-arboles-Chilpancingo-2-1024x683.jpg?ssl=1&w=640&resize=640&ssl=1 640w, https:\/\/i1.wp.com\/www.interaccionnoticias.com.mx\/wp-content\/uploads\/2025\/06\/250626-Lluvias-arboles-Chilpancingo-2-1024x683.jpg?ssl=1&w=800&resize=800&ssl=1 800w, https:\/\/i1.wp.com\/www.interaccionnoticias.com.mx\/wp-content\/uploads\/2025\/06\/250626-Lluvias-arboles-Chilpancingo-2-1024x683.jpg?ssl=1&w=1024&resize=1024&ssl=1 1024w, https:\/\/i1.wp.com\/www.interaccionnoticias.com.mx\/wp-content\/uploads\/2025\/06\/250626-Lluvias-arboles-Chilpancingo-2-1024x683.jpg?ssl=1&w=1280&resize=1280&ssl=1 1280w, https:\/\/i1.wp.com\/www.interaccionnoticias.com.mx\/wp-content\/uploads\/2025\/06\/250626-Lluvias-arboles-Chilpancingo-2-1024x683.jpg?ssl=1&w=1600&resize=1600&ssl=1 1600w\" data-id=\"92955\" fifu-data-src=\"https:\/\/i1.wp.com\/www.interaccionnoticias.com.mx\/wp-content\/uploads\/2025\/06\/250626-Lluvias-arboles-Chilpancingo-2-1024x683.jpg?ssl=1\" alt=\"\" class=\"wp-image-92955\"\/><\/figure>\n<\/figure>\n","protected":false},"excerpt":{"rendered":"<p>&#8212; Se moviliza personal de Protecci\u00f3n Civil Cristina Serrano Chilpancingo, Gro., 26 de junio de 2025 \u2014 Las lluvias registradas durante las \u00faltimas horas en la capital del estado provocaron&hellip; <\/p>\n","protected":false},"author":34,"featured_media":92958,"comment_status":"open","ping_status":"open","sticky":false,"template":"","format":"standard","meta":{"fifu_image_url":"https:\/\/www.interaccionnoticias.com.mx\/wp-content\/uploads\/2025\/06\/250626-Lluvias-arboles-Chilpancingo-2.jpg","fifu_image_alt":"","footnotes":""},"categories":[13],"tags":[],"class_list":["post-92945","post","type-post","status-publish","format-standard","has-post-thumbnail","hentry","category-capital"],"_links":{"self":[{"href":"https:\/\/www.interaccionnoticias.com.mx\/index.php?rest_route=\/wp\/v2\/posts\/92945","targetHints":{"allow":["GET"]}}],"collection":[{"href":"https:\/\/www.interaccionnoticias.com.mx\/index.php?rest_route=\/wp\/v2\/posts"}],"about":[{"href":"https:\/\/www.interaccionnoticias.com.mx\/index.php?rest_route=\/wp\/v2\/types\/post"}],"author":[{"embeddable":true,"href":"https:\/\/www.interaccionnoticias.com.mx\/index.php?rest_route=\/wp\/v2\/users\/34"}],"replies":[{"embeddable":true,"href":"https:\/\/www.interaccionnoticias.com.mx\/index.php?rest_route=%2Fwp%2Fv2%2Fcomments&post=92945"}],"version-history":[{"count":2,"href":"https:\/\/www.interaccionnoticias.com.mx\/index.php?rest_route=\/wp\/v2\/posts\/92945\/revisions"}],"predecessor-version":[{"id":92957,"href":"https:\/\/www.interaccionnoticias.com.mx\/index.php?rest_route=\/wp\/v2\/posts\/92945\/revisions\/92957"}],"wp:featuredmedia":[{"embeddable":true,"href":"https:\/\/www.interaccionnoticias.com.mx\/index.php?rest_route=\/wp\/v2\/media\/92958"}],"wp:attachment":[{"href":"https:\/\/www.interaccionnoticias.com.mx\/index.php?rest_route=%2Fwp%2Fv2%2Fmedia&parent=92945"}],"wp:term":[{"taxonomy":"category","embeddable":true,"href":"https:\/\/www.interaccionnoticias.com.mx\/index.php?rest_route=%2Fwp%2Fv2%2Fcategories&post=92945"},{"taxonomy":"post_tag","embeddable":true,"href":"https:\/\/www.interaccionnoticias.com.mx\/index.php?rest_route=%2Fwp%2Fv2%2Ftags&post=92945"}],"curies":[{"name":"wp","href":"https:\/\/api.w.org\/{rel}","templated":true}]}}