{"id":92941,"date":"2025-06-26T17:01:32","date_gmt":"2025-06-26T23:01:32","guid":{"rendered":"https:\/\/www.interaccionnoticias.com.mx\/?p=92941"},"modified":"2025-06-26T17:01:33","modified_gmt":"2025-06-26T23:01:33","slug":"la-division-de-poderes-no-impide-trabajar-de-manera-coordinada-evelyn-salgado","status":"publish","type":"post","link":"https:\/\/www.interaccionnoticias.com.mx\/?p=92941","title":{"rendered":"La divisi\u00f3n de poderes no impide trabajar de manera coordinada: Evelyn Salgado"},"content":{"rendered":"\n<p><strong><em>&#8212; Acudi\u00f3 al evento conmemorativo al 174 aniversario del Tribunal Superior de Justicia de Guerrero<br>&#8212; \u201cEn Guerrero transformaci\u00f3n no significa ruptura\u201d, asegur\u00f3 la mandataria estatal<\/em><\/strong><\/p>\n\n\n\n<p><strong>Rosario Garc\u00eda Orozco<\/strong><\/p>\n\n\n\n<p>La gobernadora Evelyn Salgado Pineda asegur\u00f3 que la divisi\u00f3n de poderes no impide trabajar de manera coordinada, como sucede actualmente.<\/p>\n\n\n\n<p>La mandataria estatal acudi\u00f3 como invitada especial al evento conmemorativo al 174 aniversario de la creaci\u00f3n del Tribunal Superior de Justicia de Guerrero, donde sostuvo que a pesar de la reforma constitucional, el Poder Judicial seguir\u00e1 estando a la altura de su historia, \u201cporque en Guerrero la transformaci\u00f3n no significa ruptura\u201d.<\/p>\n\n\n\n<p>Enfatiz\u00f3 que en la actual administraci\u00f3n la divisi\u00f3n de poderes y la autonom\u00eda no ha sido impedimento para trabajar en coordinaci\u00f3n y con respeto con el poder Judicial y Legislativo.<\/p>\n\n\n\n<p>Del mismo modo reconoci\u00f3 el trabajo de los jueces y magistrados del Poder Judicial, doce de los cuales recibieron un reconocimiento por 25 y 35 a\u00f1os de servicio.<\/p>\n\n\n\n<p>Sostuvo que los integrantes del Poder Judicial son garantes de los derechos ciudadanos, y tienen un papel importante ante la sociedad porque son un contrapeso institucional \u00abdonde la ley se aplica con absoluta dignidad y en cercan\u00eda al pueblo guerrerense\u00bb.<\/p>\n\n\n\n<p>Salgado Pineda mencion\u00f3 que el trabajo del Poder Judicial es una promesa de que la ley tambi\u00e9n puede ser un refugio del Poder Ejecutivo y \u00abcomo mujer guerrerense reconozco el valor de este poder, hoy en este d\u00eda tan especial reconocemos su historia, su vocaci\u00f3n y las personas que le dan vida y legitimidad\u00bb.<\/p>\n\n\n\n<p>Consider\u00f3 que Guerrero requiere de un poder Judicial que est\u00e9 \u00abal lado del pueblo no por concesi\u00f3n, sino por vocaci\u00f3n de impartir justicia, garantizar derechos y dar certeza en medio de la incertidumbre\u00bb.<\/p>\n","protected":false},"excerpt":{"rendered":"<p>&#8212; Acudi\u00f3 al evento conmemorativo al 174 aniversario del Tribunal Superior de Justicia de Guerrero&#8212; \u201cEn Guerrero transformaci\u00f3n no significa ruptura\u201d, asegur\u00f3 la mandataria estatal Rosario Garc\u00eda Orozco La gobernadora&hellip; <\/p>\n","protected":false},"author":14,"featured_media":92944,"comment_status":"open","ping_status":"open","sticky":false,"template":"","format":"standard","meta":{"fifu_image_url":"https:\/\/www.interaccionnoticias.com.mx\/wp-content\/uploads\/2025\/06\/250626-Evelyn-Salgado-Pineda.jpg","fifu_image_alt":"","footnotes":""},"categories":[11],"tags":[],"class_list":["post-92941","post","type-post","status-publish","format-standard","has-post-thumbnail","hentry","category-guerrero"],"_links":{"self":[{"href":"https:\/\/www.interaccionnoticias.com.mx\/index.php?rest_route=\/wp\/v2\/posts\/92941","targetHints":{"allow":["GET"]}}],"collection":[{"href":"https:\/\/www.interaccionnoticias.com.mx\/index.php?rest_route=\/wp\/v2\/posts"}],"about":[{"href":"https:\/\/www.interaccionnoticias.com.mx\/index.php?rest_route=\/wp\/v2\/types\/post"}],"author":[{"embeddable":true,"href":"https:\/\/www.interaccionnoticias.com.mx\/index.php?rest_route=\/wp\/v2\/users\/14"}],"replies":[{"embeddable":true,"href":"https:\/\/www.interaccionnoticias.com.mx\/index.php?rest_route=%2Fwp%2Fv2%2Fcomments&post=92941"}],"version-history":[{"count":1,"href":"https:\/\/www.interaccionnoticias.com.mx\/index.php?rest_route=\/wp\/v2\/posts\/92941\/revisions"}],"predecessor-version":[{"id":92943,"href":"https:\/\/www.interaccionnoticias.com.mx\/index.php?rest_route=\/wp\/v2\/posts\/92941\/revisions\/92943"}],"wp:featuredmedia":[{"embeddable":true,"href":"https:\/\/www.interaccionnoticias.com.mx\/index.php?rest_route=\/wp\/v2\/media\/92944"}],"wp:attachment":[{"href":"https:\/\/www.interaccionnoticias.com.mx\/index.php?rest_route=%2Fwp%2Fv2%2Fmedia&parent=92941"}],"wp:term":[{"taxonomy":"category","embeddable":true,"href":"https:\/\/www.interaccionnoticias.com.mx\/index.php?rest_route=%2Fwp%2Fv2%2Fcategories&post=92941"},{"taxonomy":"post_tag","embeddable":true,"href":"https:\/\/www.interaccionnoticias.com.mx\/index.php?rest_route=%2Fwp%2Fv2%2Ftags&post=92941"}],"curies":[{"name":"wp","href":"https:\/\/api.w.org\/{rel}","templated":true}]}}