{"id":9289,"date":"2017-10-14T09:27:46","date_gmt":"2017-10-14T14:27:46","guid":{"rendered":"http:\/\/www.inter-accion.com.mx\/?p=9289"},"modified":"2017-10-14T09:27:46","modified_gmt":"2017-10-14T14:27:46","slug":"en-emboscada-matan-a-dos-autodefensas-del-fusdeg-y-dejan-a-dos-heridos","status":"publish","type":"post","link":"https:\/\/www.interaccionnoticias.com.mx\/?p=9289","title":{"rendered":"En emboscada, matan a dos autodefensas del FUSDEG y dejan a dos heridos"},"content":{"rendered":"<p><br \/>\n<strong>Padre e hijo, las victimas mortales<\/strong><br \/>\nUna emboscada contra integrantes del Frente Unido por la Seguridad y el Desarrollo Social del Estado de Guerrero (FUSDEG) dej\u00f3 el saldo de tres muertos; dos polic\u00edas ciudadanos y un civil, adem\u00e1s de dos heridos y<br \/>\ny una mujer ilesa, en la carretera que va de la comunidad de La Palma hacia la cabecera municipal de Juan R. Escudero, en la regi\u00f3n Centro del estado.<br \/>\nLa madrugada del s\u00e1bado 14 de octubre, el vocero del Grupo de Coordinaci\u00f3n Guerrero (GCG), Roberto Alvarez Heredia confirm\u00f3 que la emboscada se consum\u00f3 alrededor de las 22:25 horas del viernes 13, seg\u00fan el reporte que la Polic\u00eda del Estado recibi\u00f3 al n\u00famero de emergencias 911.<br \/>\nEl aviso de los hechos se hizo desde la comandancia del FUSDEG, en una llamada telef\u00f3nica en la que se indic\u00f3 que los integrantes del FUSDEG se trasladaban en una camioneta Nissan, sin placas de circulaci\u00f3n, de la cabecera municipal hacia la comunidad de La Palma.&nbsp;&nbsp;<br \/>\nLos polic\u00edas ciudadanos detuvieron la unidad porque se encontraron con un cami\u00f3n tipo torton color blanco, mismo que fue atravesado sobre la carretera para obligarlos de detenerse.<br \/>\nCuando los integrantes del FUSDEG bajaron para revisar la unidad fueron atacados a balazos por desconocidos que los esperaban ocultos en la maleza.<br \/>\nEn los hechos murieron Esa\u00fa Nava Deloya, de 58 a\u00f1os de edad y su hijo Javier de 16.<br \/>\nResultaron heridos Juan Pablo \u201cN\u201d de 30 a\u00f1os y una mujer, al parecer tambi\u00e9n hija de Esa\u00fa Nava, que en el FUSDEG era conocido tambi\u00e9n bajo el alias de \u201cComandante C\u00e1ncer\u201d.&nbsp;&nbsp;<br \/>\nUna quinta ocupante de la unidad, cuya identidad se mantiene bajo reserva result\u00f3 ilesa.<br \/>\nUna vez que se presentaron al lugar, elementos de la Polic\u00eda del Estado localizaron a una tercera victima mortal, era un hombre al que varios testigos se\u00f1alaron como conductor del cami\u00f3n que fue atravesado para frenar la marcha de los autodefensas del FUSDEG.<br \/>\nEl hombre, que permanece en calidad de desconocido fue despojado de la unidad y asesinado antes de que se consumara la emboscada.<br \/>\nLos integrantes del FUSDEG que murieron en el hechos vest\u00edan ropas camufladas, ten\u00edan en su poder un fusil&nbsp;&nbsp;AR-15 y una escopeta.&nbsp;&nbsp;&nbsp;<br \/>\nLa camioneta en la que se trasladaban ten\u00eda camuflaje improvisado con pintura de aerosol.&nbsp;&nbsp;&nbsp;<br \/>\nLa polic\u00eda estatal asegur\u00f3 el \u00e1rea con la intenci\u00f3n de permitir que peritos de la Fiscal\u00eda General de Justicia (FGE) realizaran las primeras diligencias, despu\u00e9s arrib\u00f3 personal del Servicio M\u00e9dico Forense para levantar los cad\u00e1veres.&nbsp;&nbsp;&nbsp;&nbsp;&nbsp;&nbsp;<br \/>\nLos dos&nbsp;heridos fueron protegidos por la polic\u00eda ministerial y trasladados hacia la cabecera municipal, en donde fueron atendidos de las heridas de bala que presentaban.<br \/>\nDe acuerdo con el vocero del GCG, la polic\u00eda del estado realiza patrullajes para evitar m\u00e1s hechos de violencia en la zona.<br \/>\nEl 29 de septiembre, la comandancia del FUSDEG en Tierra Colorada fue atacada por desconocidos, que utilizaron rifles AR-15, AK-47 y dos granadas de fragmentaci\u00f3n, el saldo fue de por lo menos un comandante muerto.<br \/>\nEse d\u00eda, los representantes del frente se\u00f1alaron como responsables del ataque a integrantes de la Uni\u00f3n de Pueblos y Organizaciones del Estado de Guerrero (UPOEG), pero los dirigentes de dicha organizaci\u00f3n rechazaron dicha versi\u00f3n.<\/p>\n","protected":false},"excerpt":{"rendered":"<p>Padre e hijo, las victimas mortales Una emboscada contra integrantes del Frente Unido por la Seguridad y el Desarrollo Social del Estado de Guerrero (FUSDEG) dej\u00f3 el saldo de tres&hellip; <\/p>\n","protected":false},"author":1,"featured_media":0,"comment_status":"closed","ping_status":"closed","sticky":false,"template":"","format":"standard","meta":{"fifu_image_url":"","fifu_image_alt":"","footnotes":""},"categories":[8,27],"tags":[],"class_list":["post-9289","post","type-post","status-publish","format-standard","hentry","category-featured","category-seguridad-publica"],"_links":{"self":[{"href":"https:\/\/www.interaccionnoticias.com.mx\/index.php?rest_route=\/wp\/v2\/posts\/9289","targetHints":{"allow":["GET"]}}],"collection":[{"href":"https:\/\/www.interaccionnoticias.com.mx\/index.php?rest_route=\/wp\/v2\/posts"}],"about":[{"href":"https:\/\/www.interaccionnoticias.com.mx\/index.php?rest_route=\/wp\/v2\/types\/post"}],"author":[{"embeddable":true,"href":"https:\/\/www.interaccionnoticias.com.mx\/index.php?rest_route=\/wp\/v2\/users\/1"}],"replies":[{"embeddable":true,"href":"https:\/\/www.interaccionnoticias.com.mx\/index.php?rest_route=%2Fwp%2Fv2%2Fcomments&post=9289"}],"version-history":[{"count":0,"href":"https:\/\/www.interaccionnoticias.com.mx\/index.php?rest_route=\/wp\/v2\/posts\/9289\/revisions"}],"wp:attachment":[{"href":"https:\/\/www.interaccionnoticias.com.mx\/index.php?rest_route=%2Fwp%2Fv2%2Fmedia&parent=9289"}],"wp:term":[{"taxonomy":"category","embeddable":true,"href":"https:\/\/www.interaccionnoticias.com.mx\/index.php?rest_route=%2Fwp%2Fv2%2Fcategories&post=9289"},{"taxonomy":"post_tag","embeddable":true,"href":"https:\/\/www.interaccionnoticias.com.mx\/index.php?rest_route=%2Fwp%2Fv2%2Ftags&post=9289"}],"curies":[{"name":"wp","href":"https:\/\/api.w.org\/{rel}","templated":true}]}}