{"id":9285,"date":"2017-10-13T18:20:04","date_gmt":"2017-10-13T23:20:04","guid":{"rendered":"http:\/\/www.inter-accion.com.mx\/?p=9285"},"modified":"2017-10-13T18:20:04","modified_gmt":"2017-10-13T23:20:04","slug":"niega-el-gobierno-plagio-de-dos-jovencitas-de-chilpancingo","status":"publish","type":"post","link":"https:\/\/www.interaccionnoticias.com.mx\/?p=9285","title":{"rendered":"Niega el gobierno plagio de dos jovencitas de Chilpancingo"},"content":{"rendered":"<p><strong>Ambas se trasladaron por su propia cuenta para Cuernavaca<\/strong><br \/>\nEl Gobierno estatal rechaz\u00f3 la versi\u00f3n dada a conocer en el sentido de que dos jovencitas fueron desaparecidas en Chilpancingo y liberadas en Cuernavaca Morelos, como se manej\u00f3 durante los d\u00edas mi\u00e9rcoles y jueves de la presente semana.<br \/>\nV\u00eda comunicado, el vocero oficial del Grupo de Coordinaci\u00f3n Guerrero (GCG), Roberto Alvarez Heredia manifest\u00f3 que F\u00e1tima \u201cN\u201d y M\u00f3nica \u201cN\u201d, quienes fueron localizadas la tarde-noche del jueves 12 de octubre en Cuernavaca Morelos, ya est\u00e1n bajo el resguardo de sus familias completamente sanas y salvas.<br \/>\nAunque en el caso de \u201cF\u00e1tima\u201d se activ\u00f3 la alerta Amber, y en el de M\u00f3nica se realiz\u00f3 una marcha en las calles de la capital de Guerrero, el vocero hizo hincapi\u00e9 en que ambas \u201cno fueron privadas de la libertad y por voluntad propia se trasladaron a la ciudad de Cuernavaca\u201d.<br \/>\nRecord\u00f3 que una vez que se supo de la desaparici\u00f3n de ambas j\u00f3venes, las autoridades activaron los protocolos de b\u00fasqueda y localizaci\u00f3n para personas no localizadas, adem\u00e1s de que se estableci\u00f3 la coordinaci\u00f3n necesaria entre las instituciones de seguridad de Guerrero y Morelos.<\/p>\n","protected":false},"excerpt":{"rendered":"<p>Ambas se trasladaron por su propia cuenta para Cuernavaca El Gobierno estatal rechaz\u00f3 la versi\u00f3n dada a conocer en el sentido de que dos jovencitas fueron desaparecidas en Chilpancingo y&hellip; <\/p>\n","protected":false},"author":1,"featured_media":0,"comment_status":"closed","ping_status":"closed","sticky":false,"template":"","format":"standard","meta":{"fifu_image_url":"","fifu_image_alt":"","footnotes":""},"categories":[13,8],"tags":[],"class_list":["post-9285","post","type-post","status-publish","format-standard","hentry","category-capital","category-featured"],"_links":{"self":[{"href":"https:\/\/www.interaccionnoticias.com.mx\/index.php?rest_route=\/wp\/v2\/posts\/9285","targetHints":{"allow":["GET"]}}],"collection":[{"href":"https:\/\/www.interaccionnoticias.com.mx\/index.php?rest_route=\/wp\/v2\/posts"}],"about":[{"href":"https:\/\/www.interaccionnoticias.com.mx\/index.php?rest_route=\/wp\/v2\/types\/post"}],"author":[{"embeddable":true,"href":"https:\/\/www.interaccionnoticias.com.mx\/index.php?rest_route=\/wp\/v2\/users\/1"}],"replies":[{"embeddable":true,"href":"https:\/\/www.interaccionnoticias.com.mx\/index.php?rest_route=%2Fwp%2Fv2%2Fcomments&post=9285"}],"version-history":[{"count":0,"href":"https:\/\/www.interaccionnoticias.com.mx\/index.php?rest_route=\/wp\/v2\/posts\/9285\/revisions"}],"wp:attachment":[{"href":"https:\/\/www.interaccionnoticias.com.mx\/index.php?rest_route=%2Fwp%2Fv2%2Fmedia&parent=9285"}],"wp:term":[{"taxonomy":"category","embeddable":true,"href":"https:\/\/www.interaccionnoticias.com.mx\/index.php?rest_route=%2Fwp%2Fv2%2Fcategories&post=9285"},{"taxonomy":"post_tag","embeddable":true,"href":"https:\/\/www.interaccionnoticias.com.mx\/index.php?rest_route=%2Fwp%2Fv2%2Ftags&post=9285"}],"curies":[{"name":"wp","href":"https:\/\/api.w.org\/{rel}","templated":true}]}}