{"id":92845,"date":"2025-06-25T13:31:45","date_gmt":"2025-06-25T19:31:45","guid":{"rendered":"https:\/\/www.interaccionnoticias.com.mx\/?p=92845"},"modified":"2025-06-25T13:31:47","modified_gmt":"2025-06-25T19:31:47","slug":"desechara-el-congreso-de-guerrero-juicio-de-procedencia-solicitado-contra-un-presidente-municipal","status":"publish","type":"post","link":"https:\/\/www.interaccionnoticias.com.mx\/?p=92845","title":{"rendered":"Desechar\u00e1 el Congreso de Guerrero juicio de procedencia solicitado contra un presidente municipal"},"content":{"rendered":"\n<p><strong><em>&#8212; La Fiscal\u00eda no aport\u00f3 los elementos necesarios, dice la Comisi\u00f3n Instructora<\/em><\/strong><\/p>\n\n\n\n<p><strong>Rogelio Agust\u00edn<\/strong><\/p>\n\n\n\n<p>El presidente de la Comisi\u00f3n Instructora del Congreso local, Arturo \u00c1lvarez Angli anticip\u00f3 que el juicio de procedencia solicitado por la Fiscal\u00eda General del Estado (FGE) en contra de un presidente municipal ser\u00e1 desechado \u00abpor falta de elementos\u00bb.<\/p>\n\n\n\n<p>\u00c1lvarez Angli confirm\u00f3 que la Comisi\u00f3n Instructora se ha reunido para analizar el caso, en el que insisti\u00f3 en que la identidad de la parte acusada se va a mantener en secreto.<\/p>\n\n\n\n<p>Manifest\u00f3 que ya esta listo un dictamen que en los pr\u00f3ximos d\u00edas ser\u00e1 puesto a consideraci\u00f3n del pleno, ya que no ser\u00e1 necesario entrar al desahogo de pruebas ni se convocar\u00e1 al primer edil cuya separaci\u00f3n del cargo requiri\u00f3 la FGE.<\/p>\n\n\n\n<p>\u00abEl tema ya se analiz\u00f3 y con los elementos que existen vamos a estar en condiciones de resolver\u00bb, anot\u00f3 el legislador del PVEM.<\/p>\n\n\n\n<p>Y confirm\u00f3: \u00abNo es procedente, no cuenta con los elementos necesarios para avanzar, por m\u00e1s que hemos buscado la manera de dictaminar en funci\u00f3n a lo que se nos present\u00f3\u00bb.<\/p>\n\n\n\n<p>Sin embargo, manifest\u00f3 que la FGE estar\u00e1 en condiciones de volver a presentar otro recurso en contra del mismo presidente municipal, pero con el cuidado de aportar los elementos suficientes para que proceda.<\/p>\n\n\n\n<p>Insisti\u00f3 en la necesidad de mantener a reserva la identidad del primer edil acusado, ya que entre otras cosas, est\u00e1 sujeto a una carpeta de investigaci\u00f3n iniciada por la Fiscal\u00eda de Guerrero.<\/p>\n","protected":false},"excerpt":{"rendered":"<p>&#8212; La Fiscal\u00eda no aport\u00f3 los elementos necesarios, dice la Comisi\u00f3n Instructora Rogelio Agust\u00edn El presidente de la Comisi\u00f3n Instructora del Congreso local, Arturo \u00c1lvarez Angli anticip\u00f3 que el juicio&hellip; <\/p>\n","protected":false},"author":21,"featured_media":92848,"comment_status":"open","ping_status":"open","sticky":false,"template":"","format":"standard","meta":{"fifu_image_url":"https:\/\/www.interaccionnoticias.com.mx\/wp-content\/uploads\/2025\/06\/250625-Arturo-Alvarez-Angli.jpg","fifu_image_alt":"","footnotes":""},"categories":[2],"tags":[],"class_list":["post-92845","post","type-post","status-publish","format-standard","has-post-thumbnail","hentry","category-congreso"],"_links":{"self":[{"href":"https:\/\/www.interaccionnoticias.com.mx\/index.php?rest_route=\/wp\/v2\/posts\/92845","targetHints":{"allow":["GET"]}}],"collection":[{"href":"https:\/\/www.interaccionnoticias.com.mx\/index.php?rest_route=\/wp\/v2\/posts"}],"about":[{"href":"https:\/\/www.interaccionnoticias.com.mx\/index.php?rest_route=\/wp\/v2\/types\/post"}],"author":[{"embeddable":true,"href":"https:\/\/www.interaccionnoticias.com.mx\/index.php?rest_route=\/wp\/v2\/users\/21"}],"replies":[{"embeddable":true,"href":"https:\/\/www.interaccionnoticias.com.mx\/index.php?rest_route=%2Fwp%2Fv2%2Fcomments&post=92845"}],"version-history":[{"count":1,"href":"https:\/\/www.interaccionnoticias.com.mx\/index.php?rest_route=\/wp\/v2\/posts\/92845\/revisions"}],"predecessor-version":[{"id":92847,"href":"https:\/\/www.interaccionnoticias.com.mx\/index.php?rest_route=\/wp\/v2\/posts\/92845\/revisions\/92847"}],"wp:featuredmedia":[{"embeddable":true,"href":"https:\/\/www.interaccionnoticias.com.mx\/index.php?rest_route=\/wp\/v2\/media\/92848"}],"wp:attachment":[{"href":"https:\/\/www.interaccionnoticias.com.mx\/index.php?rest_route=%2Fwp%2Fv2%2Fmedia&parent=92845"}],"wp:term":[{"taxonomy":"category","embeddable":true,"href":"https:\/\/www.interaccionnoticias.com.mx\/index.php?rest_route=%2Fwp%2Fv2%2Fcategories&post=92845"},{"taxonomy":"post_tag","embeddable":true,"href":"https:\/\/www.interaccionnoticias.com.mx\/index.php?rest_route=%2Fwp%2Fv2%2Ftags&post=92845"}],"curies":[{"name":"wp","href":"https:\/\/api.w.org\/{rel}","templated":true}]}}